{"id":11121,"date":"2025-11-24T12:19:45","date_gmt":"2025-11-24T11:19:45","guid":{"rendered":"https:\/\/commercialaudio.pl\/?p=11121"},"modified":"2025-11-24T12:19:46","modified_gmt":"2025-11-24T11:19:46","slug":"nowe-subwoofery-studyjne-atc-loudspeakers","status":"publish","type":"post","link":"https:\/\/commercialaudio.pl\/cs\/nowe-subwoofery-studyjne-atc-loudspeakers\/","title":{"rendered":"Nov\u00e9 15\u201d studiov\u00e9 subwoofery od ATC Loudspeakers v aktivn\u00edm a instala\u010dn\u00edm proveden\u00ed."},"content":{"rendered":"<figure class=\"wp-block-image size-full\"><img loading=\"lazy\" decoding=\"async\" width=\"15491\" height=\"12050\" src=\"https:\/\/commercialaudio.pl\/wp-content\/uploads\/2025\/11\/commercial_audio_ATC_SCS120_Pro_Feature-Image_1.jpg\" alt=\"\" class=\"wp-image-11107\"\/><\/figure>\n\n\n\n<p class=\"wp-block-paragraph\">Spole\u010dnost <a href=\"https:\/\/atc.audio\/professional\/\">ATC Loudspeakers<\/a> s hrdost\u00ed p\u0159edstavuje dva nov\u00e9 vysoce v\u00fdkonn\u00e9 aktivn\u00ed studiov\u00e9 subwoofery o pr\u016fm\u011bru 15\u2033\/375 mm: SCS120 Pro a SCS120iW Pro. Tyto dva nov\u00e9 modely o velikosti 15\u2033\/375 mm nab\u00edzej\u00ed funkce 12\u2033\/314 mm subwooferu SCS70 Pro, kter\u00fd byl uveden na trh v roce 2022, av\u0161ak s v\u011bt\u0161\u00edm dynamick\u00fdm rozsahem a headroomem a roz\u0161\u00ed\u0159enou odezvou v n\u00edzk\u00fdch frekvenc\u00edch. D\u00edky sv\u00e9mu v\u00fdkonu a funkc\u00edm se ide\u00e1ln\u011b hod\u00ed pro stereo, v\u00edcekan\u00e1lov\u00fd prostorov\u00fd zvuk a imerzivn\u00ed zvukov\u00e9 form\u00e1ty, jako je Dolby Atmos. Model SCS120 Pro byl navr\u017een pro voln\u011b stoj\u00edc\u00ed instalaci, zat\u00edmco model SCS120iW Pro disponuje funkcemi ide\u00e1ln\u00edmi pro zapu\u0161t\u011bnou nebo n\u00e1st\u011bnnou mont\u00e1\u017e.<\/p>\n\n\n\n<hr class=\"wp-block-separator has-alpha-channel-opacity\"\/>\n\n\n\n<div class=\"wp-block-buttons is-content-justification-center is-layout-flex wp-container-core-buttons-is-layout-fe48e5de wp-block-buttons-is-layout-flex\">\n<div class=\"wp-block-button\"><a class=\"wp-block-button__link has-text-align-center wp-element-button\" href=\"https:\/\/commercialaudio.pl\/cs\/produkt\/aktywny-subwoofer-atc-scs120-pro\/\" target=\"_blank\" rel=\"noreferrer noopener\">Seznamte se s modelem SCS120 Pro<\/a><\/div>\n\n\n\n<div class=\"wp-block-button\"><a class=\"wp-block-button__link has-text-align-center wp-element-button\" href=\"https:\/\/commercialaudio.pl\/cs\/produkt\/instalacyjny-subwoofer-atc-scs120iw\/\" target=\"_blank\" rel=\"noreferrer noopener\">Seznamte se s modelem SCS120iW Pro<\/a><\/div>\n<\/div>\n\n\n\n<figure class=\"wp-block-image size-large\"><img loading=\"lazy\" decoding=\"async\" width=\"1024\" height=\"803\" src=\"https:\/\/commercialaudio.pl\/wp-content\/uploads\/2025\/11\/commercial_audio_ATC_SCS120iW-Pro_Front_5940px-1024x803.jpg\" alt=\"\" class=\"wp-image-11116\" srcset=\"https:\/\/commercialaudio.pl\/wp-content\/uploads\/2025\/11\/commercial_audio_ATC_SCS120iW-Pro_Front_5940px-980x768.jpg 980w, https:\/\/commercialaudio.pl\/wp-content\/uploads\/2025\/11\/commercial_audio_ATC_SCS120iW-Pro_Front_5940px-480x376.jpg 480w\" sizes=\"(min-width: 0px) and (max-width: 480px) 480px, (min-width: 481px) and (max-width: 980px) 980px, (min-width: 981px) 1024px, 100vw\" \/><\/figure>\n\n\n\n<p class=\"wp-block-paragraph\">Oba subwoofery jsou vybaveny nov\u00fdm 15palcov\u00fdm\/375 mm subbasov\u00fdm m\u011bni\u010dem, kter\u00fd je vylep\u0161enou verz\u00ed 12palcov\u00e9ho\/314 mm m\u011bni\u010de pou\u017eit\u00e9ho v subwooferu SCS70. Tento v\u00fdjime\u010dn\u00fd nov\u00fd m\u011bni\u010d byl vyvinut v\u00fdzkumn\u00fdm a v\u00fdvojov\u00fdm t\u00fdmem spole\u010dnosti ATC a je ru\u010dn\u011b vyr\u00e1b\u011bn v z\u00e1vod\u011b spole\u010dnosti v Gloucestershire ve Velk\u00e9 Brit\u00e1nii. S klesaj\u00edc\u00ed frekvenc\u00ed je pro udr\u017een\u00ed ur\u010dit\u00e9 \u00farovn\u011b hlasitosti nutn\u00e9 p\u0159em\u00edstit v\u011bt\u0161\u00ed objem vzduchu, \u010deho\u017e lze dos\u00e1hnout zv\u011bt\u0161en\u00edm plochy membr\u00e1ny, v\u011bt\u0161\u00edm zdvihem m\u011bni\u010de nebo kombinac\u00ed t\u011bchto dvou faktor\u016f. V\u00fdsledkem je, \u017ee nov\u00fd m\u011bni\u010d kombinuje nejnov\u011bj\u0161\u00ed magnetick\u00fd syst\u00e9m ATC s kr\u00e1tkou c\u00edvkou a dlouhou mezerou \u2013 optimalizovan\u00fd pro reprodukci subbasu \u2013 s novou kompozitn\u00ed membr\u00e1nou z uhl\u00edkov\u00e9ho pap\u00edru o pr\u016fm\u011bru 15 palc\u016f\/375 mm, co\u017e zaji\u0161\u0165uje zv\u00fd\u0161en\u00fd dynamick\u00fd rozsah, roz\u0161\u00ed\u0159enou frekven\u010dn\u00ed charakteristiku v oblasti n\u00edzk\u00fdch frekvenc\u00ed a velmi n\u00edzk\u00e1 zkreslen\u00ed od 120 Hz do m\u00e9n\u011b ne\u017e 20 Hz. D\u00edky pe\u010dliv\u00e9 optimalizaci proud\u011bn\u00ed vzduchu v konstrukci motoru je hluk zp\u016fsoben\u00fd turbulencemi vzduchu v m\u011bni\u010di minimalizov\u00e1n a dal\u0161\u00ed v\u00fdhodou je lep\u0161\u00ed chlazen\u00ed c\u00edvky a magnetick\u00e9ho syst\u00e9mu.<\/p>\n\n\n\n<figure class=\"wp-block-image size-large\"><img loading=\"lazy\" decoding=\"async\" width=\"1024\" height=\"801\" src=\"https:\/\/commercialaudio.pl\/wp-content\/uploads\/2025\/11\/commercial_audio_ATC_SCS120_Pro_Rear_5940px-1024x801.jpg\" alt=\"\" class=\"wp-image-11108\" srcset=\"https:\/\/commercialaudio.pl\/wp-content\/uploads\/2025\/11\/commercial_audio_ATC_SCS120_Pro_Rear_5940px-980x766.jpg 980w, https:\/\/commercialaudio.pl\/wp-content\/uploads\/2025\/11\/commercial_audio_ATC_SCS120_Pro_Rear_5940px-480x375.jpg 480w\" sizes=\"(min-width: 0px) and (max-width: 480px) 480px, (min-width: 481px) and (max-width: 980px) 980px, (min-width: 981px) 1024px, 100vw\" \/><\/figure>\n\n\n\n<p class=\"wp-block-paragraph\">Subwoofery SCS120 Pro zaji\u0161\u0165uj\u00ed roz\u0161\u00ed\u0159en\u00fd frekven\u010dn\u00ed rozsah v oblasti n\u00edzk\u00fdch frekvenc\u00ed bez slo\u017eit\u00e9 elektronick\u00e9 korekce \u010di zpracov\u00e1n\u00ed. M\u00edsto toho bylo pou\u017eito elegantn\u011bj\u0161\u00ed \u0159e\u0161en\u00ed spo\u010d\u00edvaj\u00edc\u00ed v kombinaci v\u00fdjime\u010dn\u00e9 konstrukce m\u011bni\u010de a m\u00edrn\u011b v\u011bt\u0161\u00edho objemu sk\u0159\u00edn\u011b. Jednoduchost tohoto \u0159e\u0161en\u00ed sni\u017euje f\u00e1zov\u00fd posun a skupinov\u00e9 zpo\u017ed\u011bn\u00ed, co\u017e usnad\u0148uje integraci subwooferu s kompatibiln\u00edmi monitorov\u00fdmi reproduktory. To v kone\u010dn\u00e9m d\u016fsledku poskytuje poslucha\u010di vyv\u00e1\u017een\u011bj\u0161\u00ed a soudr\u017en\u011bj\u0161\u00ed z\u00e1\u017eitek a nab\u00edz\u00ed jak roz\u0161\u00ed\u0159enou odezvu v n\u00edzkofrekven\u010dn\u00edm p\u00e1smu, tak i v\u00fdjime\u010dnou \u010distotu v horn\u00edm basov\u00e9m a doln\u00edm st\u0159edn\u00edm p\u00e1smu.<\/p>\n\n\n\n<figure class=\"wp-block-image size-large\"><img loading=\"lazy\" decoding=\"async\" width=\"1024\" height=\"798\" src=\"https:\/\/commercialaudio.pl\/wp-content\/uploads\/2025\/11\/commercial_audio_ATC_R1-300_PRO_SMT_5940px-1024x798.jpg\" alt=\"\" class=\"wp-image-11113\" srcset=\"https:\/\/commercialaudio.pl\/wp-content\/uploads\/2025\/11\/commercial_audio_ATC_R1-300_PRO_SMT_5940px-980x764.jpg 980w, https:\/\/commercialaudio.pl\/wp-content\/uploads\/2025\/11\/commercial_audio_ATC_R1-300_PRO_SMT_5940px-480x374.jpg 480w\" sizes=\"(min-width: 0px) and (max-width: 480px) 480px, (min-width: 481px) and (max-width: 980px) 980px, (min-width: 981px) 1024px, 100vw\" \/><\/figure>\n\n\n\n<p class=\"wp-block-paragraph\">Zesilova\u010d je za\u0159\u00edzen\u00ed t\u0159\u00eddy AB s v\u00fdkonem 300 W, ru\u010dn\u011b vyr\u00e1b\u011bn\u00e9 spole\u010dnost\u00ed ATC v jej\u00edm z\u00e1vod\u011b ve Velk\u00e9 Brit\u00e1nii a precizn\u011b optimalizovan\u00e9 s ohledem na po\u017eadavky reproduktoru, co\u017e zaji\u0161\u0165uje rychl\u00e9 a dynamick\u00e9 basy. Dva symetrick\u00e9 vstupy zaji\u0161\u0165uj\u00ed p\u0159ipojen\u00ed jak pro stereofonn\u00ed syst\u00e9my, tak pro v\u00edcekan\u00e1lov\u00e9\/imersivn\u00ed audio syst\u00e9my, zat\u00edmco dva symetrick\u00e9 v\u00fdstupy umo\u017e\u0148uj\u00ed p\u0159ipojen\u00ed monitorov\u00fdch reproduktor\u016f nebo s\u00e9riov\u00e9 propojen\u00ed v\u00edce subwoofer\u016f. N\u00edzkop\u00e1smov\u00e9 filtry jsou analogov\u00e9, \u010dtvrt\u00e9ho \u0159\u00e1du typu Linkwitz-Riley, a mo\u017enosti nastaven\u00ed frekvence zaji\u0161\u0165uj\u00ed optim\u00e1ln\u00ed integraci s \u0161irokou \u0161k\u00e1lou studiov\u00fdch monitor\u016f. K dispozici jsou nav\u00edc i v oboru standardn\u00ed dolnop\u00e1smov\u00e9 filtry 80 Hz a nastaven\u00ed \u201ebypass\u201d (pro pou\u017eit\u00ed s extern\u00edm zpracov\u00e1n\u00edm). P\u0159ep\u00edna\u010d polarity a plynul\u00e9 nastaven\u00ed v rozsahu 180\u00b0 umo\u017e\u0148uj\u00ed dal\u0161\u00ed optimalizaci rozd\u011blen\u00ed frekvenc\u00ed subwooferu, zat\u00edmco plynul\u00fd \u00fatlum v rozsahu 21 dB zaji\u0161\u0165uje p\u0159esn\u00e9 p\u0159izp\u016fsoben\u00ed \u00farovn\u011b. V\u00fdstup zesilova\u010de SCS120 Pro lze ztlumit pomoc\u00ed jedin\u00e9ho no\u017en\u00edho sp\u00edna\u010de p\u0159ipojen\u00e9ho ke vstupn\u00ed z\u00e1suvce pro ztlumen\u00ed \u00bc\u201d \/ 6,35 mm. Dal\u0161\u00ed subwoofery lze ztlumit pomoc\u00ed stejn\u00e9ho no\u017en\u00edho sp\u00edna\u010de p\u0159ipojen\u00e9ho ke konektoru pro ztlumen\u00ed \u201eThru\u201d.<\/p>\n\n\n\n<figure class=\"wp-block-image size-large\"><img loading=\"lazy\" decoding=\"async\" width=\"1024\" height=\"796\" src=\"https:\/\/commercialaudio.pl\/wp-content\/uploads\/2025\/11\/commercial_audio_ATC_SCS120iW_Pro_30_Deg_5940px-1024x796.jpg\" alt=\"\" class=\"wp-image-11117\" srcset=\"https:\/\/commercialaudio.pl\/wp-content\/uploads\/2025\/11\/commercial_audio_ATC_SCS120iW_Pro_30_Deg_5940px-980x762.jpg 980w, https:\/\/commercialaudio.pl\/wp-content\/uploads\/2025\/11\/commercial_audio_ATC_SCS120iW_Pro_30_Deg_5940px-480x373.jpg 480w\" sizes=\"(min-width: 0px) and (max-width: 480px) 480px, (min-width: 481px) and (max-width: 980px) 980px, (min-width: 981px) 1024px, 100vw\" \/><\/figure>\n\n\n\n<p class=\"wp-block-paragraph\">SCS120iW Pro (in-wall) je optimalizov\u00e1n pro mont\u00e1\u017e do st\u011bny a m\u00e1 plo\u0161\u0161\u00ed kryt a zapu\u0161t\u011bn\u00fd panel vstupn\u00edch konektor\u016f, aby se maximalizovala podlahov\u00e1 plocha. P\u0159ilo\u017een\u00fd zesilova\u010d R1-300 Pro pro vzd\u00e1lenou mont\u00e1\u017e 7U\/19\u201d poskytuje u\u017eivateli flexibilitu p\u0159i instalaci zesilova\u010de v bl\u00edzkosti subwooferu do p\u0159\u00edslu\u0161n\u00e9 st\u011bny, do rozvad\u011b\u010de nebo do strojovny. Propojen\u00ed mezi subwooferem pro mont\u00e1\u017e do st\u011bny a vzd\u00e1len\u00fdm zesilova\u010dem se prov\u00e1d\u00ed pomoc\u00ed reproduktorov\u00e9ho kabelu NL4 a 5pinov\u00e9ho kabelu XLR (prod\u00e1vaj\u00ed se samostatn\u011b a jsou k dispozici v r\u016fzn\u00fdch d\u00e9lk\u00e1ch). D\u00edky sv\u00fdm rozm\u011br\u016fm a v\u00fdkonu jsou modely SCM120 Pro a SCS120iW Pro p\u0159irozen\u00fdmi partnery pro studiov\u00e9 monitory ATC SCM100\/110\/150A Pro. Pro zv\u00fd\u0161en\u00ed v\u00fdkonu, ozvu\u010den\u00ed v\u011bt\u0161\u00edch prostor a v kombinaci s v\u011bt\u0161\u00edmi modely reproduktor\u016f, jako jsou hlavn\u00ed monitory ATC SCM200\/300A Pro, lze pou\u017e\u00edt v\u00edce subwoofer\u016f. Bufferovan\u00e9 vstupy a v\u00fdstupy usnad\u0148uj\u00ed p\u0159ipojen\u00ed v\u00edce subwoofer\u016f, stejn\u011b jako tlumic\u00ed obvod. Form\u00e1ty prostorov\u00e9ho a imerzivn\u00edho zvuku mohou b\u00fdt pro subwoofery obzvl\u00e1\u0161t\u011b n\u00e1ro\u010dn\u00e9 a tyto dva nov\u00e9 modely nab\u00edzej\u00ed lep\u0161\u00ed dynamick\u00fd rozsah ve srovn\u00e1n\u00ed s 12palcov\u00fdm\/314 mm modelem SCS70 a modelem SCM0.1\/15, kter\u00fd se ji\u017e nevyr\u00e1b\u00ed. Doporu\u010dujeme pou\u017e\u00edvat n\u00e1stroj Dolby Audio Room Design Tool (DARDT) jako pom\u016fcku p\u0159i navrhov\u00e1n\u00ed monitorovac\u00edch syst\u00e9m\u016f ATC pro Dolby Atmos, aby byla zaji\u0161t\u011bna shoda s pokyny pro tento form\u00e1t a dosa\u017eeno co nejlep\u0161\u00edho v\u00fdkonu.<\/p>\n\n\n\n<figure class=\"wp-block-image size-large\"><img loading=\"lazy\" decoding=\"async\" width=\"1024\" height=\"640\" src=\"https:\/\/commercialaudio.pl\/wp-content\/uploads\/2025\/11\/commercial_audio_ATC_R1-300_PRO_SMT_Wall_Render-1024x640.jpg\" alt=\"\" class=\"wp-image-11115\" srcset=\"https:\/\/commercialaudio.pl\/wp-content\/uploads\/2025\/11\/commercial_audio_ATC_R1-300_PRO_SMT_Wall_Render-980x612.jpg 980w, https:\/\/commercialaudio.pl\/wp-content\/uploads\/2025\/11\/commercial_audio_ATC_R1-300_PRO_SMT_Wall_Render-480x300.jpg 480w\" sizes=\"(min-width: 0px) and (max-width: 480px) 480px, (min-width: 481px) and (max-width: 980px) 980px, (min-width: 981px) 1024px, 100vw\" \/><\/figure>\n\n\n\n<p class=\"wp-block-paragraph\">D\u00edky pou\u017eit\u00ed nov\u00fdch kl\u00ed\u010dov\u00fdch technologi\u00ed m\u011bni\u010d\u016f a zesilova\u010d\u016f nab\u00edzej\u00ed nov\u00e9 subwoofery SCS120 a SCS120iW Pro v\u011bt\u0161\u00ed dynamick\u00fd rozsah a roz\u0161\u00ed\u0159en\u00ed n\u00edzk\u00fdch frekvenc\u00ed, \u010d\u00edm\u017e posiluj\u00ed \u0161pi\u010dku profesion\u00e1ln\u00ed produktov\u00e9 \u0159ady ATC. P\u0159edstavuj\u00ed vylep\u0161en\u00e9 \u0159e\u0161en\u00ed pro u\u017eivatele st\u0159edn\u00edch a velk\u00fdch monitor\u016f i pro ty, kte\u0159\u00ed pracuj\u00ed ve v\u011bt\u0161\u00edch re\u017eijn\u00edch studi\u00edch. Zv\u00fd\u0161en\u00fd dynamick\u00fd rozsah je obzvl\u00e1\u0161t\u011b u\u017eite\u010dn\u00fd v aplikac\u00edch souvisej\u00edc\u00edch s imerzivn\u00edm zvukem a postprodukc\u00ed, kde efekty n\u00edzk\u00fdch frekvenc\u00ed (LFE) kladou na subwoofery vysok\u00e9 n\u00e1roky.<\/p>\n\n\n\n<hr class=\"wp-block-separator has-alpha-channel-opacity\"\/>\n\n\n\n<div class=\"wp-block-buttons is-content-justification-center is-layout-flex wp-container-core-buttons-is-layout-fe48e5de wp-block-buttons-is-layout-flex\">\n<div class=\"wp-block-button\"><a class=\"wp-block-button__link has-text-align-center wp-element-button\" href=\"https:\/\/commercialaudio.pl\/cs\/produkt\/aktywny-subwoofer-atc-scs120-pro\/\" target=\"_blank\" rel=\"noreferrer noopener\">Seznamte se s modelem SCS120 Pro<\/a><\/div>\n\n\n\n<div class=\"wp-block-button\"><a class=\"wp-block-button__link has-text-align-center wp-element-button\" href=\"https:\/\/commercialaudio.pl\/cs\/produkt\/instalacyjny-subwoofer-atc-scs120iw\/\" target=\"_blank\" rel=\"noreferrer noopener\">Seznamte se s modelem SCS120iW Pro<\/a><\/div>\n<\/div>","protected":false},"excerpt":{"rendered":"<p>SCS120 Pro a SCS120iW Pro<\/p>","protected":false},"author":5,"featured_media":11122,"comment_status":"open","ping_status":"closed","sticky":false,"template":"","format":"standard","meta":{"_acf_changed":false,"_et_pb_use_builder":"off","_et_pb_old_content":"","_et_gb_content_width":"","inline_featured_image":false,"footnotes":""},"categories":[67],"tags":[],"class_list":["post-11121","post","type-post","status-publish","format-standard","has-post-thumbnail","hentry","category-aktualnosci-ssl-atc-clearcom-bose"],"acf":[],"_links":{"self":[{"href":"https:\/\/commercialaudio.pl\/cs\/wp-json\/wp\/v2\/posts\/11121","targetHints":{"allow":["GET"]}}],"collection":[{"href":"https:\/\/commercialaudio.pl\/cs\/wp-json\/wp\/v2\/posts"}],"about":[{"href":"https:\/\/commercialaudio.pl\/cs\/wp-json\/wp\/v2\/types\/post"}],"author":[{"embeddable":true,"href":"https:\/\/commercialaudio.pl\/cs\/wp-json\/wp\/v2\/users\/5"}],"replies":[{"embeddable":true,"href":"https:\/\/commercialaudio.pl\/cs\/wp-json\/wp\/v2\/comments?post=11121"}],"version-history":[{"count":2,"href":"https:\/\/commercialaudio.pl\/cs\/wp-json\/wp\/v2\/posts\/11121\/revisions"}],"predecessor-version":[{"id":11124,"href":"https:\/\/commercialaudio.pl\/cs\/wp-json\/wp\/v2\/posts\/11121\/revisions\/11124"}],"wp:featuredmedia":[{"embeddable":true,"href":"https:\/\/commercialaudio.pl\/cs\/wp-json\/wp\/v2\/media\/11122"}],"wp:attachment":[{"href":"https:\/\/commercialaudio.pl\/cs\/wp-json\/wp\/v2\/media?parent=11121"}],"wp:term":[{"taxonomy":"category","embeddable":true,"href":"https:\/\/commercialaudio.pl\/cs\/wp-json\/wp\/v2\/categories?post=11121"},{"taxonomy":"post_tag","embeddable":true,"href":"https:\/\/commercialaudio.pl\/cs\/wp-json\/wp\/v2\/tags?post=11121"}],"curies":[{"name":"wp","href":"https:\/\/api.w.org\/{rel}","templated":true}]}}