{"id":11261,"date":"2025-12-11T20:45:30","date_gmt":"2025-12-11T19:45:30","guid":{"rendered":"https:\/\/commercialaudio.pl\/?p=11261"},"modified":"2025-12-11T20:47:27","modified_gmt":"2025-12-11T19:47:27","slug":"monitory-studyjne-sredniego-pola-atc-scm105","status":"publish","type":"post","link":"https:\/\/commercialaudio.pl\/cs\/monitory-studyjne-sredniego-pola-atc-scm105\/","title":{"rendered":"Nov\u00e9 st\u0159edop\u00e1smov\u00e9 centr\u00e1ln\u00ed studiov\u00e9 monitory ATC Loudspeakers v aktivn\u00edm a instala\u010dn\u00edm proveden\u00ed."},"content":{"rendered":"<figure class=\"wp-block-image size-large\"><img loading=\"lazy\" decoding=\"async\" width=\"1024\" height=\"536\" src=\"https:\/\/commercialaudio.pl\/wp-content\/uploads\/2025\/12\/SCM105AC_wpis-1024x536.jpg\" alt=\"\" class=\"wp-image-11262\" srcset=\"https:\/\/commercialaudio.pl\/wp-content\/uploads\/2025\/12\/SCM105AC_wpis-980x513.jpg 980w, https:\/\/commercialaudio.pl\/wp-content\/uploads\/2025\/12\/SCM105AC_wpis-480x251.jpg 480w\" sizes=\"(min-width: 0px) and (max-width: 480px) 480px, (min-width: 481px) and (max-width: 980px) 980px, (min-width: 981px) 1024px, 100vw\" \/><\/figure>\n\n\n\n<p class=\"wp-block-paragraph\"><a href=\"https:\/\/atc.audio\/professional\/\" target=\"_blank\" rel=\"noreferrer noopener\">Spole\u010dnost ATC<\/a> oznamuje uveden\u00ed nov\u00e9ho st\u0159edn\u011b velk\u00e9ho studiov\u00e9ho monitoru pro st\u0159edov\u00fd kan\u00e1l, modelu SCM105AC Pro, na trh. Tento nov\u00fd model vych\u00e1z\u00ed ze st\u00e1vaj\u00edc\u00edho modelu SCM110A Pro, ale byl speci\u00e1ln\u011b navr\u017een pro pou\u017eit\u00ed jako centr\u00e1ln\u00ed kan\u00e1l v surroundov\u00fdch a imerzivn\u00edch audio syst\u00e9mech. Vyzna\u010duje se symetrick\u00fdm uspo\u0159\u00e1d\u00e1n\u00edm m\u011bni\u010d\u016f a v\u00fdrazn\u011b sn\u00ed\u017eenou v\u00fd\u0161kou sk\u0159\u00edn\u011b, co\u017e usnad\u0148uje instalaci v men\u0161\u00edch kontroln\u00edch m\u00edstnostech. K dispozici jsou dv\u011b verze produktu: SCM105AC, ur\u010den\u00fd pro voln\u011b stoj\u00edc\u00ed instalaci, a SCM105AiWC, ur\u010den\u00fd pro mont\u00e1\u017e do st\u011bny.<\/p>\n\n\n\n<figure class=\"wp-block-image aligncenter size-large is-resized\"><img loading=\"lazy\" decoding=\"async\" width=\"1364\" height=\"877\" src=\"https:\/\/commercialaudio.pl\/wp-content\/uploads\/2025\/12\/commercial_audio_SCM105AC-Pro-Front-Reflection-edited-2.jpg\" alt=\"studiov\u00e9 monitory se st\u0159edn\u00edm polem\" class=\"wp-image-11270\" style=\"aspect-ratio:1.5551225273103042;width:656px;height:auto\" srcset=\"https:\/\/commercialaudio.pl\/wp-content\/uploads\/2025\/12\/commercial_audio_SCM105AC-Pro-Front-Reflection-edited-2.jpg 1364w, https:\/\/commercialaudio.pl\/wp-content\/uploads\/2025\/12\/commercial_audio_SCM105AC-Pro-Front-Reflection-edited-2-1280x823.jpg 1280w, https:\/\/commercialaudio.pl\/wp-content\/uploads\/2025\/12\/commercial_audio_SCM105AC-Pro-Front-Reflection-edited-2-980x630.jpg 980w, https:\/\/commercialaudio.pl\/wp-content\/uploads\/2025\/12\/commercial_audio_SCM105AC-Pro-Front-Reflection-edited-2-480x309.jpg 480w\" sizes=\"(min-width: 0px) and (max-width: 480px) 480px, (min-width: 481px) and (max-width: 980px) 980px, (min-width: 981px) and (max-width: 1280px) 1280px, (min-width: 1281px) 1364px, 100vw\" \/><\/figure>\n\n\n\n<div class=\"wp-block-buttons is-content-justification-center is-layout-flex wp-container-core-buttons-is-layout-fe48e5de wp-block-buttons-is-layout-flex\">\n<div class=\"wp-block-button\"><a class=\"wp-block-button__link has-text-align-center wp-element-button\" href=\"https:\/\/commercialaudio.pl\/cs\/produkt\/monitor-studyjny-atc-scm105ac-pro\/\" target=\"_blank\" rel=\"noreferrer noopener\">Seznamte se s modelem SCM105AC Pro<\/a><\/div>\n<\/div>\n\n\n\n<p class=\"wp-block-paragraph\">SCM105AC Pro<br>SCM105AC Pro je ur\u010den k samostatn\u00e9 mont\u00e1\u017ei (na stativ) a jeho konstrukce i parametry se velmi podobaj\u00ed velmi obl\u00edben\u00e9mu studiov\u00e9mu monitoru st\u0159edn\u00edho pole SCM110A Pro. M\u00e1 stejnou kombinaci dvojice 9palcov\u00fdch\/234 milimetrov\u00fdch basov\u00fdch m\u011bni\u010d\u016f SL, 3palcov\u00fdch\/75 milimetrov\u00fdch st\u0159edot\u00f3nov\u00fdch m\u011bni\u010d\u016f Superdome a 1palcov\u00fdch\/25 milimetrov\u00fdch v\u00fd\u0161kov\u00fdch m\u011bni\u010d\u016f S-Spec. O zes\u00edlen\u00ed se star\u00e1 stejn\u00fd 350 W zesilova\u010d, kter\u00fd dod\u00e1v\u00e1 200 W, 100 W a 50 W do basov\u00e9, st\u0159edot\u00f3nov\u00e9 a v\u00fd\u0161kov\u00e9 sekce, p\u0159i\u010dem\u017e reproduktory jsou precizn\u011b integrov\u00e1ny pomoc\u00ed elektronick\u00fdch rozvad\u011b\u010d\u016f LR \u010dtvrt\u00e9ho \u0159\u00e1du.<\/p>\n\n\n\n<figure class=\"wp-block-image size-large\"><img loading=\"lazy\" decoding=\"async\" width=\"1024\" height=\"375\" src=\"https:\/\/commercialaudio.pl\/wp-content\/uploads\/2025\/12\/commercial_audio_SCM105A-Pro_website_dtop4-1024x375.jpg\" alt=\"\" class=\"wp-image-11255\" srcset=\"https:\/\/commercialaudio.pl\/wp-content\/uploads\/2025\/12\/commercial_audio_SCM105A-Pro_website_dtop4-980x359.jpg 980w, https:\/\/commercialaudio.pl\/wp-content\/uploads\/2025\/12\/commercial_audio_SCM105A-Pro_website_dtop4-480x176.jpg 480w\" sizes=\"(min-width: 0px) and (max-width: 480px) 480px, (min-width: 481px) and (max-width: 980px) 980px, (min-width: 981px) 1024px, 100vw\" \/><\/figure>\n\n\n\n<div class=\"wp-block-buttons is-content-justification-center is-layout-flex wp-container-core-buttons-is-layout-fe48e5de wp-block-buttons-is-layout-flex\">\n<div class=\"wp-block-button\"><a class=\"wp-block-button__link has-text-align-center wp-element-button\" href=\"https:\/\/commercialaudio.pl\/cs\/produkt\/instalacyjny-centralny-monitor-studyjny-atc-scm105aiwc-pro\/\" target=\"_blank\" rel=\"noreferrer noopener\">Seznamte se s modelem SCM105AiWC Pro<\/a><\/div>\n<\/div>\n\n\n\n<p class=\"wp-block-paragraph\">SCM105AiWC Pro (pro mont\u00e1\u017e do st\u011bny)<br>SCM105AiWC Pro je ur\u010den k zapu\u0161t\u011bn\u00e9 mont\u00e1\u017ei do st\u011bny a od modelu SCM105AC Pro se li\u0161\u00ed n\u00e1sleduj\u00edc\u00edmi vlastnostmi:<\/p>\n\n\n\n<ul class=\"wp-block-list\">\n<li>P\u0159edn\u00ed p\u0159ep\u00e1\u017eka s hranami ve tvaru \u010dtverce po cel\u00e9 plo\u0161e.<\/li>\n\n\n\n<li>Zapu\u0161t\u011bn\u00fd zadn\u00ed vstupn\u00ed panel.<\/li>\n\n\n\n<li>Vzd\u00e1len\u00fd zesilova\u010d R1-350 Pro 19\u201d\/6U.<\/li>\n\n\n\n<li>Propojen\u00ed zesilova\u010de s reproduktorem pomoc\u00ed reproduktorov\u00fdch kabel\u016f NL8 a 5pinov\u00fdch kabel\u016f LED XLR.<\/li>\n<\/ul>\n\n\n\n<p class=\"wp-block-paragraph\">Verze pro mont\u00e1\u017e do st\u011bny byla navr\u017eena tak, aby zajistila stejn\u00fd v\u00fdkon jako voln\u011b stoj\u00edc\u00ed model, je v\u0161ak t\u0159eba m\u00edt na pam\u011bti, \u017ee mont\u00e1\u017e do st\u011bny obvykle zvy\u0161uje roz\u0161\u00ed\u0159en\u00ed n\u00edzk\u00fdch frekvenc\u00ed a v\u00fdkon (vzhledem k vyza\u0159ov\u00e1n\u00ed do poloviny prostoru ve srovn\u00e1n\u00ed s pln\u00fdm prostorem).<\/p>\n\n\n\n<figure class=\"wp-block-image size-large\"><img loading=\"lazy\" decoding=\"async\" width=\"1024\" height=\"768\" src=\"https:\/\/commercialaudio.pl\/wp-content\/uploads\/2025\/12\/commercial_audio_R1-350-Pro-Straight-On-Cut-Out-1024x768.jpg\" alt=\"\" class=\"wp-image-11267\" srcset=\"https:\/\/commercialaudio.pl\/wp-content\/uploads\/2025\/12\/commercial_audio_R1-350-Pro-Straight-On-Cut-Out-980x735.jpg 980w, https:\/\/commercialaudio.pl\/wp-content\/uploads\/2025\/12\/commercial_audio_R1-350-Pro-Straight-On-Cut-Out-480x360.jpg 480w\" sizes=\"(min-width: 0px) and (max-width: 480px) 480px, (min-width: 481px) and (max-width: 980px) 980px, (min-width: 981px) 1024px, 100vw\" \/><\/figure>\n\n\n\n<p class=\"wp-block-paragraph\">D\u00e1lkov\u00fd zesilova\u010d R1-350 Pro<br>Zesilova\u010d ur\u010den\u00fd pro spolupr\u00e1ci s n\u00e1st\u011bnn\u00fdm reproduktorem SCM105AiWC je jednokan\u00e1lov\u00fd, t\u0159\u00edp\u00e1smov\u00fd model R1-350 Pro ve verzi pro mont\u00e1\u017e do 19\u201d\/6U, kter\u00fd nap\u00e1j\u00ed reproduktory SCM105AC (a tak\u00e9 SCM50\/100\/110\/150). Byl navr\u017een pro mont\u00e1\u017e do st\u011bny kontroln\u00ed m\u00edstnosti nebo do 19\u201d rackov\u00e9 sk\u0159\u00edn\u011b. Symetrick\u00e9 audio a nap\u00e1jec\u00ed p\u0159ipojen\u00ed jsou realizov\u00e1ny pomoc\u00ed konektor\u016f XLR a IEC na p\u0159edn\u00edm panelu. P\u0159ipojen\u00ed k reproduktoru se prov\u00e1d\u00ed pomoc\u00ed konektor\u016f NL8 a 5pinov\u00fdch konektor\u016f XLR um\u00edst\u011bn\u00fdch na zadn\u00edm panelu, a to pro audio sign\u00e1l reproduktoru a LED diody nap\u00e1jen\u00ed\/omezen\u00ed. Kabely jsou k dispozici v r\u016fzn\u00fdch d\u00e9lk\u00e1ch, ale pro zaji\u0161t\u011bn\u00ed nejlep\u0161\u00ed kvality zvuku doporu\u010dujeme maxim\u00e1ln\u00ed d\u00e9lku reproduktorov\u00e9ho kabelu 10 m.<\/p>\n\n\n\n<p class=\"wp-block-paragraph\">Aplikace<\/p>\n\n\n\n<p class=\"wp-block-paragraph\">Hlavn\u00edm \u00fa\u010delem studiov\u00fdch monitor\u016f SCM105AC a SCM105AiWC Pro je jejich vyu\u017eit\u00ed jako st\u0159edov\u00e9ho kan\u00e1lu v syst\u00e9mech 5.1, 7.1 a imerzivn\u00edch zvukov\u00fdch syst\u00e9mech, jako je nap\u0159\u00edklad Dolby Atmos. Jejich v\u00fdkon v\u0161ak nen\u00ed z\u00e1visl\u00fd na konkr\u00e9tn\u00edm pou\u017eit\u00ed \u010di kan\u00e1lu a oba nov\u00e9 produkty lze pou\u017e\u00edt jako levou a pravou stereo dvojici nebo jako surroundov\u00e9 kan\u00e1ly, pokud je tento form\u00e1t sk\u0159\u00edn\u011b pro danou m\u00edstnost nejvhodn\u011bj\u0161\u00edm \u0159e\u0161en\u00edm.<\/p>","protected":false},"excerpt":{"rendered":"<p>SCM105AC Pro a SCM105AiWC Pro<\/p>","protected":false},"author":5,"featured_media":11268,"comment_status":"open","ping_status":"closed","sticky":false,"template":"","format":"standard","meta":{"_acf_changed":false,"_et_pb_use_builder":"off","_et_pb_old_content":"","_et_gb_content_width":"","inline_featured_image":false,"footnotes":""},"categories":[67],"tags":[],"class_list":["post-11261","post","type-post","status-publish","format-standard","has-post-thumbnail","hentry","category-aktualnosci-ssl-atc-clearcom-bose"],"acf":[],"_links":{"self":[{"href":"https:\/\/commercialaudio.pl\/cs\/wp-json\/wp\/v2\/posts\/11261","targetHints":{"allow":["GET"]}}],"collection":[{"href":"https:\/\/commercialaudio.pl\/cs\/wp-json\/wp\/v2\/posts"}],"about":[{"href":"https:\/\/commercialaudio.pl\/cs\/wp-json\/wp\/v2\/types\/post"}],"author":[{"embeddable":true,"href":"https:\/\/commercialaudio.pl\/cs\/wp-json\/wp\/v2\/users\/5"}],"replies":[{"embeddable":true,"href":"https:\/\/commercialaudio.pl\/cs\/wp-json\/wp\/v2\/comments?post=11261"}],"version-history":[{"count":4,"href":"https:\/\/commercialaudio.pl\/cs\/wp-json\/wp\/v2\/posts\/11261\/revisions"}],"predecessor-version":[{"id":11273,"href":"https:\/\/commercialaudio.pl\/cs\/wp-json\/wp\/v2\/posts\/11261\/revisions\/11273"}],"wp:featuredmedia":[{"embeddable":true,"href":"https:\/\/commercialaudio.pl\/cs\/wp-json\/wp\/v2\/media\/11268"}],"wp:attachment":[{"href":"https:\/\/commercialaudio.pl\/cs\/wp-json\/wp\/v2\/media?parent=11261"}],"wp:term":[{"taxonomy":"category","embeddable":true,"href":"https:\/\/commercialaudio.pl\/cs\/wp-json\/wp\/v2\/categories?post=11261"},{"taxonomy":"post_tag","embeddable":true,"href":"https:\/\/commercialaudio.pl\/cs\/wp-json\/wp\/v2\/tags?post=11261"}],"curies":[{"name":"wp","href":"https:\/\/api.w.org\/{rel}","templated":true}]}}