{"id":12706,"date":"2026-07-09T16:13:18","date_gmt":"2026-07-09T14:13:18","guid":{"rendered":"https:\/\/commercialaudio.pl\/?p=12706"},"modified":"2026-07-23T16:48:57","modified_gmt":"2026-07-23T14:48:57","slug":"nowy-subwoofer-bose-pro-showtime-sts118e","status":"publish","type":"post","link":"https:\/\/commercialaudio.pl\/cs\/nowy-subwoofer-bose-pro-showtime-sts118e\/","title":{"rendered":"Nov\u00fd subwoofer v nab\u00eddce Bose Professional \u2013 ShowTime STS118E"},"content":{"rendered":"<figure class=\"wp-block-image size-full\"><img loading=\"lazy\" decoding=\"async\" width=\"1910\" height=\"1000\" src=\"https:\/\/commercialaudio.pl\/wp-content\/uploads\/2026\/07\/STS118E_web.jpg\" alt=\"\" class=\"wp-image-12737\" srcset=\"https:\/\/commercialaudio.pl\/wp-content\/uploads\/2026\/07\/STS118E_web.jpg 1910w, https:\/\/commercialaudio.pl\/wp-content\/uploads\/2026\/07\/STS118E_web-1280x670.jpg 1280w, https:\/\/commercialaudio.pl\/wp-content\/uploads\/2026\/07\/STS118E_web-980x513.jpg 980w, https:\/\/commercialaudio.pl\/wp-content\/uploads\/2026\/07\/STS118E_web-480x251.jpg 480w\" sizes=\"(min-width: 0px) and (max-width: 480px) 480px, (min-width: 481px) and (max-width: 980px) 980px, (min-width: 981px) and (max-width: 1280px) 1280px, (min-width: 1281px) 1910px, 100vw\" \/><\/figure>\n\n\n\n<hr class=\"wp-block-separator has-alpha-channel-opacity\"\/>\n\n\n\n<h3 class=\"wp-block-heading\">Bose Professional ShowTime STS118E je nov\u00fd 18palcov\u00fd instala\u010dn\u00ed subwoofer navr\u017een\u00fd pro pou\u017eit\u00ed ve vysoce v\u00fdkonn\u00fdch syst\u00e9mech Bose Professional, a to jak v interi\u00e9rech, tak i venku. Tam, kde z\u00e1le\u017e\u00ed na kvalit\u011b zvuku, poskytuje model ShowTime STS118E mohutnou podporu n\u00edzk\u00fdch frekvenc\u00ed v hudebn\u00edch aplikac\u00edch vy\u017eaduj\u00edc\u00edch vysok\u00fd v\u00fdkon a z\u00e1rove\u0148 se vyzna\u010duje snadnou mont\u00e1\u017e\u00ed a integrac\u00ed.<\/h3>\n\n\n\n<hr class=\"wp-block-separator has-alpha-channel-opacity\"\/>\n\n\n\n<div class=\"wp-block-buttons is-content-justification-center is-layout-flex wp-container-core-buttons-is-layout-fe48e5de wp-block-buttons-is-layout-flex\">\n<div class=\"wp-block-button\"><a class=\"wp-block-button__link has-text-align-center wp-element-button\" href=\"https:\/\/commercialaudio.pl\/cs\/produkt\/subwoofer-bose-pro-showtime-sts118e\/\" target=\"_blank\" rel=\"noreferrer noopener\">Seznamte se s modelem STS118E<\/a><\/div>\n<\/div>\n\n\n\n<hr class=\"wp-block-separator has-alpha-channel-opacity\"\/>\n\n\n\n<p class=\"wp-block-paragraph\">ShowTime STS118E je ide\u00e1ln\u00edm dopl\u0148kem reproduktorov\u00fdch syst\u00e9m\u016f <a href=\"https:\/\/boseprofessional.com\/\" target=\"_blank\" rel=\"noreferrer noopener\">Bose Professional<\/a>, jako je nap\u0159\u00edklad AMU, <a href=\"https:\/\/commercialaudio.pl\/cs\/produkt\/bose-amm\/\" target=\"_blank\" rel=\"noreferrer noopener\">AMM<\/a> i <a href=\"https:\/\/commercialaudio.pl\/cs\/produkt\/bose-professional-forum-point-source\/\" target=\"_blank\" rel=\"noreferrer noopener\">F\u00f3rum<\/a>. Od prostor\u016f vy\u017eaduj\u00edc\u00edch vy\u0161\u0161\u00ed v\u00fdkon a\u017e po venkovn\u00ed prostory, kde z\u00e1le\u017e\u00ed na spolehlivosti, se model STS118E p\u0159irozen\u011b integruje do platforem Bose Professional a umo\u017e\u0148uje projektant\u016fm zachovat kontrolu, soudr\u017enost a p\u0159edv\u00eddatelnost.<\/p>\n\n\n\n<figure class=\"wp-block-embed is-type-video is-provider-youtube wp-block-embed-youtube wp-embed-aspect-16-9 wp-has-aspect-ratio\"><div class=\"wp-block-embed__wrapper\">\n<iframe loading=\"lazy\" title=\"ShowTime STS118E \u2013 Basy, kter\u00e9 v\u00e1\u0161 syst\u00e9m pot\u0159ebuje\" width=\"1080\" height=\"608\" src=\"https:\/\/www.youtube.com\/embed\/V9wWYPICY3A?feature=oembed\"  allow=\"accelerometer; autoplay; clipboard-write; encrypted-media; gyroscope; picture-in-picture; web-share\" referrerpolicy=\"strict-origin-when-cross-origin\" allowfullscreen><\/iframe>\n<\/div><\/figure>\n\n\n\n<hr class=\"wp-block-separator has-alpha-channel-opacity\"\/>\n\n\n\n<p class=\"wp-block-paragraph\">\u201eShowTime STS118E nab\u00edz\u00ed na\u0161im z\u00e1kazn\u00edk\u016fm jednoduch\u00fd zp\u016fsob, jak do syst\u00e9m\u016f, kter\u00fdm ji\u017e d\u016fv\u011b\u0159uj\u00ed, p\u0159idat mohutnou energii v n\u00edzkofrekven\u010dn\u00edm p\u00e1smu,\u201d uvedl John Maier, gener\u00e1ln\u00ed \u0159editel spole\u010dnosti Bose Professional. \u201eRoz\u0161i\u0159uje st\u00e1vaj\u00edc\u00ed instalace na\u0161ich z\u00e1kazn\u00edk\u016f zp\u016fsobem, kter\u00fd p\u016fsob\u00ed plynule, a bezprobl\u00e9mov\u011b spolupracuje s na\u0161imi reproduktory, procesory a zesilova\u010di, d\u00edky \u010demu\u017e mohou projektanti \u0161k\u00e1lovat v\u00fdkon, ani\u017e by museli p\u0159ehodnocovat celou platformu.\u201d 18palcov\u00fd basov\u00fd m\u011bni\u010d zaji\u0161\u0165uje v\u00fdkonn\u00fd bas a sk\u0159\u00ed\u0148 ur\u010den\u00e1 pro instalaci umo\u017e\u0148uje jak stohov\u00e1n\u00ed, tak zav\u011b\u0161en\u00ed modul\u016f. Integrovan\u00e9 mont\u00e1\u017en\u00ed body a odn\u00edmateln\u00e9 no\u017ei\u010dky zaji\u0161\u0165uj\u00ed flexibilitu p\u0159izp\u016fsoben\u00ed uspo\u0159\u00e1d\u00e1n\u00ed m\u00edstnosti a mont\u00e1\u017en\u00edm po\u017eadavk\u016fm. Univerz\u00e1ln\u00ed dr\u017e\u00e1k na stativ je kompatibiln\u00ed se stativy o pr\u016fm\u011bru 35 mm i se stativy se z\u00e1vitem M20, co\u017e v p\u0159\u00edpad\u011b pot\u0159eby umo\u017e\u0148uje bezpe\u010dnou mont\u00e1\u017e na horn\u00ed \u010d\u00e1st sk\u0159\u00edn\u011b.<\/p>\n\n\n\n<figure class=\"wp-block-image size-full\"><img loading=\"lazy\" decoding=\"async\" width=\"2000\" height=\"1125\" src=\"https:\/\/commercialaudio.pl\/wp-content\/uploads\/2026\/07\/commercial_audio_STS118E-WT_i_isoRightFacing_GrilleOff.avif\" alt=\"STS118E\" class=\"wp-image-12725\" srcset=\"https:\/\/commercialaudio.pl\/wp-content\/uploads\/2026\/07\/commercial_audio_STS118E-WT_i_isoRightFacing_GrilleOff.avif 2000w, https:\/\/commercialaudio.pl\/wp-content\/uploads\/2026\/07\/commercial_audio_STS118E-WT_i_isoRightFacing_GrilleOff-800x450.jpg 800w, https:\/\/commercialaudio.pl\/wp-content\/uploads\/2026\/07\/commercial_audio_STS118E-WT_i_isoRightFacing_GrilleOff-1920x1080.jpg 1920w, https:\/\/commercialaudio.pl\/wp-content\/uploads\/2026\/07\/commercial_audio_STS118E-WT_i_isoRightFacing_GrilleOff-768x432.jpg 768w, https:\/\/commercialaudio.pl\/wp-content\/uploads\/2026\/07\/commercial_audio_STS118E-WT_i_isoRightFacing_GrilleOff-1536x864.jpg 1536w, https:\/\/commercialaudio.pl\/wp-content\/uploads\/2026\/07\/commercial_audio_STS118E-WT_i_isoRightFacing_GrilleOff-18x10.jpg 18w, https:\/\/commercialaudio.pl\/wp-content\/uploads\/2026\/07\/commercial_audio_STS118E-WT_i_isoRightFacing_GrilleOff-1080x608.jpg 1080w, https:\/\/commercialaudio.pl\/wp-content\/uploads\/2026\/07\/commercial_audio_STS118E-WT_i_isoRightFacing_GrilleOff-1280x720.jpg 1280w, https:\/\/commercialaudio.pl\/wp-content\/uploads\/2026\/07\/commercial_audio_STS118E-WT_i_isoRightFacing_GrilleOff-980x551.jpg 980w, https:\/\/commercialaudio.pl\/wp-content\/uploads\/2026\/07\/commercial_audio_STS118E-WT_i_isoRightFacing_GrilleOff-480x270.jpg 480w, https:\/\/commercialaudio.pl\/wp-content\/uploads\/2026\/07\/commercial_audio_STS118E-WT_i_isoRightFacing_GrilleOff-300x169.jpg 300w, https:\/\/commercialaudio.pl\/wp-content\/uploads\/2026\/07\/commercial_audio_STS118E-WT_i_isoRightFacing_GrilleOff-600x338.jpg 600w, https:\/\/commercialaudio.pl\/wp-content\/uploads\/2026\/07\/commercial_audio_STS118E-WT_i_isoRightFacing_GrilleOff-64x36.jpg 64w\" sizes=\"(max-width: 2000px) 100vw, 2000px\" \/><\/figure>\n\n\n\n<p class=\"wp-block-paragraph\">Model ShowTime STS118E, navr\u017een\u00fd pro pou\u017eit\u00ed jak uvnit\u0159, tak i venku budov, se vyzna\u010duje konstrukc\u00ed se stupn\u011bm ochrany IP55, ur\u010denou pro pou\u017eit\u00ed v otev\u0159en\u00fdch a \u010d\u00e1ste\u010dn\u011b otev\u0159en\u00fdch prostorech. Kryt, kter\u00fd je k dispozici v \u010dern\u00e9m nebo b\u00edl\u00e9m proveden\u00ed, harmonicky zapad\u00e1 do \u0161irok\u00e9 \u0161k\u00e1ly architektonick\u00fdch a z\u00e1bavn\u00edch prostor\u016f.<\/p>\n\n\n\n<figure class=\"wp-block-image size-full\"><img loading=\"lazy\" decoding=\"async\" width=\"2000\" height=\"1125\" src=\"https:\/\/commercialaudio.pl\/wp-content\/uploads\/2026\/07\/commercial_audio_STS118E-BK_i_isoRightFacing_PoleMount.avif\" alt=\"\" class=\"wp-image-12719\" srcset=\"https:\/\/commercialaudio.pl\/wp-content\/uploads\/2026\/07\/commercial_audio_STS118E-BK_i_isoRightFacing_PoleMount.avif 2000w, https:\/\/commercialaudio.pl\/wp-content\/uploads\/2026\/07\/commercial_audio_STS118E-BK_i_isoRightFacing_PoleMount-800x450.jpg 800w, https:\/\/commercialaudio.pl\/wp-content\/uploads\/2026\/07\/commercial_audio_STS118E-BK_i_isoRightFacing_PoleMount-1920x1080.jpg 1920w, https:\/\/commercialaudio.pl\/wp-content\/uploads\/2026\/07\/commercial_audio_STS118E-BK_i_isoRightFacing_PoleMount-768x432.jpg 768w, https:\/\/commercialaudio.pl\/wp-content\/uploads\/2026\/07\/commercial_audio_STS118E-BK_i_isoRightFacing_PoleMount-1536x864.jpg 1536w, https:\/\/commercialaudio.pl\/wp-content\/uploads\/2026\/07\/commercial_audio_STS118E-BK_i_isoRightFacing_PoleMount-18x10.jpg 18w, https:\/\/commercialaudio.pl\/wp-content\/uploads\/2026\/07\/commercial_audio_STS118E-BK_i_isoRightFacing_PoleMount-1080x608.jpg 1080w, https:\/\/commercialaudio.pl\/wp-content\/uploads\/2026\/07\/commercial_audio_STS118E-BK_i_isoRightFacing_PoleMount-1280x720.jpg 1280w, https:\/\/commercialaudio.pl\/wp-content\/uploads\/2026\/07\/commercial_audio_STS118E-BK_i_isoRightFacing_PoleMount-980x551.jpg 980w, https:\/\/commercialaudio.pl\/wp-content\/uploads\/2026\/07\/commercial_audio_STS118E-BK_i_isoRightFacing_PoleMount-480x270.jpg 480w, https:\/\/commercialaudio.pl\/wp-content\/uploads\/2026\/07\/commercial_audio_STS118E-BK_i_isoRightFacing_PoleMount-300x169.jpg 300w, https:\/\/commercialaudio.pl\/wp-content\/uploads\/2026\/07\/commercial_audio_STS118E-BK_i_isoRightFacing_PoleMount-600x338.jpg 600w, https:\/\/commercialaudio.pl\/wp-content\/uploads\/2026\/07\/commercial_audio_STS118E-BK_i_isoRightFacing_PoleMount-64x36.jpg 64w\" sizes=\"(max-width: 2000px) 100vw, 2000px\" \/><\/figure>\n\n\n\n<p class=\"wp-block-paragraph\">\u201eNa\u0161i z\u00e1kazn\u00edci a instala\u010dn\u00ed technici jist\u011b ocen\u00ed, \u017ee model STS118E byl od sam\u00e9ho po\u010d\u00e1tku navr\u017een s ohledem na st\u00e1l\u00e9 instalace,\u201d uvedl Shawn Watts, viceprezident pro prodej v Americe ve spole\u010dnosti Bose Professional. \u201eOd konstrukce s kryt\u00edm IP55 a integrovan\u00fdmi z\u00e1v\u011bsn\u00fdmi body p\u0159es univerz\u00e1ln\u00ed dr\u017e\u00e1k na sloupy a\u017e po p\u0159edv\u00eddateln\u00fd zvuk v kombinaci s modely AMU, AMM a Forum \u2013 ka\u017ed\u00fd detail byl navr\u017een tak, aby usnadnil v\u00fdb\u011br vybaven\u00ed, zajistil flexibilitu mont\u00e1\u017ee a zaru\u010dil spolehliv\u00fd provoz.\u201d.<\/p>\n\n\n\n<p class=\"wp-block-paragraph\">Model ShowTime STS118E bude k dispozici od \u0159\u00edjna 2026.<\/p>\n\n\n\n<hr class=\"wp-block-separator has-alpha-channel-opacity\"\/>\n\n\n\n<div class=\"wp-block-buttons is-content-justification-center is-layout-flex wp-container-core-buttons-is-layout-fe48e5de wp-block-buttons-is-layout-flex\">\n<div class=\"wp-block-button\"><a class=\"wp-block-button__link has-text-align-center wp-element-button\" href=\"https:\/\/commercialaudio.pl\/cs\/produkt\/subwoofer-bose-pro-showtime-sts118e\/\" target=\"_blank\" rel=\"noreferrer noopener\">Seznamte se s modelem STS118E<\/a><\/div>\n<\/div>","protected":false},"excerpt":{"rendered":"<p>It\u2019s ShowTime<\/p>","protected":false},"author":5,"featured_media":12762,"comment_status":"open","ping_status":"closed","sticky":false,"template":"","format":"standard","meta":{"_acf_changed":false,"_et_pb_use_builder":"off","_et_pb_old_content":"","_et_gb_content_width":"","inline_featured_image":false,"footnotes":""},"categories":[67],"tags":[],"class_list":["post-12706","post","type-post","status-publish","format-standard","has-post-thumbnail","hentry","category-aktualnosci-ssl-atc-clearcom-bose"],"acf":[],"_links":{"self":[{"href":"https:\/\/commercialaudio.pl\/cs\/wp-json\/wp\/v2\/posts\/12706","targetHints":{"allow":["GET"]}}],"collection":[{"href":"https:\/\/commercialaudio.pl\/cs\/wp-json\/wp\/v2\/posts"}],"about":[{"href":"https:\/\/commercialaudio.pl\/cs\/wp-json\/wp\/v2\/types\/post"}],"author":[{"embeddable":true,"href":"https:\/\/commercialaudio.pl\/cs\/wp-json\/wp\/v2\/users\/5"}],"replies":[{"embeddable":true,"href":"https:\/\/commercialaudio.pl\/cs\/wp-json\/wp\/v2\/comments?post=12706"}],"version-history":[{"count":13,"href":"https:\/\/commercialaudio.pl\/cs\/wp-json\/wp\/v2\/posts\/12706\/revisions"}],"predecessor-version":[{"id":12759,"href":"https:\/\/commercialaudio.pl\/cs\/wp-json\/wp\/v2\/posts\/12706\/revisions\/12759"}],"wp:featuredmedia":[{"embeddable":true,"href":"https:\/\/commercialaudio.pl\/cs\/wp-json\/wp\/v2\/media\/12762"}],"wp:attachment":[{"href":"https:\/\/commercialaudio.pl\/cs\/wp-json\/wp\/v2\/media?parent=12706"}],"wp:term":[{"taxonomy":"category","embeddable":true,"href":"https:\/\/commercialaudio.pl\/cs\/wp-json\/wp\/v2\/categories?post=12706"},{"taxonomy":"post_tag","embeddable":true,"href":"https:\/\/commercialaudio.pl\/cs\/wp-json\/wp\/v2\/tags?post=12706"}],"curies":[{"name":"wp","href":"https:\/\/api.w.org\/{rel}","templated":true}]}}