{"id":12850,"date":"2026-08-10T12:26:53","date_gmt":"2026-08-10T10:26:53","guid":{"rendered":"https:\/\/commercialaudio.pl\/?p=12850"},"modified":"2026-08-10T12:28:38","modified_gmt":"2026-08-10T10:28:38","slug":"glosniki-bose-professional-showtime-sk","status":"publish","type":"post","link":"https:\/\/commercialaudio.pl\/cs\/glosniki-bose-professional-showtime-sk\/","title":{"rendered":"Spole\u010dnost Bose Professional p\u0159edstavuje \u0159adu ShowTime SK ur\u010denou pro z\u00e1bavn\u00ed za\u0159\u00edzen\u00ed"},"content":{"rendered":"<figure class=\"wp-block-image size-full\"><img loading=\"lazy\" decoding=\"async\" width=\"1910\" height=\"1000\" src=\"https:\/\/commercialaudio.pl\/wp-content\/uploads\/2026\/08\/Bose-Professional-ShowTime-SK-web.jpg\" alt=\"ShowTime\" class=\"wp-image-12853\" srcset=\"https:\/\/commercialaudio.pl\/wp-content\/uploads\/2026\/08\/Bose-Professional-ShowTime-SK-web.jpg 1910w, https:\/\/commercialaudio.pl\/wp-content\/uploads\/2026\/08\/Bose-Professional-ShowTime-SK-web-1280x670.jpg 1280w, https:\/\/commercialaudio.pl\/wp-content\/uploads\/2026\/08\/Bose-Professional-ShowTime-SK-web-980x513.jpg 980w, https:\/\/commercialaudio.pl\/wp-content\/uploads\/2026\/08\/Bose-Professional-ShowTime-SK-web-480x251.jpg 480w\" sizes=\"(min-width: 0px) and (max-width: 480px) 480px, (min-width: 481px) and (max-width: 980px) 980px, (min-width: 981px) and (max-width: 1280px) 1280px, (min-width: 1281px) 1910px, 100vw\" \/><\/figure>\n\n\n\n<hr class=\"wp-block-separator has-alpha-channel-opacity\"\/>\n\n\n\n<h2 class=\"wp-block-heading\">\u0158ada ShowTime SK, dostupn\u00e1 ve verz\u00edch 10\u2033 a 12\u2033, zaji\u0161\u0165uje mohutn\u00fd a \u010dist\u00fd zvuk v m\u00edstech, kde hraje hudba kl\u00ed\u010dovou roli.<\/h2>\n\n\n\n<hr class=\"wp-block-separator has-alpha-channel-opacity\"\/>\n\n\n\n<div class=\"wp-block-buttons is-content-justification-center is-layout-flex wp-container-core-buttons-is-layout-fe48e5de wp-block-buttons-is-layout-flex\">\n<div class=\"wp-block-button\"><a class=\"wp-block-button__link has-text-align-center wp-element-button\" href=\"https:\/\/commercialaudio.pl\/cs\/produkt\/glosnik-szerokopasmowy-bose-pro-sk10\/\" target=\"_blank\" rel=\"noreferrer noopener\">Seznamte se s modelem SK10<\/a><\/div>\n\n\n\n<div class=\"wp-block-button\"><a class=\"wp-block-button__link has-text-align-center wp-element-button\" href=\"https:\/\/commercialaudio.pl\/cs\/produkt\/glosnik-szerokopasmowy-bose-pro-sk12\/\">Seznamte se s modelem SK12<\/a><\/div>\n<\/div>\n\n\n\n<hr class=\"wp-block-separator has-alpha-channel-opacity\"\/>\n\n\n\n<p class=\"wp-block-paragraph\">Spole\u010dnost <a href=\"https:\/\/boseprofessional.com\/\" target=\"_blank\" rel=\"noreferrer noopener\">Bose Professional<\/a> p\u0159edstavila pasivn\u00ed \u0161irokop\u00e1smov\u00e9 reproduktory ze s\u00e9rie ShowTime SK. Modely SK10 s 10palcov\u00fdm reproduktorem a SK12 s 12palcov\u00fdm reproduktorem, navr\u017een\u00e9 speci\u00e1ln\u011b pro uzav\u0159en\u00e9 z\u00e1bavn\u00ed prostory, zaji\u0161\u0165uj\u00ed mohutn\u00fd zvuk Bose Professional v m\u00edstech pln\u00fdch \u017eivota \u2013 v barech, klubech, restaurac\u00edch \u010di podnic\u00edch typu KTV\/karaoke.<\/p>\n\n\n\n<figure class=\"wp-block-gallery has-nested-images columns-default is-cropped wp-block-gallery-1 is-layout-flex wp-block-gallery-is-layout-flex\">\n<figure class=\"wp-block-image size-large\"><img loading=\"lazy\" decoding=\"async\" width=\"1920\" height=\"1080\" data-id=\"12839\" src=\"https:\/\/commercialaudio.pl\/wp-content\/uploads\/2026\/08\/commercial_audio_ShowTime_i_Front-GrillOff-1920x1080.jpg\" alt=\"\" class=\"wp-image-12839\" srcset=\"https:\/\/commercialaudio.pl\/wp-content\/uploads\/2026\/08\/commercial_audio_ShowTime_i_Front-GrillOff-1920x1080.jpg 1920w, https:\/\/commercialaudio.pl\/wp-content\/uploads\/2026\/08\/commercial_audio_ShowTime_i_Front-GrillOff-1280x720.jpg 1280w, https:\/\/commercialaudio.pl\/wp-content\/uploads\/2026\/08\/commercial_audio_ShowTime_i_Front-GrillOff-980x551.jpg 980w, https:\/\/commercialaudio.pl\/wp-content\/uploads\/2026\/08\/commercial_audio_ShowTime_i_Front-GrillOff-480x270.jpg 480w\" sizes=\"(min-width: 0px) and (max-width: 480px) 480px, (min-width: 481px) and (max-width: 980px) 980px, (min-width: 981px) and (max-width: 1280px) 1280px, (min-width: 1281px) 1920px, 100vw\" \/><\/figure>\n\n\n\n<figure class=\"wp-block-image size-large\"><img loading=\"lazy\" decoding=\"async\" width=\"1920\" height=\"1080\" data-id=\"12823\" src=\"https:\/\/commercialaudio.pl\/wp-content\/uploads\/2026\/08\/commercial_audio_SK10_i_FrontFacing-GrilleOff-1920x1080.jpg\" alt=\"\" class=\"wp-image-12823\" srcset=\"https:\/\/commercialaudio.pl\/wp-content\/uploads\/2026\/08\/commercial_audio_SK10_i_FrontFacing-GrilleOff-1920x1080.jpg 1920w, https:\/\/commercialaudio.pl\/wp-content\/uploads\/2026\/08\/commercial_audio_SK10_i_FrontFacing-GrilleOff-1280x720.jpg 1280w, https:\/\/commercialaudio.pl\/wp-content\/uploads\/2026\/08\/commercial_audio_SK10_i_FrontFacing-GrilleOff-980x551.jpg 980w, https:\/\/commercialaudio.pl\/wp-content\/uploads\/2026\/08\/commercial_audio_SK10_i_FrontFacing-GrilleOff-480x270.jpg 480w\" sizes=\"(min-width: 0px) and (max-width: 480px) 480px, (min-width: 481px) and (max-width: 980px) 980px, (min-width: 981px) and (max-width: 1280px) 1280px, (min-width: 1281px) 1920px, 100vw\" \/><\/figure>\n<\/figure>\n\n\n\n<p class=\"wp-block-paragraph\">\u0158ada ShowTime SK kombinuje vysok\u00fd v\u00fdstupn\u00ed v\u00fdkon se selektivn\u00edm zvukem, na kter\u00fd se spol\u00e9haj\u00ed hudebn\u00ed kluby, a jej\u00ed zvukov\u00e1 charakteristika byla speci\u00e1ln\u011b p\u0159izp\u016fsobena pro z\u00e1bavn\u00ed \u00fa\u010dely. Ka\u017ed\u00fd model kombinuje vysoce v\u00fdkonn\u00fd basov\u00fd reproduktor s tlakov\u00fdm m\u011bni\u010dem Bose Professional EMB2S a konstrukci s zadn\u00edm portem, co\u017e zaji\u0161\u0165uje v\u00fdkon v n\u00edzk\u00fdch frekvenc\u00edch a vyv\u00e1\u017een\u00fd zvuk.<\/p>\n\n\n\n<figure class=\"wp-block-gallery has-nested-images columns-default is-cropped wp-block-gallery-2 is-layout-flex wp-block-gallery-is-layout-flex\">\n<figure class=\"wp-block-image size-large\"><img loading=\"lazy\" decoding=\"async\" width=\"1920\" height=\"1080\" data-id=\"12841\" src=\"https:\/\/commercialaudio.pl\/wp-content\/uploads\/2026\/08\/commercial_audio_ShowTime_i_IsoRightFacing-GrillOn-Dimensions-1920x1080.jpg\" alt=\"\" class=\"wp-image-12841\" srcset=\"https:\/\/commercialaudio.pl\/wp-content\/uploads\/2026\/08\/commercial_audio_ShowTime_i_IsoRightFacing-GrillOn-Dimensions-1920x1080.jpg 1920w, https:\/\/commercialaudio.pl\/wp-content\/uploads\/2026\/08\/commercial_audio_ShowTime_i_IsoRightFacing-GrillOn-Dimensions-1280x720.jpg 1280w, https:\/\/commercialaudio.pl\/wp-content\/uploads\/2026\/08\/commercial_audio_ShowTime_i_IsoRightFacing-GrillOn-Dimensions-980x551.jpg 980w, https:\/\/commercialaudio.pl\/wp-content\/uploads\/2026\/08\/commercial_audio_ShowTime_i_IsoRightFacing-GrillOn-Dimensions-480x270.jpg 480w\" sizes=\"(min-width: 0px) and (max-width: 480px) 480px, (min-width: 481px) and (max-width: 980px) 980px, (min-width: 981px) and (max-width: 1280px) 1280px, (min-width: 1281px) 1920px, 100vw\" \/><\/figure>\n\n\n\n<figure class=\"wp-block-image size-large\"><img loading=\"lazy\" decoding=\"async\" width=\"1920\" height=\"1080\" data-id=\"12827\" src=\"https:\/\/commercialaudio.pl\/wp-content\/uploads\/2026\/08\/commercial_audio_SK10_i_isoRightFacing-GrilleOn-Dims-1920x1080.jpg\" alt=\"\" class=\"wp-image-12827\" srcset=\"https:\/\/commercialaudio.pl\/wp-content\/uploads\/2026\/08\/commercial_audio_SK10_i_isoRightFacing-GrilleOn-Dims-1920x1080.jpg 1920w, https:\/\/commercialaudio.pl\/wp-content\/uploads\/2026\/08\/commercial_audio_SK10_i_isoRightFacing-GrilleOn-Dims-1280x720.jpg 1280w, https:\/\/commercialaudio.pl\/wp-content\/uploads\/2026\/08\/commercial_audio_SK10_i_isoRightFacing-GrilleOn-Dims-980x551.jpg 980w, https:\/\/commercialaudio.pl\/wp-content\/uploads\/2026\/08\/commercial_audio_SK10_i_isoRightFacing-GrilleOn-Dims-480x270.jpg 480w\" sizes=\"(min-width: 0px) and (max-width: 480px) 480px, (min-width: 481px) and (max-width: 980px) 980px, (min-width: 981px) and (max-width: 1280px) 1280px, (min-width: 1281px) 1920px, 100vw\" \/><\/figure>\n<\/figure>\n\n\n\n<p class=\"wp-block-paragraph\">\u201eZ\u00e1bavn\u00ed za\u0159\u00edzen\u00ed maj\u00ed nejr\u016fzn\u011bj\u0161\u00ed tvary a rozm\u011bry a ka\u017ed\u00e1 instalace s sebou nese jinou sadu projektov\u00fdch omezen\u00ed,\u201d uvedl Hans Vereecken, viceprezident pro mezin\u00e1rodn\u00ed prodej ve spole\u010dnosti Bose Professional. \u201eNa\u0161i z\u00e1kazn\u00edci pot\u0159ebuj\u00ed \u0159e\u0161en\u00ed, kter\u00e1 zajist\u00ed stejn\u00fd v\u00fdkon a zvuk bez ohledu na konkr\u00e9tn\u00ed prostor, a modely ShowTime SK10 a SK12 poskytuj\u00ed integr\u00e1tor\u016fm flexibilitu nezbytnou pro navrhov\u00e1n\u00ed syst\u00e9m\u016f p\u0159izp\u016fsoben\u00fdch konkr\u00e9tn\u00edm prostor\u016fm, p\u0159i\u010dem\u017e zachov\u00e1vaj\u00ed v\u00fdstupn\u00ed v\u00fdkon, n\u00edzk\u00e9 zkreslen\u00ed a konzistentn\u00ed zvuk, kter\u00e9 charakterizuj\u00ed \u0159adu ShowTime SK.\u201d.<\/p>\n\n\n\n<figure class=\"wp-block-image size-large\"><img loading=\"lazy\" decoding=\"async\" width=\"1920\" height=\"1080\" src=\"https:\/\/commercialaudio.pl\/wp-content\/uploads\/2026\/08\/commercial_audio_SK10_i_rightFacing-PanTilt-1920x1080.jpg\" alt=\"\" class=\"wp-image-12833\" srcset=\"https:\/\/commercialaudio.pl\/wp-content\/uploads\/2026\/08\/commercial_audio_SK10_i_rightFacing-PanTilt-1920x1080.jpg 1920w, https:\/\/commercialaudio.pl\/wp-content\/uploads\/2026\/08\/commercial_audio_SK10_i_rightFacing-PanTilt-1280x720.jpg 1280w, https:\/\/commercialaudio.pl\/wp-content\/uploads\/2026\/08\/commercial_audio_SK10_i_rightFacing-PanTilt-980x551.jpg 980w, https:\/\/commercialaudio.pl\/wp-content\/uploads\/2026\/08\/commercial_audio_SK10_i_rightFacing-PanTilt-480x270.jpg 480w\" sizes=\"(min-width: 0px) and (max-width: 480px) 480px, (min-width: 481px) and (max-width: 980px) 980px, (min-width: 981px) and (max-width: 1280px) 1280px, (min-width: 1281px) 1920px, 100vw\" \/><\/figure>\n\n\n\n<p class=\"wp-block-paragraph\">\u0158ada ShowTime SK byla navr\u017eena s ohledem na integr\u00e1tory. Dva vstupn\u00ed a pr\u016fchoz\u00ed konektory Neutrik speakON NL4MP umo\u017e\u0148uj\u00ed rychl\u00e9 p\u0159ipojen\u00ed zesilova\u010de a jednoduch\u00e9 s\u00e9riov\u00e9 propojen\u00ed; z\u00e1vitov\u00e9 z\u00e1suvky M8 umo\u017e\u0148uj\u00ed vertik\u00e1ln\u00ed i horizont\u00e1ln\u00ed mont\u00e1\u017e; a oto\u010dn\u00e1 trubice s \u00fahlem 90\u00b0 \u00d7 60\u00b0 umo\u017e\u0148uje integr\u00e1tor\u016fm p\u0159izp\u016fsobit \u0161\u00ed\u0159en\u00ed zvuku syst\u00e9mu konkr\u00e9tn\u00ed \u010d\u00e1sti m\u00edstnosti. Voliteln\u00e9 p\u0159\u00edslu\u0161enstv\u00ed pro mont\u00e1\u017e na stativ a s funkc\u00ed ot\u00e1\u010den\u00ed a nakl\u00e1p\u011bn\u00ed zvy\u0161uje flexibilitu jak v pevn\u00fdch, tak v p\u0159enosn\u00fdch instalac\u00edch. Model SK12 zaji\u0161\u0165uje maxim\u00e1ln\u00ed v\u00fdstupn\u00ed v\u00fdkon ve v\u011bt\u0161\u00edch m\u00edstnostech, zat\u00edmco model SK10 se vyzna\u010duje kompaktn\u011bj\u0161\u00edmi rozm\u011bry, co\u017e je d\u016fle\u017eit\u00e9 v m\u00edstech s omezen\u00fdm prostorem.<\/p>\n\n\n\n<figure class=\"wp-block-image size-large\"><img loading=\"lazy\" decoding=\"async\" width=\"1920\" height=\"1080\" src=\"https:\/\/commercialaudio.pl\/wp-content\/uploads\/2026\/08\/commercial_audio_SK10_i_rightFacing-PanTiltOnly-1920x1080.jpg\" alt=\"\" class=\"wp-image-12834\" srcset=\"https:\/\/commercialaudio.pl\/wp-content\/uploads\/2026\/08\/commercial_audio_SK10_i_rightFacing-PanTiltOnly-1920x1080.jpg 1920w, https:\/\/commercialaudio.pl\/wp-content\/uploads\/2026\/08\/commercial_audio_SK10_i_rightFacing-PanTiltOnly-1280x720.jpg 1280w, https:\/\/commercialaudio.pl\/wp-content\/uploads\/2026\/08\/commercial_audio_SK10_i_rightFacing-PanTiltOnly-980x551.jpg 980w, https:\/\/commercialaudio.pl\/wp-content\/uploads\/2026\/08\/commercial_audio_SK10_i_rightFacing-PanTiltOnly-480x270.jpg 480w\" sizes=\"(min-width: 0px) and (max-width: 480px) 480px, (min-width: 481px) and (max-width: 980px) 980px, (min-width: 981px) and (max-width: 1280px) 1280px, (min-width: 1281px) 1920px, 100vw\" \/><\/figure>\n\n\n\n<p class=\"wp-block-paragraph\">\u0158ada SK je nejnov\u011bj\u0161\u00edm p\u0159\u00edr\u016fstkem do neust\u00e1le se roz\u0161i\u0159uj\u00edc\u00ed rodiny reproduktor\u016f ShowTime, vytvo\u0159en\u00e9 pro z\u00e1bavn\u00ed a jevi\u0161tn\u00ed aplikace, k n\u00ed\u017e pat\u0159\u00ed tak\u00e9 model ShowTime STS118E \u2013 pasivn\u00ed 18palcov\u00fd instala\u010dn\u00ed subwoofer ur\u010den\u00fd pro venkovn\u00ed pou\u017eit\u00ed. Model STS118E podporuje vysoce v\u00fdkonn\u00e9 reproduktorov\u00e9 syst\u00e9my, jako jsou AMU, AMM a Forum, a zaji\u0161\u0165uje vysokou \u00fa\u010dinnost v n\u00edzkofrekven\u010dn\u00edm p\u00e1smu, kter\u00e1 je nezbytn\u00e1 v prostorech ur\u010den\u00fdch pro p\u00f3diov\u00e1 vystoupen\u00ed; nav\u00edc je praktick\u00fd z hlediska v\u00fdb\u011bru, mont\u00e1\u017ee a integrace do st\u00e1l\u00fdch syst\u00e9m\u016f.<\/p>\n\n\n\n<div class=\"wp-block-buttons is-content-justification-center is-layout-flex wp-container-core-buttons-is-layout-fe48e5de wp-block-buttons-is-layout-flex\">\n<div class=\"wp-block-button\"><a class=\"wp-block-button__link has-text-align-center wp-element-button\" href=\"https:\/\/commercialaudio.pl\/cs\/produkt\/glosnik-szerokopasmowy-bose-pro-sk10\/\" target=\"_blank\" rel=\"noreferrer noopener\">Seznamte se s modelem SK10<\/a><\/div>\n\n\n\n<div class=\"wp-block-button\"><a class=\"wp-block-button__link has-text-align-center wp-element-button\" href=\"https:\/\/commercialaudio.pl\/cs\/produkt\/glosnik-szerokopasmowy-bose-pro-sk12\/\">Seznamte se s modelem SK12<\/a><\/div>\n<\/div>\n\n\n\n<p class=\"wp-block-paragraph\"><\/p>","protected":false},"excerpt":{"rendered":"<p>Seria ShowTime SK, dost\u0119pna w wersjach 10&#8243; i 12&#8243;, zapewnia pot\u0119\u017cny i klarowny d\u017awi\u0119k w miejscach gdzie muzyka odgrywa kluczow\u0105 rol\u0119. Firma Bose Professional zaprezentowa\u0142a pasywne g\u0142o\u015bniki szerokopasmowe z serii ShowTime SK. Modele SK10 z 10-calowym g\u0142o\u015bnikiem i SK12 z 12-calowym g\u0142o\u015bnikiem, zaprojektowane z my\u015bl\u0105 o zamkni\u0119tych obiektach rozrywkowych, zapewniaj\u0105 pot\u0119\u017cny d\u017awi\u0119k Bose Professional w [&hellip;]<\/p>\n","protected":false},"author":5,"featured_media":12853,"comment_status":"open","ping_status":"closed","sticky":false,"template":"","format":"standard","meta":{"_acf_changed":false,"_et_pb_use_builder":"off","_et_pb_old_content":"","_et_gb_content_width":"","inline_featured_image":false,"footnotes":""},"categories":[67],"tags":[],"class_list":["post-12850","post","type-post","status-publish","format-standard","has-post-thumbnail","hentry","category-aktualnosci-ssl-atc-clearcom-bose"],"acf":[],"_links":{"self":[{"href":"https:\/\/commercialaudio.pl\/cs\/wp-json\/wp\/v2\/posts\/12850","targetHints":{"allow":["GET"]}}],"collection":[{"href":"https:\/\/commercialaudio.pl\/cs\/wp-json\/wp\/v2\/posts"}],"about":[{"href":"https:\/\/commercialaudio.pl\/cs\/wp-json\/wp\/v2\/types\/post"}],"author":[{"embeddable":true,"href":"https:\/\/commercialaudio.pl\/cs\/wp-json\/wp\/v2\/users\/5"}],"replies":[{"embeddable":true,"href":"https:\/\/commercialaudio.pl\/cs\/wp-json\/wp\/v2\/comments?post=12850"}],"version-history":[{"count":4,"href":"https:\/\/commercialaudio.pl\/cs\/wp-json\/wp\/v2\/posts\/12850\/revisions"}],"predecessor-version":[{"id":12856,"href":"https:\/\/commercialaudio.pl\/cs\/wp-json\/wp\/v2\/posts\/12850\/revisions\/12856"}],"wp:featuredmedia":[{"embeddable":true,"href":"https:\/\/commercialaudio.pl\/cs\/wp-json\/wp\/v2\/media\/12853"}],"wp:attachment":[{"href":"https:\/\/commercialaudio.pl\/cs\/wp-json\/wp\/v2\/media?parent=12850"}],"wp:term":[{"taxonomy":"category","embeddable":true,"href":"https:\/\/commercialaudio.pl\/cs\/wp-json\/wp\/v2\/categories?post=12850"},{"taxonomy":"post_tag","embeddable":true,"href":"https:\/\/commercialaudio.pl\/cs\/wp-json\/wp\/v2\/tags?post=12850"}],"curies":[{"name":"wp","href":"https:\/\/api.w.org\/{rel}","templated":true}]}}