{"id":3473,"date":"2022-06-09T07:35:25","date_gmt":"2022-06-09T05:35:25","guid":{"rendered":"https:\/\/commercialaudio.pl\/?p=3473"},"modified":"2023-09-18T11:40:10","modified_gmt":"2023-09-18T09:40:10","slug":"nowy-mniejszy-bose-videobar-vb-s","status":"publish","type":"post","link":"https:\/\/commercialaudio.pl\/cs\/nowy-mniejszy-bose-videobar-vb-s\/","title":{"rendered":"Nov\u00fd men\u0161\u00ed videobar Bose VB-S"},"content":{"rendered":"<p class=\"wp-block-paragraph\">Jedn\u00e1 se o \u201emlad\u0161\u00edho bratra\u201d videobaru, kter\u00fd je cen\u011bn pro svou kvalitu a funk\u010dnost <a href=\"https:\/\/commercialaudio.pl\/cs\/produkt\/bose-videobar-vb1\/\" target=\"_blank\" rel=\"noreferrer noopener\" class=\"rank-math-link\">VB-1<\/a>.<\/p>\n\n\n\n<p class=\"wp-block-paragraph\">Bose VB-S je ur\u010den pro men\u0161\u00ed prostory \u2013 maxim\u00e1ln\u011b 3\u00d73 metry.&nbsp;<\/p>\n\n\n\n<figure class=\"wp-block-image size-large is-resized\"><img loading=\"lazy\" decoding=\"async\" src=\"https:\/\/commercialaudio.pl\/wp-content\/uploads\/2022\/06\/commercial-audio-bose-videobar-vb-s-3-1024x576.png\" alt=\"\" class=\"wp-image-3484\" style=\"width:981px;height:550px\" width=\"981\" height=\"550\" srcset=\"https:\/\/commercialaudio.pl\/wp-content\/uploads\/2022\/06\/commercial-audio-bose-videobar-vb-s-3-980x551.png 980w, https:\/\/commercialaudio.pl\/wp-content\/uploads\/2022\/06\/commercial-audio-bose-videobar-vb-s-3-480x270.png 480w\" sizes=\"(min-width: 0px) and (max-width: 480px) 480px, (min-width: 481px) and (max-width: 980px) 980px, (min-width: 981px) 981px, 100vw\" \/><\/figure>\n\n\n\n<p class=\"wp-block-paragraph\">Nov\u00fd men\u0161\u00ed videobar je vybaven \u010dty\u0159mi mikrofony s \u0159\u00edzen\u00fdm sm\u011brov\u00fdm charakterem a 4K Ultra HD kamerou s funkcemi automatick\u00e9ho o\u0159ez\u00e1v\u00e1n\u00ed a sledov\u00e1n\u00ed objektu. U\u017eivatel m\u016f\u017ee vymezit t\u0159i z\u00f3ny, z nich\u017e bude zvuk pova\u017eov\u00e1n za ne\u017e\u00e1douc\u00ed, a to d\u00edky mechanismu potla\u010den\u00ed ozv\u011bny (AEC).<\/p>\n\n\n\n<figure class=\"wp-block-image size-medium\"><img loading=\"lazy\" decoding=\"async\" width=\"981\" height=\"550\" src=\"https:\/\/commercialaudio.pl\/wp-content\/uploads\/2022\/06\/FOTO2-edited.jpg\" alt=\"\" class=\"wp-image-3482\" srcset=\"https:\/\/commercialaudio.pl\/wp-content\/uploads\/2022\/06\/FOTO2-edited.jpg 981w, https:\/\/commercialaudio.pl\/wp-content\/uploads\/2022\/06\/FOTO2-edited-480x269.jpg 480w\" sizes=\"(min-width: 0px) and (max-width: 480px) 480px, (min-width: 481px) 981px, 100vw\" \/><\/figure>\n\n\n\n<p class=\"wp-block-paragraph\">VB-S je certifikov\u00e1n pro nejobl\u00edben\u011bj\u0161\u00ed komunika\u010dn\u00ed platformy, jako jsou Microsoft Teams, Zoom a Google Meets.<\/p>\n\n\n\n<p class=\"wp-block-paragraph\">Nov\u00fd model BOSE VB-S je vybaven rozhran\u00edm Bluetooth, d\u00edky \u010demu\u017e jej lze pou\u017e\u00edvat jako handsfree sadu, ale m\u016f\u017ee tak\u00e9 slou\u017eit jako reproduktor pro p\u0159ehr\u00e1v\u00e1n\u00ed obl\u00edben\u00e9 hudby a zajistit tak jedine\u010dnou kvalitu zvuku.<\/p>\n\n\n\n<p class=\"wp-block-paragraph\">P\u0159ipojen\u00ed zaji\u0161\u0165uje konektor USB-C a bezdr\u00e1tov\u00fd modul WiFi.<\/p>\n\n\n\n<p class=\"wp-block-paragraph\">VB-S je um\u00edst\u011bn v elegantn\u00edm kompaktn\u00edm pouzd\u0159e, kter\u00e9 bude skv\u011ble vypadat na va\u0161em stole nebo pod televizorem (dr\u017e\u00e1ky a upev\u0148ovac\u00ed prvky se prod\u00e1vaj\u00ed samostatn\u011b)<\/p>\n\n\n\n<p class=\"wp-block-paragraph\">Sou\u010d\u00e1st\u00ed za\u0159\u00edzen\u00ed je aplikace Bose Work v desktopov\u00e9 i mobiln\u00ed verzi pro nejroz\u0161\u00ed\u0159en\u011bj\u0161\u00ed opera\u010dn\u00ed syst\u00e9my.<\/p>\n\n\n\n<p class=\"wp-block-paragraph\">VIDEO: <\/p>\n\n\n\n<figure class=\"wp-block-embed is-type-video is-provider-youtube wp-block-embed-youtube wp-embed-aspect-16-9 wp-has-aspect-ratio\"><div class=\"wp-block-embed__wrapper\">\n<iframe loading=\"lazy\" title=\"Videobar VB-S od spole\u010dnosti Bose Professional\" width=\"1080\" height=\"608\" src=\"https:\/\/www.youtube.com\/embed\/SpSKEAbQQuw?feature=oembed\"  allow=\"accelerometer; autoplay; clipboard-write; encrypted-media; gyroscope; picture-in-picture; web-share\" allowfullscreen><\/iframe>\n<\/div><\/figure>\n\n\n\n<p class=\"wp-block-paragraph\"><\/p>\n\n\n\n<p class=\"wp-block-paragraph\">Nov\u00fd model Bose VB-S bude st\u00e1t 4 300 PLN v\u010detn\u011b DPH<\/p>\n\n\n\n<p class=\"wp-block-paragraph\">V\u00edce informac\u00ed o tomto produktu najdete na str\u00e1nk\u00e1ch v\u00fdrobce <a href=\"https:\/\/pro.bose.com\/en_us\/products\/conferencing\/videobars\/bose-videobar-vb-s.html\" class=\"rank-math-link\" target=\"_blank\" rel=\"noopener\">Bose Professional<\/a>.<\/p>","protected":false},"excerpt":{"rendered":"<p>To \u201em\u0142odszy brat\u201d&nbsp;cenionego za jako\u015b\u0107 i funkcjonalno\u015b\u0107 videobara VB-1. Bose VB-S jest przeznaczony do mniejszych przestrzeni \u2013 maksymalnie 3&#215;3 metry.&nbsp; Nowy mniejszy videobar zosta\u0142 wyposa\u017cony w cztery mikrofony o sterowanej wi\u0105zce, kamer\u0119 4K ultra HD z funkcjami auto-framing i follow-me. U\u017cytkownik mo\u017ce wyznaczy\u0107 trzy strefy wykluczenia, z kt\u00f3rych d\u017awi\u0119k b\u0119dzie traktowany jako niepo\u017c\u0105dany, dzi\u0119ki mechanizmowi [&hellip;]<\/p>\n","protected":false},"author":10,"featured_media":3477,"comment_status":"open","ping_status":"closed","sticky":false,"template":"","format":"standard","meta":{"_acf_changed":false,"_et_pb_use_builder":"off","_et_pb_old_content":"","_et_gb_content_width":"","inline_featured_image":false,"footnotes":""},"categories":[67],"tags":[],"class_list":["post-3473","post","type-post","status-publish","format-standard","has-post-thumbnail","hentry","category-aktualnosci-ssl-atc-clearcom-bose"],"acf":[],"_links":{"self":[{"href":"https:\/\/commercialaudio.pl\/cs\/wp-json\/wp\/v2\/posts\/3473","targetHints":{"allow":["GET"]}}],"collection":[{"href":"https:\/\/commercialaudio.pl\/cs\/wp-json\/wp\/v2\/posts"}],"about":[{"href":"https:\/\/commercialaudio.pl\/cs\/wp-json\/wp\/v2\/types\/post"}],"author":[{"embeddable":true,"href":"https:\/\/commercialaudio.pl\/cs\/wp-json\/wp\/v2\/users\/10"}],"replies":[{"embeddable":true,"href":"https:\/\/commercialaudio.pl\/cs\/wp-json\/wp\/v2\/comments?post=3473"}],"version-history":[{"count":4,"href":"https:\/\/commercialaudio.pl\/cs\/wp-json\/wp\/v2\/posts\/3473\/revisions"}],"predecessor-version":[{"id":6322,"href":"https:\/\/commercialaudio.pl\/cs\/wp-json\/wp\/v2\/posts\/3473\/revisions\/6322"}],"wp:featuredmedia":[{"embeddable":true,"href":"https:\/\/commercialaudio.pl\/cs\/wp-json\/wp\/v2\/media\/3477"}],"wp:attachment":[{"href":"https:\/\/commercialaudio.pl\/cs\/wp-json\/wp\/v2\/media?parent=3473"}],"wp:term":[{"taxonomy":"category","embeddable":true,"href":"https:\/\/commercialaudio.pl\/cs\/wp-json\/wp\/v2\/categories?post=3473"},{"taxonomy":"post_tag","embeddable":true,"href":"https:\/\/commercialaudio.pl\/cs\/wp-json\/wp\/v2\/tags?post=3473"}],"curies":[{"name":"wp","href":"https:\/\/api.w.org\/{rel}","templated":true}]}}