{"id":3554,"date":"2022-08-28T06:39:50","date_gmt":"2022-08-28T04:39:50","guid":{"rendered":"https:\/\/commercialaudio.pl\/?p=3554"},"modified":"2023-09-18T11:35:09","modified_gmt":"2023-09-18T09:35:09","slug":"nowe-subwoofery-od-atc-scs70pro-scs70iwpro","status":"publish","type":"post","link":"https:\/\/commercialaudio.pl\/cs\/nowe-subwoofery-od-atc-scs70pro-scs70iwpro\/","title":{"rendered":"Nov\u00e9 subwoofery od ATC"},"content":{"rendered":"<p class=\"wp-block-paragraph\"><\/p>\n\n\n\n<p class=\"wp-block-paragraph\">Britsk\u00fd v\u00fdrobce renomovan\u00fdch studiov\u00fdch monitor\u016f, spole\u010dnost ATC Loudspeakers, s hrdost\u00ed oznamuje uveden\u00ed dvou nov\u00fdch aktivn\u00edch subwoofer\u016f o pr\u016fm\u011bru 12\u2033\/300 mm, SCS70 Pro a SCS70iW Pro, kter\u00e9 byly navr\u017eeny tak, aby poskytovaly v\u00fdjime\u010dn\u00fd v\u00fdkon a dokonale spolupracovaly s \u0159adou renomovan\u00fdch aktivn\u00edch studiov\u00fdch monitor\u016f ATC.\u00a0 D\u00edky sv\u00e9mu v\u00fdkonu a funkc\u00edm jsou ide\u00e1ln\u00ed pro stereo syst\u00e9my, v\u00edcekan\u00e1lov\u00fd surround a imerzivn\u00ed audio form\u00e1ty, jako je Dolby Atmos.\u00a0 Model SCS70 Pro je ur\u010den pro voln\u011b stoj\u00edc\u00ed pou\u017eit\u00ed, zat\u00edmco model SCS70iW Pro byl optimalizov\u00e1n a obsahuje funkce ide\u00e1ln\u00ed pro vestavbu (do st\u011bny).<\/p>\n\n\n\n<div class=\"wp-block-columns is-layout-flex wp-container-core-columns-is-layout-8f761849 wp-block-columns-is-layout-flex\">\n<div class=\"wp-block-column is-layout-flow wp-block-column-is-layout-flow\" style=\"flex-basis:100%\">\n<div class=\"wp-block-columns is-layout-flex wp-container-core-columns-is-layout-8f761849 wp-block-columns-is-layout-flex\">\n<div class=\"wp-block-column is-layout-flow wp-block-column-is-layout-flow\">\n<figure class=\"wp-block-image size-large\"><img loading=\"lazy\" decoding=\"async\" width=\"1024\" height=\"1024\" src=\"https:\/\/commercialaudio.pl\/wp-content\/uploads\/2022\/08\/commercial-audio-news-nowe-suby-atc-scs70-scs70iw-pro-1-1024x1024.jpg\" alt=\"Audiotech Commercial NOVINKY Nov\u00e9 subwoofery ATC SCS70\/SCS70iW-PRO\" class=\"wp-image-3556\" srcset=\"https:\/\/commercialaudio.pl\/wp-content\/uploads\/2022\/08\/commercial-audio-news-nowe-suby-atc-scs70-scs70iw-pro-1-1024x1024.jpg 1024w, https:\/\/commercialaudio.pl\/wp-content\/uploads\/2022\/08\/commercial-audio-news-nowe-suby-atc-scs70-scs70iw-pro-1-980x980.jpg 980w, https:\/\/commercialaudio.pl\/wp-content\/uploads\/2022\/08\/commercial-audio-news-nowe-suby-atc-scs70-scs70iw-pro-1-480x480.jpg 480w\" sizes=\"(min-width: 0px) and (max-width: 480px) 480px, (min-width: 481px) and (max-width: 980px) 980px, (min-width: 981px) 1024px, 100vw\" \/><\/figure>\n<\/div>\n\n\n\n<div class=\"wp-block-column is-layout-flow wp-block-column-is-layout-flow\">\n<figure class=\"wp-block-image size-large\"><img loading=\"lazy\" decoding=\"async\" width=\"1024\" height=\"1024\" src=\"https:\/\/commercialaudio.pl\/wp-content\/uploads\/2022\/08\/commercial-audio-news-nowe-suby-atc-scs70-scs70iw-pro-2-1024x1024.jpg\" alt=\"Subwoofery\" class=\"wp-image-3557\" srcset=\"https:\/\/commercialaudio.pl\/wp-content\/uploads\/2022\/08\/commercial-audio-news-nowe-suby-atc-scs70-scs70iw-pro-2-1024x1024.jpg 1024w, https:\/\/commercialaudio.pl\/wp-content\/uploads\/2022\/08\/commercial-audio-news-nowe-suby-atc-scs70-scs70iw-pro-2-980x980.jpg 980w, https:\/\/commercialaudio.pl\/wp-content\/uploads\/2022\/08\/commercial-audio-news-nowe-suby-atc-scs70-scs70iw-pro-2-480x480.jpg 480w\" sizes=\"(min-width: 0px) and (max-width: 480px) 480px, (min-width: 481px) and (max-width: 980px) 980px, (min-width: 981px) 1024px, 100vw\" \/><\/figure>\n<\/div>\n<\/div>\n<\/div>\n<\/div>\n\n\n\n<h2 class=\"wp-block-heading\"><strong>Konstrukce nov\u00e9ho subwooferu ATC:<\/strong><\/h2>\n\n\n\n<p class=\"wp-block-paragraph\">V n\u00e1vaznosti na ji\u017e osv\u011bd\u010denou filozofii <a href=\"https:\/\/commercialaudio.pl\/cs\/blog\/technologie-reproduktoru-atc\/\">ATC Loudspeakers<\/a>, kter\u00e1 spo\u010d\u00edv\u00e1 ve v\u00fdrob\u011b reproduktorov\u00fdch syst\u00e9m\u016f z komponent\u016f nejvy\u0161\u0161\u00ed kvality; subwoofery jsou vybaveny nov\u00fdm subbasov\u00fdm m\u011bni\u010dem, vyvinut\u00fdm v\u00fdzkumno-a optimalizovan\u00fd pro reprodukci nejni\u017e\u0161\u00edch \u010dty\u0159 okt\u00e1v zvukov\u00e9ho spektra.\u00a0 Pro dosa\u017een\u00ed nejlep\u0161\u00edch v\u00fdkon\u016f byl studiov\u00fd subwoofer ATC navr\u017een s 30milimetrovou magnetickou \u0161t\u011brbinou, kter\u00e1 je u modelu 50% del\u0161\u00ed ne\u017e u jak\u00e9hokoli jin\u00e9ho modelu zna\u010dky ATC dosud nab\u00edzen\u00e9ho.\u00a0 Konfigurace s dlouhou mezerou a kr\u00e1tkou c\u00edvkou vyu\u017e\u00edv\u00e1 dlouholetou konstruk\u010dn\u00ed tradici ATC na maximum, minimalizuje zkreslen\u00ed a z\u00e1rove\u0148 zaji\u0161\u0165uje vysok\u00fd line\u00e1rn\u00ed zdvih, kter\u00fd je nezbytn\u00fd pro p\u0159esnou a dynamickou reprodukci n\u00edzk\u00fdch frekvenc\u00ed.\u00a0 Nov\u00fd neodymov\u00fd magnet o pr\u016fm\u011bru 6\u2033\/150 mm N48M je nejv\u00fdkonn\u011bj\u0161\u00ed, jak\u00fd kdy spole\u010dnost ATC Loudspeakers sestavila. Krom\u011b minimalizace zkreslen\u00ed zaji\u0161\u0165uje konfigurace s kr\u00e1tkou c\u00edvkou a dlouhou \u0161t\u011brbinou, \u017ee c\u00edvka z\u016fst\u00e1v\u00e1 po celou dobu obklopena ocelovou konstrukc\u00ed, co\u017e maximalizuje chlazen\u00ed, sni\u017euje kompresi v\u00fdkonu a zvy\u0161uje spolehlivost.\u00a0 Turbulentn\u00ed hluk vzduchu uvnit\u0159 m\u011bni\u010de je minimalizov\u00e1n d\u00edky velk\u00e9mu, zplo\u0161t\u011bl\u00e9mu ventila\u010dn\u00edmu otvoru proch\u00e1zej\u00edc\u00edmu st\u0159edem konstrukce, co\u017e m\u00e1 dal\u0161\u00ed v\u00fdhodu v podob\u011b zv\u00fd\u0161en\u00e9ho chlazen\u00ed.<\/p>\n\n\n\n<p class=\"wp-block-paragraph\">Studiov\u00e9 subwoofery ATC SCS70 Pro zaji\u0161\u0165uj\u00ed roz\u0161\u00ed\u0159en\u00fd p\u0159enos n\u00edzk\u00fdch frekvenc\u00ed bez pou\u017eit\u00ed elektronick\u00e9 korekce zvuku, na rozd\u00edl od mnoha subwoofer\u016f dostupn\u00fdch v sou\u010dasnosti. Nov\u00e9 subwoofery p\u0159edstavuj\u00ed kombinaci v\u00fdjime\u010dn\u00e9 konstrukce m\u011bni\u010d\u016f a m\u00edrn\u011b v\u011bt\u0161\u00edho objemu sk\u0159\u00edn\u011b.  Jednoduchost tohoto p\u0159\u00edstupu sni\u017euje f\u00e1zov\u00fd posun a skupinov\u00e9 zpo\u017ed\u011bn\u00ed, \u010d\u00edm\u017e se subwoofery dokonale integruj\u00ed do \u0159ady monitor\u016f ATC.\u00a0 V\u00fdsledkem je vyv\u00e1\u017een\u011bj\u0161\u00ed a soudr\u017en\u011bj\u0161\u00ed poslechov\u00fd z\u00e1\u017eitek, kter\u00fd roz\u0161i\u0159uje p\u0159enos n\u00edzk\u00fdch frekvenc\u00ed, ani\u017e by doch\u00e1zelo k maskov\u00e1n\u00ed detail\u016f nebo ke zm\u011bn\u011b t\u00f3nov\u00e9ho charakteru v oblasti horn\u00edch bas\u016f a doln\u00edch st\u0159ed\u016f.<\/p>\n\n\n\n<figure class=\"wp-block-image size-large\"><img loading=\"lazy\" decoding=\"async\" width=\"1024\" height=\"1024\" src=\"https:\/\/commercialaudio.pl\/wp-content\/uploads\/2022\/08\/commercial-audio-news-nowe-suby-atc-scs70-scs70iw-pro-3-1024x1024.jpg\" alt=\"Audiotech Commercial NOVINKY Nov\u00e9 subwoofery ATC SCS70\/SCS70iW-PRO 3\" class=\"wp-image-3558\" srcset=\"https:\/\/commercialaudio.pl\/wp-content\/uploads\/2022\/08\/commercial-audio-news-nowe-suby-atc-scs70-scs70iw-pro-3-1024x1024.jpg 1024w, https:\/\/commercialaudio.pl\/wp-content\/uploads\/2022\/08\/commercial-audio-news-nowe-suby-atc-scs70-scs70iw-pro-3-980x980.jpg 980w, https:\/\/commercialaudio.pl\/wp-content\/uploads\/2022\/08\/commercial-audio-news-nowe-suby-atc-scs70-scs70iw-pro-3-480x480.jpg 480w\" sizes=\"(min-width: 0px) and (max-width: 480px) 480px, (min-width: 481px) and (max-width: 980px) 980px, (min-width: 981px) 1024px, 100vw\" \/><\/figure>\n\n\n\n<h3 class=\"wp-block-heading\"><strong>Zesilova\u010d ATC, kter\u00fd se k monitoru perfektn\u011b hod\u00ed:<\/strong><\/h3>\n\n\n\n<p class=\"wp-block-paragraph\">Na z\u00e1klad\u011b 34 let zku\u0161enost\u00ed s n\u00e1vrhem a v\u00fdvojem zesilova\u010d\u016f vytvo\u0159il t\u00fdm elektronick\u00fdch in\u017een\u00fdr\u016f spole\u010dnosti ATC zcela nov\u00fd zesilova\u010d pro tyto dva nov\u00e9 subwoofery.\u00a0 Tento 300Watt zesilova\u010d t\u0159\u00eddy AB je ru\u010dn\u011b sestavov\u00e1n a precizn\u011b optimalizov\u00e1n spole\u010dnost\u00ed ATC v jej\u00edm britsk\u00e9m z\u00e1vod\u011b, co\u017e vede k rychl\u00fdm a dynamick\u00fdm bas\u016fm.\u00a0 Dva symetrick\u00e9 vstupy umo\u017e\u0148uj\u00ed p\u0159ipojen\u00ed jak ke stereofonn\u00edm, tak i k v\u00edcekan\u00e1lov\u00fdm \u010di imerzivn\u00edm audio syst\u00e9m\u016fm, zat\u00edmco dva symetrick\u00e9 v\u00fdstupy umo\u017e\u0148uj\u00ed p\u0159ipojen\u00ed monitorov\u00fdch reproduktor\u016f nebo zapojen\u00ed v\u00edce subwoofer\u016f do \u0159et\u011bzce (\u201edaisy-chain\u201d).\u00a0 Integrovan\u00e9 dolnop\u00e1smov\u00e9 filtry jsou analogov\u00e9, 4. \u0159\u00e1du typu Linkwitz-Riley, a mo\u017enosti nastaven\u00ed frekvenc\u00ed filtr\u016f zaji\u0161\u0165uj\u00ed optim\u00e1ln\u00ed integraci s \u0161irokou \u0161k\u00e1lou studiov\u00fdch monitor\u016f.\u00a0 K dispozici je tak\u00e9 standardn\u00ed dolnop\u00e1smov\u00fd filtr 80 Hz, p\u0159ep\u00edna\u010d polarity a plynul\u00e9 nastaven\u00ed f\u00e1ze o 180\u00b0.<\/p>\n\n\n\n<h3 class=\"wp-block-heading\"><strong>SCS70iW Pro<\/strong><\/h3>\n\n\n\n<p class=\"wp-block-paragraph\">SCS70iW Pro (In-Wall) je ur\u010den k mont\u00e1\u017ei do st\u011bny.\u00a0 D\u00edky plo\u0161\u0161\u00edmu krytu a zapu\u0161t\u011bn\u00e9mu panelu vstupn\u00edch konektor\u016f maximalizuje prostor na podlaze, zat\u00edmco doprovodn\u00fd d\u00e1lkov\u011b montovan\u00fd zesilova\u010d R1-300 Pro o rozm\u011brech 7U\/19\u2033 u\u017eivateli flexibilitu p\u0159i instalaci zesilova\u010de na st\u011bnu v bl\u00edzkosti subwooferu, v m\u00edstnosti nebo ve strojovn\u011b.\u00a0 Propojen\u00ed mezi subwooferem a vzd\u00e1len\u00fdm zesilova\u010dem se prov\u00e1d\u00ed pomoc\u00ed reproduktorov\u00e9ho kabelu NL4 a 5pinov\u00e9ho kabelu XLR (prod\u00e1vaj\u00ed se samostatn\u011b a jsou k dispozici v r\u016fzn\u00fdch d\u00e9lk\u00e1ch).<\/p>\n\n\n\n<div class=\"wp-block-columns is-layout-flex wp-container-core-columns-is-layout-8f761849 wp-block-columns-is-layout-flex\">\n<div class=\"wp-block-column is-layout-flow wp-block-column-is-layout-flow\">\n<figure class=\"wp-block-image size-large\"><img loading=\"lazy\" decoding=\"async\" width=\"1024\" height=\"1024\" src=\"https:\/\/commercialaudio.pl\/wp-content\/uploads\/2022\/08\/commercial-audio-news-nowe-suby-atc-scs70-scs70iw-pro-4-1024x1024.jpg\" alt=\"Audiotech Commercial NEWS Nov\u00e9 subwoofery ATC SCS70\/SCS70iW-PRO 4\" class=\"wp-image-3559\" srcset=\"https:\/\/commercialaudio.pl\/wp-content\/uploads\/2022\/08\/commercial-audio-news-nowe-suby-atc-scs70-scs70iw-pro-4-1024x1024.jpg 1024w, https:\/\/commercialaudio.pl\/wp-content\/uploads\/2022\/08\/commercial-audio-news-nowe-suby-atc-scs70-scs70iw-pro-4-980x980.jpg 980w, https:\/\/commercialaudio.pl\/wp-content\/uploads\/2022\/08\/commercial-audio-news-nowe-suby-atc-scs70-scs70iw-pro-4-480x480.jpg 480w\" sizes=\"(min-width: 0px) and (max-width: 480px) 480px, (min-width: 481px) and (max-width: 980px) 980px, (min-width: 981px) 1024px, 100vw\" \/><figcaption class=\"wp-element-caption\">Audiotech Commercial NEWS Nov\u00e9 subwoofery ATC SCS70\/SCS70iW-PRO 4<\/figcaption><\/figure>\n<\/div>\n\n\n\n<div class=\"wp-block-column is-layout-flow wp-block-column-is-layout-flow\">\n<figure class=\"wp-block-image size-large\"><img loading=\"lazy\" decoding=\"async\" width=\"1024\" height=\"1024\" src=\"https:\/\/commercialaudio.pl\/wp-content\/uploads\/2022\/08\/commercial-audio-news-nowe-suby-atc-scs70-scs70iw-pro-5-1024x1024.jpg\" alt=\"Audiotech Commercial NOVINKY Nov\u00e9 subwoofery ATC SCS70\/SCS70iW-PRO 5\" class=\"wp-image-3560\" srcset=\"https:\/\/commercialaudio.pl\/wp-content\/uploads\/2022\/08\/commercial-audio-news-nowe-suby-atc-scs70-scs70iw-pro-5-1024x1024.jpg 1024w, https:\/\/commercialaudio.pl\/wp-content\/uploads\/2022\/08\/commercial-audio-news-nowe-suby-atc-scs70-scs70iw-pro-5-980x980.jpg 980w, https:\/\/commercialaudio.pl\/wp-content\/uploads\/2022\/08\/commercial-audio-news-nowe-suby-atc-scs70-scs70iw-pro-5-480x480.jpg 480w\" sizes=\"(min-width: 0px) and (max-width: 480px) 480px, (min-width: 481px) and (max-width: 980px) 980px, (min-width: 981px) 1024px, 100vw\" \/><\/figure>\n<\/div>\n<\/div>\n\n\n\n<h3 class=\"wp-block-heading\"><strong>Dal\u0161\u00ed funkce:<\/strong><\/h3>\n\n\n\n<p class=\"wp-block-paragraph\">V\u00fdstup SCS70 Pro lze ztlumit pomoc\u00ed jedin\u00e9ho no\u017en\u00edho sp\u00edna\u010de p\u0159ipojen\u00e9ho ke vstupu mute (konektor \u00bc\u201d \/ 6,35 mm).\u00a0 Dal\u0161\u00ed subwoofery lze ztlumit pomoc\u00ed stejn\u00e9ho no\u017en\u00edho sp\u00edna\u010de, p\u0159ipojen\u00e9ho p\u0159es konektor 'Thru\u2019 pro ztlumen\u00ed.<\/p>\n\n\n\n<h3 class=\"wp-block-heading\"><strong>Vyu\u017eit\u00ed studiov\u00e9ho subwooferu SCS70:<\/strong><\/h3>\n\n\n\n<p class=\"wp-block-paragraph\">D\u00edky sv\u00fdm rozm\u011br\u016fm a v\u00fdkonu je model SCS70 Pro ide\u00e1ln\u00edm dopl\u0148kem pro \u0161irokou \u0161k\u00e1lu studiov\u00fdch reproduktor\u016f ATC, v\u010detn\u011b <a href=\"https:\/\/commercialaudio.pl\/cs\/produkt\/atc-loudspeakers-scm12pro-near-field-studio-monitor\/\">SCM12 Pro<\/a>, <a href=\"https:\/\/commercialaudio.pl\/cs\/produkt\/atc-scm20asl-pro-mk2-near-field-studio-monitor\/\">SCM20A Pro<\/a>, <a href=\"https:\/\/commercialaudio.pl\/cs\/produkt\/monitor-studyjny-bliskiego-pola-atc-loudspeakers-scm25a-pro\/\">SCM25A Pro<\/a>, <a href=\"https:\/\/commercialaudio.pl\/cs\/produkt\/atc-loudspeakers-scm45a-pro-near-field-studio-monitor\/\">SCM45A Pro<\/a> a a\u017e po <a href=\"https:\/\/commercialaudio.pl\/cs\/produkt\/monitor-studyjny-sredniego-pola-atc-loudspeakers-scm50asl-pro\/\">SCM50A Pro<\/a> v\u010detn\u011b.  Pro zv\u00fd\u0161en\u00ed v\u00fdkonu, pokryt\u00ed v\u011bt\u0161\u00edch prostor\u016f a tak\u00e9 pro spolupr\u00e1ci s v\u011bt\u0161\u00edmi modely studiov\u00fdch reproduktor\u016f ATC lze pou\u017e\u00edt n\u011bkolik subwoofer\u016f.  Propojen\u00ed prost\u0159ednictv\u00edm vestav\u011bn\u00fdch vstup\u016f a v\u00fdstup\u016f usnad\u0148uje konfiguraci v\u00edce subwoofer\u016f. Nov\u00fd subwoofer ATC Loudspeakers SCS70 bude proto ide\u00e1ln\u00edm \u0159e\u0161en\u00edm pro poslechov\u00e9 syst\u00e9my ve form\u00e1tech Surround a Immersive Audio (Dolby Atmos), kter\u00e9 kladou na n\u00edzk\u00e9 frekvence obzvl\u00e1\u0161t\u011b vysok\u00e9 n\u00e1roky. Dv\u011b nov\u00e9 konstrukce nab\u00edzej\u00ed v\u00fdjime\u010dnou \u010distotu zvuku i p\u0159i vy\u0161\u0161\u00edch hodnot\u00e1ch SPL. &nbsp;<\/p>\n\n\n\n<p class=\"wp-block-paragraph\">Doporu\u010duje se pou\u017e\u00edt <a href=\"https:\/\/professionalsupport.dolby.com\/s\/article\/The-HE-DARDT-v539-Is-Now-Available?language=en_US\">N\u00e1stroj Dolby Audio Room Design Tool<\/a> (DARDT) pro podporu p\u0159i navrhov\u00e1n\u00ed syst\u00e9m\u016f Dolby Atmos zalo\u017een\u00fdch na monitorech ATC, co\u017e zaji\u0161\u0165uje dodr\u017een\u00ed specifikac\u00ed form\u00e1tu a dosa\u017een\u00ed co nejlep\u0161\u00edho v\u00fdkonu.<\/p>\n\n\n\n<p class=\"wp-block-paragraph\">Nov\u00e9 subwoofery ATC p\u0159edstavuj\u00ed mo\u017enost upgrade pro z\u00e1kazn\u00edky, kte\u0159\u00ed vlastn\u00ed men\u0161\u00ed monitory a nemaj\u00ed prostor pro v\u011bt\u0161\u00ed monitory st\u0159edn\u00edho \u010di d\u00e1lkov\u00e9ho pole, a jsou tak\u00e9 vynikaj\u00edc\u00ed volbou pro surroundov\u00e9 a imerzivn\u00ed aplikace.\u00a0 A\u0165 u\u017e se je n\u011bkdo rozhodne vyu\u017e\u00edt jakkoli, nov\u00e9 modely SCS70 Pro a SCS70iW Pro p\u0159edstavuj\u00ed dva siln\u00e9 p\u0159\u00edr\u016fstky do produktov\u00e9 \u0159ady ATC Professional.<\/p>","protected":false},"excerpt":{"rendered":"<p>Brytyjski producent uznanych monitor\u00f3w studyjnych firma ATC Loudspeakers z dum\u0105 og\u0142asza dost\u0119pno\u015b\u0107 dw\u00f3ch nowych subwoofer\u00f3w aktywnych 12\u2033\/300mm, SCS70 Pro i SCS70iW Pro, zaprojektowanych w celu zapewnienia wyj\u0105tkowego poziomu wydajno\u015bci, integralnie wsp\u00f3\u0142pracuj\u0105cych z gam\u0105 renomowanych aktywnych monitor\u00f3w studyjnych ATC.\u00a0 Ich wydajno\u015b\u0107 i funkcje sprawiaj\u0105, \u017ce idealnie nadaj\u0105 si\u0119 do system\u00f3w stereo, wielokana\u0142owego surround i immersyjnych format\u00f3w [&hellip;]<\/p>\n","protected":false},"author":10,"featured_media":3563,"comment_status":"open","ping_status":"closed","sticky":false,"template":"","format":"standard","meta":{"_acf_changed":false,"_et_pb_use_builder":"off","_et_pb_old_content":"","_et_gb_content_width":"","inline_featured_image":false,"footnotes":""},"categories":[67],"tags":[],"class_list":["post-3554","post","type-post","status-publish","format-standard","has-post-thumbnail","hentry","category-aktualnosci-ssl-atc-clearcom-bose"],"acf":[],"_links":{"self":[{"href":"https:\/\/commercialaudio.pl\/cs\/wp-json\/wp\/v2\/posts\/3554","targetHints":{"allow":["GET"]}}],"collection":[{"href":"https:\/\/commercialaudio.pl\/cs\/wp-json\/wp\/v2\/posts"}],"about":[{"href":"https:\/\/commercialaudio.pl\/cs\/wp-json\/wp\/v2\/types\/post"}],"author":[{"embeddable":true,"href":"https:\/\/commercialaudio.pl\/cs\/wp-json\/wp\/v2\/users\/10"}],"replies":[{"embeddable":true,"href":"https:\/\/commercialaudio.pl\/cs\/wp-json\/wp\/v2\/comments?post=3554"}],"version-history":[{"count":3,"href":"https:\/\/commercialaudio.pl\/cs\/wp-json\/wp\/v2\/posts\/3554\/revisions"}],"predecessor-version":[{"id":6320,"href":"https:\/\/commercialaudio.pl\/cs\/wp-json\/wp\/v2\/posts\/3554\/revisions\/6320"}],"wp:featuredmedia":[{"embeddable":true,"href":"https:\/\/commercialaudio.pl\/cs\/wp-json\/wp\/v2\/media\/3563"}],"wp:attachment":[{"href":"https:\/\/commercialaudio.pl\/cs\/wp-json\/wp\/v2\/media?parent=3554"}],"wp:term":[{"taxonomy":"category","embeddable":true,"href":"https:\/\/commercialaudio.pl\/cs\/wp-json\/wp\/v2\/categories?post=3554"},{"taxonomy":"post_tag","embeddable":true,"href":"https:\/\/commercialaudio.pl\/cs\/wp-json\/wp\/v2\/tags?post=3554"}],"curies":[{"name":"wp","href":"https:\/\/api.w.org\/{rel}","templated":true}]}}