{"id":4622,"date":"2023-02-02T23:07:56","date_gmt":"2023-02-02T22:07:56","guid":{"rendered":"https:\/\/commercialaudio.pl\/?p=4622"},"modified":"2023-04-09T16:58:34","modified_gmt":"2023-04-09T14:58:34","slug":"bose-vb-s-s-ocenenim-best-of-show-na-ise2023","status":"publish","type":"post","link":"https:\/\/commercialaudio.pl\/cs\/bose-vb-s-z-nagroda-best-of-show-na-ise2023\/","title":{"rendered":"Bose VB-S s ocen\u011bn\u00edm Best Of Show na ISE2023"},"content":{"rendered":"<h2 class=\"wp-block-heading has-text-align-center\">S velk\u00fdm pot\u011b\u0161en\u00edm a hrdost\u00ed bychom v\u00e1m r\u00e1di ozn\u00e1mili, \u017ee videobar Bose VB-S z\u00edskal na veletrhu ISE2023 ocen\u011bn\u00ed Best Of Show podle \u010dasopis\u016f Installation a AVTechnology. <\/h2>\n\n\n\n<div class=\"wp-block-columns is-layout-flex wp-container-core-columns-is-layout-8f761849 wp-block-columns-is-layout-flex\">\n<div class=\"wp-block-column is-layout-flow wp-block-column-is-layout-flow\">\n<div class=\"wp-block-buttons is-layout-flex wp-block-buttons-is-layout-flex\">\n<div class=\"wp-block-button aligncenter\"><a class=\"wp-block-button__link wp-element-button\" href=\"https:\/\/commercialaudio.pl\/cs\/produkt\/bose-videobar-vb1\/\" target=\"_blank\" rel=\"noreferrer noopener\">Seznamte se s VB-S<\/a><\/div>\n<\/div>\n<\/div>\n\n\n\n<div class=\"wp-block-column is-layout-flow wp-block-column-is-layout-flow\">\n<div class=\"wp-block-buttons is-layout-flex wp-block-buttons-is-layout-flex\">\n<div class=\"wp-block-button aligncenter\"><a class=\"wp-block-button__link wp-element-button\" href=\"https:\/\/commercialaudio.pl\/cs\/produkt\/bose-videobar-vb1\/\" target=\"_blank\" rel=\"noreferrer noopener\">Seznamte se s VB1<\/a><\/div>\n<\/div>\n<\/div>\n<\/div>\n\n\n\n<h2 class=\"wp-block-heading\"><\/h2>\n\n\n\n<p class=\"wp-block-paragraph\">Videobary Bose jsou sou\u010d\u00e1st\u00ed skupiny produkt\u016f Bose Work. D\u00edky nim bude v\u00e1\u0161 konferen\u010dn\u00ed syst\u00e9m intuitivn\u00ed a spolehliv\u00fd.<\/p>\n\n\n\n<p class=\"wp-block-paragraph\">Dnes je pracovi\u0161t\u011bm jak\u00e9koliv m\u00edsto: kancel\u00e1\u0159, domov, auto, kav\u00e1rna. Spole\u010dnost Bose nab\u00edz\u00ed \u0159e\u0161en\u00ed, kter\u00e1 posunou v\u0161echny sch\u016fzky na vy\u0161\u0161\u00ed \u00farove\u0148, a\u0165 u\u017e jsou lid\u00e9 ve stejn\u00e9 m\u00edstnosti, nebo na r\u016fzn\u00fdch konc\u00edch sv\u011bta.<\/p>\n\n\n\n<p class=\"wp-block-paragraph\">Produkty Bose se snadno integruj\u00ed se st\u00e1vaj\u00edc\u00edmi platformami a poskytuj\u00ed lep\u0161\u00ed obrazov\u00fd a zvukov\u00fd v\u00fdkon pro obl\u00edben\u00e9 aplikace. Vytvo\u0159te si syst\u00e9m snadno a rychle s \u0159e\u0161en\u00edmi USB typu \u201ev\u0161e v jednom\u201d, jako jsou Bose Videobar VB-S a Bose Videobar VB1, \u0161pi\u010dkov\u00e1 konferen\u010dn\u00ed za\u0159\u00edzen\u00ed ide\u00e1ln\u00ed pro kancel\u00e1\u0159e a mal\u00e9 zasedac\u00ed m\u00edstnosti.<\/p>\n\n\n\n<p class=\"wp-block-paragraph\">Navrhujte pln\u011b integrovan\u00e9, vysoce v\u00fdkonn\u00e9 syst\u00e9my pro nejn\u00e1ro\u010dn\u011bj\u0161\u00ed m\u00edstnosti pomoc\u00ed produkt\u016f, jako je software Bose ControlSpace Designer, reproduktory EdgeMax a procesory ControlSpace EX.<\/p>\n\n\n\n<p class=\"wp-block-paragraph\">\u0158e\u0161en\u00ed Bose Work pom\u00e1haj\u00ed t\u00fdm\u016fm efektivn\u011bji spolupracovat a p\u0159ekra\u010duj\u00ed r\u00e1mec \u201edostate\u010dn\u011b dobr\u00e9ho\u201d zvuku a videa, tak\u017ee interakce jsou p\u0159irozen\u011bj\u0161\u00ed, lid\u00e9 mohou l\u00e9pe komunikovat, a proto si v\u00edce rozum\u00ed a l\u00e9pe pracuj\u00ed.<\/p>\n\n\n\n<p class=\"wp-block-paragraph\"> <\/p>\n\n\n\n<figure class=\"wp-block-embed is-type-video is-provider-youtube wp-block-embed-youtube wp-embed-aspect-16-9 wp-has-aspect-ratio\"><div class=\"wp-block-embed__wrapper\">\n<iframe loading=\"lazy\" title=\"Konferen\u010dn\u00ed za\u0159\u00edzen\u00ed Bose Videobar VB-S v\u0161e v jednom USB\" width=\"1080\" height=\"608\" src=\"https:\/\/www.youtube.com\/embed\/IIQOyg747RI?feature=oembed\"  allow=\"accelerometer; autoplay; clipboard-write; encrypted-media; gyroscope; picture-in-picture; web-share\" allowfullscreen><\/iframe>\n<\/div><\/figure>","protected":false},"excerpt":{"rendered":"<p>Nejlep\u0161\u00ed z v\u00fdstavy na ISE2023 pro Bose VB-S!<\/p>","protected":false},"author":5,"featured_media":4646,"comment_status":"open","ping_status":"closed","sticky":false,"template":"","format":"standard","meta":{"_acf_changed":false,"_et_pb_use_builder":"off","_et_pb_old_content":"","_et_gb_content_width":"","inline_featured_image":false,"footnotes":""},"categories":[67],"tags":[87,94,92,91,90,93,88,89],"class_list":["post-4622","post","type-post","status-publish","format-standard","has-post-thumbnail","hentry","category-aktualnosci-ssl-atc-clearcom-bose","tag-bose-professional","tag-bose-vb-s","tag-instalacja-audio-video","tag-kamerka-internetowa","tag-praca-zdalna","tag-system-konferencyjny","tag-videobar","tag-wideokonferencje"],"acf":[],"_links":{"self":[{"href":"https:\/\/commercialaudio.pl\/cs\/wp-json\/wp\/v2\/posts\/4622","targetHints":{"allow":["GET"]}}],"collection":[{"href":"https:\/\/commercialaudio.pl\/cs\/wp-json\/wp\/v2\/posts"}],"about":[{"href":"https:\/\/commercialaudio.pl\/cs\/wp-json\/wp\/v2\/types\/post"}],"author":[{"embeddable":true,"href":"https:\/\/commercialaudio.pl\/cs\/wp-json\/wp\/v2\/users\/5"}],"replies":[{"embeddable":true,"href":"https:\/\/commercialaudio.pl\/cs\/wp-json\/wp\/v2\/comments?post=4622"}],"version-history":[{"count":17,"href":"https:\/\/commercialaudio.pl\/cs\/wp-json\/wp\/v2\/posts\/4622\/revisions"}],"predecessor-version":[{"id":5812,"href":"https:\/\/commercialaudio.pl\/cs\/wp-json\/wp\/v2\/posts\/4622\/revisions\/5812"}],"wp:featuredmedia":[{"embeddable":true,"href":"https:\/\/commercialaudio.pl\/cs\/wp-json\/wp\/v2\/media\/4646"}],"wp:attachment":[{"href":"https:\/\/commercialaudio.pl\/cs\/wp-json\/wp\/v2\/media?parent=4622"}],"wp:term":[{"taxonomy":"category","embeddable":true,"href":"https:\/\/commercialaudio.pl\/cs\/wp-json\/wp\/v2\/categories?post=4622"},{"taxonomy":"post_tag","embeddable":true,"href":"https:\/\/commercialaudio.pl\/cs\/wp-json\/wp\/v2\/tags?post=4622"}],"curies":[{"name":"wp","href":"https:\/\/api.w.org\/{rel}","templated":true}]}}