{"id":5746,"date":"2023-03-31T12:35:38","date_gmt":"2023-03-31T10:35:38","guid":{"rendered":"https:\/\/commercialaudio.pl\/?p=5746"},"modified":"2023-03-31T15:19:03","modified_gmt":"2023-03-31T13:19:03","slug":"clear-com-w-dystrybucji-commercial-audio","status":"publish","type":"post","link":"https:\/\/commercialaudio.pl\/cs\/clear-com-w-dystrybucji-commercial-audio\/","title":{"rendered":"Clear-Com v komer\u010dn\u00ed distribuci zvuku!"},"content":{"rendered":"<h2 class=\"wp-block-heading has-text-align-center\">S radost\u00ed oznamujeme, \u017ee se na\u0161e spole\u010dnost stala v\u00fdhradn\u00edm distributorem zna\u010dky Clear-Com v Polsku. <\/h2>\n\n\n\n<h2 class=\"wp-block-heading has-text-align-center\">T\u00edmto roz\u0161i\u0159ujeme na\u0161i nab\u00eddku a mo\u017enosti poskytov\u00e1n\u00ed komplexn\u00edch \u0159e\u0161en\u00ed pro m\u00edsta, kde je efektivn\u00ed a p\u0159ehledn\u00e1 komunikace nezbytnost\u00ed.<\/h2>\n\n\n\n<figure class=\"wp-block-image size-large\"><img loading=\"lazy\" decoding=\"async\" width=\"1024\" height=\"576\" src=\"https:\/\/commercialaudio.pl\/wp-content\/uploads\/2023\/03\/commercial_audio_large-V-Series-Iris-X-Pushbutton-Group-Front-1024x576.jpg\" alt=\"\" class=\"wp-image-5576\" srcset=\"https:\/\/commercialaudio.pl\/wp-content\/uploads\/2023\/03\/commercial_audio_large-V-Series-Iris-X-Pushbutton-Group-Front-980x551.jpg 980w, https:\/\/commercialaudio.pl\/wp-content\/uploads\/2023\/03\/commercial_audio_large-V-Series-Iris-X-Pushbutton-Group-Front-480x270.jpg 480w\" sizes=\"(min-width: 0px) and (max-width: 480px) 480px, (min-width: 481px) and (max-width: 980px) 980px, (min-width: 981px) 1024px, 100vw\" \/><\/figure>\n\n\n\n<p class=\"has-text-align-center wp-block-paragraph\">Spole\u010dnost Commercial Audio Sp. z o.o. se specializuje na profesion\u00e1ln\u00ed audio \u0159e\u0161en\u00ed. Jsme v\u00fdhradn\u00edm distributorem \u0161pi\u010dkov\u00fdch zna\u010dek: Solid State Logic, ATC Loudspeakers, Bose Professional a nov\u011b tak\u00e9 Clear-Com.<\/p>\n\n\n\n<p class=\"has-text-align-center wp-block-paragraph\">Spolupracujeme s integr\u00e1tory, prodejci MI, projektanty syst\u00e9m\u016f atd. D\u00edky t\u00e9to spolupr\u00e1ci se zna\u010dky, kter\u00e9 zastupujeme, vyu\u017e\u00edvaj\u00ed jak v rozhlasov\u00fdch a televizn\u00edch studi\u00edch, tak v p\u0159enosov\u00fdch vozech, divadlech, nahr\u00e1vac\u00edch studi\u00edch, p\u0159i \u017eiv\u00fdch vystoupen\u00edch i v masteringov\u00fdch a postproduk\u010dn\u00edch studi\u00edch. Jsme kl\u00ed\u010dov\u00fdm partnerem pro ty, kte\u0159\u00ed cht\u011bj\u00ed za\u017e\u00edt nejvy\u0161\u0161\u00ed kvalitu zvuku a vyu\u017e\u00edvat nejnov\u011bj\u0161\u00ed audio technologie, kter\u00e9 nab\u00edzej\u00ed flexibiln\u00ed mo\u017enosti konfigurace a roz\u0161\u00ed\u0159en\u00ed.<\/p>\n\n\n\n<figure class=\"wp-block-image size-large\"><img loading=\"lazy\" decoding=\"async\" width=\"1024\" height=\"576\" src=\"https:\/\/commercialaudio.pl\/wp-content\/uploads\/2023\/03\/commercial_audio_large-Agent-IC-Station-IC-Group-Images_R2C-1024x576.jpg\" alt=\"\" class=\"wp-image-5650\" srcset=\"https:\/\/commercialaudio.pl\/wp-content\/uploads\/2023\/03\/commercial_audio_large-Agent-IC-Station-IC-Group-Images_R2C-980x551.jpg 980w, https:\/\/commercialaudio.pl\/wp-content\/uploads\/2023\/03\/commercial_audio_large-Agent-IC-Station-IC-Group-Images_R2C-480x270.jpg 480w\" sizes=\"(min-width: 0px) and (max-width: 480px) 480px, (min-width: 481px) and (max-width: 980px) 980px, (min-width: 981px) 1024px, 100vw\" \/><\/figure>\n\n\n\n<p class=\"has-text-align-center wp-block-paragraph\">Krzysztof Borowicz, mana\u017eer zna\u010dky Clear-Com v na\u0161em t\u00fdmu, v\u00e1m r\u00e1d zodpov\u00ed v\u0161echny dotazy a poskytne podporu d\u00edky sv\u00fdm dlouholet\u00fdm zku\u0161enostem z divadeln\u00ed, studiov\u00e9 a koncertn\u00ed praxe.<\/p>\n\n\n\n<p class=\"has-text-align-center wp-block-paragraph\">Cler-Com je americk\u00e1 zna\u010dka, kter\u00e1 je odjak\u017eiva pova\u017eov\u00e1na za synonymum interkomu. Ji\u017e od roku 1968 je d\u016fv\u011bryhodn\u00fdm glob\u00e1ln\u00edm dodavatelem profesion\u00e1ln\u00edch komunika\u010dn\u00edch \u0159e\u0161en\u00ed a slu\u017eeb. D\u00edky inovativn\u00edm a na trhu osv\u011bd\u010den\u00fdm technologi\u00edm zaji\u0161\u0165uje \u0161pi\u010dkovou kvalitu komunikace prost\u0159ednictv\u00edm kabelov\u00fdch i bezdr\u00e1tov\u00fdch interkomov\u00fdch syst\u00e9m\u016f. Za\u0159\u00edzen\u00ed Clear-Com umo\u017e\u0148uj\u00ed plynulou koordinaci v\u0161ech \u010dinnost\u00ed p\u0159i zachov\u00e1n\u00ed nejvy\u0161\u0161\u00ed \u00farovn\u011b spolehlivosti, bezpe\u010dnosti a jednoduchosti.<\/p>\n\n\n\n<figure class=\"wp-block-image size-large\"><img loading=\"lazy\" decoding=\"async\" width=\"1024\" height=\"576\" src=\"https:\/\/commercialaudio.pl\/wp-content\/uploads\/2023\/03\/commercial_audio_large-EdgeFS-Base_All-BP-TopsTrans-front-straight-3-1024x576.jpg\" alt=\"\" class=\"wp-image-4955\" srcset=\"https:\/\/commercialaudio.pl\/wp-content\/uploads\/2023\/03\/commercial_audio_large-EdgeFS-Base_All-BP-TopsTrans-front-straight-3-980x551.jpg 980w, https:\/\/commercialaudio.pl\/wp-content\/uploads\/2023\/03\/commercial_audio_large-EdgeFS-Base_All-BP-TopsTrans-front-straight-3-480x270.jpg 480w\" sizes=\"(min-width: 0px) and (max-width: 480px) 480px, (min-width: 481px) and (max-width: 980px) 980px, (min-width: 981px) 1024px, 100vw\" \/><\/figure>\n\n\n\n<p class=\"has-text-align-center wp-block-paragraph\">Spole\u010dnost Clear-Com jako prvn\u00ed uvedla na trh pln\u011b mobiln\u00ed interkomov\u00e9 syst\u00e9my pro \u017eiv\u00e9 produkce, a to jak kabelov\u00e9, tak bezdr\u00e1tov\u00e9, co\u017e p\u0159ineslo revoluci v komunikaci v re\u00e1ln\u00e9m \u010dase.<\/p>\n\n\n\n<p class=\"has-text-align-center wp-block-paragraph\">Spole\u010dnost se zapsala do historie telekomunikac\u00ed d\u00edky inovac\u00edm, vyu\u017e\u00edv\u00e1n\u00ed technologick\u00e9ho pokroku a zdokonalov\u00e1n\u00ed zp\u016fsobu spolupr\u00e1ce v ka\u017ed\u00e9m profesion\u00e1ln\u00edm prost\u0159ed\u00ed, kde je vy\u017eadov\u00e1na spolehliv\u00e1 komunikace na nejvy\u0161\u0161\u00ed \u00farovni. Produkty Clear-Com spl\u0148uj\u00ed v\u0161echny po\u017eadavky nejrozs\u00e1hlej\u0161\u00edch a nejslo\u017eit\u011bj\u0161\u00edch akc\u00ed i dal\u0161\u00edch \u017eiv\u00fdch produkc\u00ed. \u0160irok\u00e1 \u0161k\u00e1la za\u0159\u00edzen\u00ed umo\u017e\u0148uje u\u017eivateli flexibiln\u00ed konfiguraci interkomov\u00e9ho syst\u00e9mu p\u0159i p\u0159enosech, \u017eiv\u00fdch vystoupen\u00edch, sportovn\u00edch ud\u00e1lostech a v\u0161ude tam, kde je vy\u017eadov\u00e1n spolehliv\u00fd komunika\u010dn\u00ed syst\u00e9m.<\/p>\n\n\n\n<p class=\"has-text-align-center wp-block-paragraph\">Nav\u0161tivte na\u0161e webov\u00e9 str\u00e1nky a seznamte se s nab\u00eddkou produkt\u016f zna\u010dky Clear-Com<\/p>\n\n\n\n<p class=\"wp-block-paragraph\"><\/p>\n\n\n\n<div class=\"wp-block-buttons is-content-justification-center is-layout-flex wp-container-core-buttons-is-layout-fe48e5de wp-block-buttons-is-layout-flex\">\n<div class=\"wp-block-button\"><a class=\"wp-block-button__link wp-element-button\" href=\"https:\/\/commercialaudio.pl\/cs\/clear-com\/\" target=\"_blank\" rel=\"noreferrer noopener\">Clear-Com<\/a><\/div>\n<\/div>","protected":false},"excerpt":{"rendered":"<p>Z rado\u015bci\u0105 informujemy, \u017ce nasza firma zosta\u0142a wy\u0142\u0105cznym dystrybutorem marki Clear-Com w Polsce. Tym samym poszerzamy nasz\u0105 ofert\u0119 i mo\u017cliwo\u015b\u0107 dostarczania kompletnych rozwi\u0105za\u0144 dla miejsc, w kt\u00f3rych sprawna i przejrzysta komunikacja jest konieczno\u015bci\u0105. Commercial Audio Sp. z o.o. specjalizuje si\u0119 w profesjonalnych rozwi\u0105zaniach audio. Jeste\u015bmy wy\u0142\u0105cznym dystrybutorem najwy\u017cszej klasy marek: Solid State Logic, ATC Loudspeakers, [&hellip;]<\/p>\n","protected":false},"author":5,"featured_media":5758,"comment_status":"open","ping_status":"closed","sticky":false,"template":"","format":"standard","meta":{"_acf_changed":false,"_et_pb_use_builder":"off","_et_pb_old_content":"","_et_gb_content_width":"","inline_featured_image":false,"footnotes":""},"categories":[67],"tags":[159,161,162,160],"class_list":["post-5746","post","type-post","status-publish","format-standard","has-post-thumbnail","hentry","category-aktualnosci-ssl-atc-clearcom-bose","tag-clear-com","tag-komunikacja","tag-lacznosc","tag-systemy-interkomowe"],"acf":[],"_links":{"self":[{"href":"https:\/\/commercialaudio.pl\/cs\/wp-json\/wp\/v2\/posts\/5746","targetHints":{"allow":["GET"]}}],"collection":[{"href":"https:\/\/commercialaudio.pl\/cs\/wp-json\/wp\/v2\/posts"}],"about":[{"href":"https:\/\/commercialaudio.pl\/cs\/wp-json\/wp\/v2\/types\/post"}],"author":[{"embeddable":true,"href":"https:\/\/commercialaudio.pl\/cs\/wp-json\/wp\/v2\/users\/5"}],"replies":[{"embeddable":true,"href":"https:\/\/commercialaudio.pl\/cs\/wp-json\/wp\/v2\/comments?post=5746"}],"version-history":[{"count":7,"href":"https:\/\/commercialaudio.pl\/cs\/wp-json\/wp\/v2\/posts\/5746\/revisions"}],"predecessor-version":[{"id":5759,"href":"https:\/\/commercialaudio.pl\/cs\/wp-json\/wp\/v2\/posts\/5746\/revisions\/5759"}],"wp:featuredmedia":[{"embeddable":true,"href":"https:\/\/commercialaudio.pl\/cs\/wp-json\/wp\/v2\/media\/5758"}],"wp:attachment":[{"href":"https:\/\/commercialaudio.pl\/cs\/wp-json\/wp\/v2\/media?parent=5746"}],"wp:term":[{"taxonomy":"category","embeddable":true,"href":"https:\/\/commercialaudio.pl\/cs\/wp-json\/wp\/v2\/categories?post=5746"},{"taxonomy":"post_tag","embeddable":true,"href":"https:\/\/commercialaudio.pl\/cs\/wp-json\/wp\/v2\/tags?post=5746"}],"curies":[{"name":"wp","href":"https:\/\/api.w.org\/{rel}","templated":true}]}}