{"id":5828,"date":"2023-04-18T18:50:05","date_gmt":"2023-04-18T16:50:05","guid":{"rendered":"https:\/\/commercialaudio.pl\/?p=5828"},"modified":"2023-09-13T23:08:38","modified_gmt":"2023-09-13T21:08:38","slug":"videobar-z-certyfikatem-microsoft-teams","status":"publish","type":"post","link":"https:\/\/commercialaudio.pl\/cs\/videobar-z-certyfikatem-microsoft-teams\/","title":{"rendered":"Videobar Bose Professional VB-S s certifikac\u00ed Microsoft Teams"},"content":{"rendered":"<h2 class=\"wp-block-heading has-text-align-center\"><strong>S neskr\u00fdvanou radost\u00ed bychom v\u00e1m r\u00e1di ozn\u00e1mili, \u017ee Videobar Bose Professional VB-S z\u00edskal certifikaci Microsoft Teams.<\/strong><\/h2>\n\n\n\n<figure class=\"wp-block-image size-large\"><img loading=\"lazy\" decoding=\"async\" width=\"1024\" height=\"576\" src=\"https:\/\/commercialaudio.pl\/wp-content\/uploads\/2022\/12\/VB-S_I-Studio_FrontElevation_WithOutStand_1920x1080-1024x576.jpg\" alt=\"videobar\" class=\"wp-image-4438\" srcset=\"https:\/\/commercialaudio.pl\/wp-content\/uploads\/2022\/12\/VB-S_I-Studio_FrontElevation_WithOutStand_1920x1080-980x551.jpg 980w, https:\/\/commercialaudio.pl\/wp-content\/uploads\/2022\/12\/VB-S_I-Studio_FrontElevation_WithOutStand_1920x1080-480x270.jpg 480w\" sizes=\"(min-width: 0px) and (max-width: 480px) 480px, (min-width: 481px) and (max-width: 980px) 980px, (min-width: 981px) 1024px, 100vw\" \/><\/figure>\n\n\n\n<h3 class=\"wp-block-heading has-text-align-center\">Od t\u00e9to chv\u00edle \u00fa\u010dastn\u00edci videokonference na platform\u011b <a href=\"https:\/\/www.microsoft.com\/pl-pl\/microsoft-teams\/log-in\" target=\"_blank\" rel=\"noreferrer noopener\">Teams<\/a> budou si moci u\u017e\u00edt je\u0161t\u011b lep\u0161\u00ed kvalitu zvuku a obrazu. <\/h3>\n\n\n\n<figure class=\"wp-block-image size-full\"><img loading=\"lazy\" decoding=\"async\" width=\"1024\" height=\"576\" src=\"https:\/\/commercialaudio.pl\/wp-content\/uploads\/2023\/09\/image.jpeg\" alt=\"Obr\u00e1zek m\u00e1 pr\u00e1zdn\u00fd atribut alt; soubor s n\u00e1zvem VB-S_I-Studio_LeftFacing_GrilleSeeThru_1920x1080-1024x576.jpg\" class=\"wp-image-6260\" srcset=\"https:\/\/commercialaudio.pl\/wp-content\/uploads\/2023\/09\/image.jpeg 1024w, https:\/\/commercialaudio.pl\/wp-content\/uploads\/2023\/09\/image-980x551.jpeg 980w, https:\/\/commercialaudio.pl\/wp-content\/uploads\/2023\/09\/image-480x270.jpeg 480w\" sizes=\"(min-width: 0px) and (max-width: 480px) 480px, (min-width: 481px) and (max-width: 980px) 980px, (min-width: 981px) 1024px, 100vw\" \/><\/figure>\n\n\n\n<p class=\"has-text-align-center wp-block-paragraph\"><a href=\"https:\/\/commercialaudio.pl\/cs\/produkt\/videobar-vb-s\/\" target=\"_blank\" rel=\"noreferrer noopener\">Bose Videobar\u2122 VB-S<\/a> Jedn\u00e1 se o ide\u00e1ln\u00ed all-in-one \u0159e\u0161en\u00ed pro videokonference v m\u00edstnostech o rozm\u011brech 3 x 3 m. Jeho instalace je hra\u010dkou a funk\u010dnost, kterou nab\u00edz\u00ed, je opravdu p\u016fsobiv\u00e1. V kompaktn\u00edm a elegantn\u00edm pouzd\u0159e VB-S najdete 4K UHD kameru, \u010dty\u0159i mikrofony a reproduktor, a to v\u0161e v nejvy\u0161\u0161\u00ed kvalit\u011b zna\u010dky Bose. Spletenec kabel\u016f? Nic takov\u00e9ho! Nyn\u00ed sta\u010d\u00ed jedin\u00fd kabel USB-C.<\/p>\n\n\n\n<p class=\"wp-block-paragraph\"> <\/p>\n\n\n\n<div class=\"wp-block-buttons is-content-justification-center is-layout-flex wp-container-core-buttons-is-layout-fe48e5de wp-block-buttons-is-layout-flex\">\n<div class=\"wp-block-button\"><a class=\"wp-block-button__link wp-element-button\" href=\"https:\/\/commercialaudio.pl\/cs\/produkt\/videobar-vb-s\/\" target=\"_blank\" rel=\"noreferrer noopener\">Seznamte se s VB-S<\/a><\/div>\n<\/div>","protected":false},"excerpt":{"rendered":"<p>Z nieskrywan\u0105 przyjemno\u015bci\u0105 pragniemy poinformowa\u0107, \u017ce Videobar Bose Professional VB-S uzyska\u0142 certyfikat Microsoft Teams. Od tej chwili uczestnicy wideokonferencji na platformie Teams b\u0119d\u0105 mogli si\u0119 cieszy\u0107 jeszcze lepsz\u0105 jako\u015bci\u0105 d\u017awi\u0119ku i obrazu. Bose Videobar\u2122 VB-S to idealne rozwi\u0105zanie wideokonferencyjne all-in-one dla pomieszcze\u0144 o wymiarach 3x3m. Jego instalacja jest dziecinnie prosta, a funkcjonalno\u015b\u0107 jak\u0105 oferuje robi [&hellip;]<\/p>\n","protected":false},"author":5,"featured_media":5829,"comment_status":"open","ping_status":"closed","sticky":false,"template":"","format":"standard","meta":{"_acf_changed":false,"_et_pb_use_builder":"off","_et_pb_old_content":"","_et_gb_content_width":"","inline_featured_image":false,"footnotes":""},"categories":[67],"tags":[87,177,100,176,174,88,175],"class_list":["post-5828","post","type-post","status-publish","format-standard","has-post-thumbnail","hentry","category-aktualnosci-ssl-atc-clearcom-bose","tag-bose-professional","tag-certyfikat","tag-dzwiek","tag-microsoft-teams","tag-obraz","tag-videobar","tag-wideokonferencja"],"acf":[],"_links":{"self":[{"href":"https:\/\/commercialaudio.pl\/cs\/wp-json\/wp\/v2\/posts\/5828","targetHints":{"allow":["GET"]}}],"collection":[{"href":"https:\/\/commercialaudio.pl\/cs\/wp-json\/wp\/v2\/posts"}],"about":[{"href":"https:\/\/commercialaudio.pl\/cs\/wp-json\/wp\/v2\/types\/post"}],"author":[{"embeddable":true,"href":"https:\/\/commercialaudio.pl\/cs\/wp-json\/wp\/v2\/users\/5"}],"replies":[{"embeddable":true,"href":"https:\/\/commercialaudio.pl\/cs\/wp-json\/wp\/v2\/comments?post=5828"}],"version-history":[{"count":4,"href":"https:\/\/commercialaudio.pl\/cs\/wp-json\/wp\/v2\/posts\/5828\/revisions"}],"predecessor-version":[{"id":6261,"href":"https:\/\/commercialaudio.pl\/cs\/wp-json\/wp\/v2\/posts\/5828\/revisions\/6261"}],"wp:featuredmedia":[{"embeddable":true,"href":"https:\/\/commercialaudio.pl\/cs\/wp-json\/wp\/v2\/media\/5829"}],"wp:attachment":[{"href":"https:\/\/commercialaudio.pl\/cs\/wp-json\/wp\/v2\/media?parent=5828"}],"wp:term":[{"taxonomy":"category","embeddable":true,"href":"https:\/\/commercialaudio.pl\/cs\/wp-json\/wp\/v2\/categories?post=5828"},{"taxonomy":"post_tag","embeddable":true,"href":"https:\/\/commercialaudio.pl\/cs\/wp-json\/wp\/v2\/tags?post=5828"}],"curies":[{"name":"wp","href":"https:\/\/api.w.org\/{rel}","templated":true}]}}