{"id":6365,"date":"2023-09-22T11:11:37","date_gmt":"2023-09-22T09:11:37","guid":{"rendered":"https:\/\/commercialaudio.pl\/?p=6365"},"modified":"2023-10-23T11:27:59","modified_gmt":"2023-10-23T09:27:59","slug":"instalacja-bose-professional-naglosnienie","status":"publish","type":"post","link":"https:\/\/commercialaudio.pl\/cs\/instalacja-bose-professional-naglosnienie\/","title":{"rendered":"Instalace syst\u00e9mu Bose Professional v restauraci Terrace ve Vratislavi"},"content":{"rendered":"<h2 class=\"wp-block-heading\">W <a href=\"https:\/\/restauracjatarasowa.pl\/\" target=\"_blank\" rel=\"noreferrer noopener\">Restaurace Tarasowa<\/a> V Vratislavsk\u00e9m kongresov\u00e9m centru, kter\u00e9 je sou\u010d\u00e1st\u00ed komplexu Stalet\u00ed, zapsan\u00e9ho na seznam sv\u011btov\u00e9ho d\u011bdictv\u00ed UNESCO, byla realizov\u00e1na instalace spole\u010dnosti Bose Professional.<\/h2>\n\n\n\n<figure class=\"wp-block-embed is-type-video is-provider-youtube wp-block-embed-youtube wp-embed-aspect-16-9 wp-has-aspect-ratio\"><div class=\"wp-block-embed__wrapper\">\n<iframe loading=\"lazy\" title=\"Restaurace Tarasowa ve Vratislavi s ozvu\u010den\u00edm BOSE Professional | Komer\u010dn\u00ed audio |\" width=\"1080\" height=\"608\" src=\"https:\/\/www.youtube.com\/embed\/E4RgyYWX_Dw?feature=oembed\"  allow=\"accelerometer; autoplay; clipboard-write; encrypted-media; gyroscope; picture-in-picture; web-share\" allowfullscreen><\/iframe>\n<\/div><\/figure>\n\n\n\n<p class=\"wp-block-paragraph\">Rozsah na\u0161\u00ed zak\u00e1zky zahrnoval p\u0159\u00edpravu koncepce, n\u00e1vrhu, vypracov\u00e1n\u00ed rozpo\u010dtu, technick\u00e9 specifikace a dod\u00e1vku vybaven\u00ed, tedy cel\u00fd investi\u010dn\u00ed proces s v\u00fdjimkou samotn\u00e9 realizace. Dod\u00e1vka zahrnovala stropn\u00ed reproduktory z \u0159ady Bose Professional <a href=\"https:\/\/commercialaudio.pl\/cs\/produkt\/design-max\/\" target=\"_blank\" rel=\"noreferrer noopener\">DesignMax<\/a>, modely <a href=\"https:\/\/commercialaudio.pl\/wp-content\/uploads\/2021\/05\/tds_designmax_dm5c_en.pdf\" target=\"_blank\" rel=\"noreferrer noopener\">DM5C<\/a> a subwoofery <a href=\"https:\/\/commercialaudio.pl\/wp-content\/uploads\/2021\/05\/tds_designmax_dm8c-sub_en.pdf\" target=\"_blank\" rel=\"noreferrer noopener\">DM8C SUB<\/a>. Spr\u00e1vu syst\u00e9mu jsme sv\u011b\u0159ili procesoru <a href=\"https:\/\/commercialaudio.pl\/wp-content\/uploads\/2021\/05\/TDS_CSP-1248_A4_1.pdf\">Bose CSP428<\/a>, a v\u00fdkon zaji\u0161\u0165uje zesilova\u010d <a href=\"https:\/\/commercialaudio.pl\/wp-content\/uploads\/2021\/05\/tds_PowerSpace-p4300-en.pdf\">Bose PowerSpace 4300+<\/a>. Komunikace mezi zesilova\u010dem a procesorem prob\u00edh\u00e1 prost\u0159ednictv\u00edm rozhran\u00ed AmpLik, tedy digit\u00e1ln\u00edho p\u0159enosov\u00e9ho standardu spole\u010dnosti Bose. D\u00e1le jsme dodali dva n\u00e1st\u011bnn\u00e9 ovlada\u010de z \u0159ady CC a d\u00e1lkov\u00e9 ovl\u00e1d\u00e1n\u00ed syst\u00e9mu se prov\u00e1d\u00ed pomoc\u00ed aplikace ControlSpace Remote. <\/p>\n\n\n\n<figure class=\"wp-block-image aligncenter size-full is-resized\"><img loading=\"lazy\" decoding=\"async\" width=\"800\" height=\"800\" src=\"https:\/\/commercialaudio.pl\/wp-content\/uploads\/2021\/05\/commercial-audio-bose-designmax-dm5c.jpg\" alt=\"instalace syst\u00e9mu Bose\" class=\"wp-image-2563\" style=\"width:300px;height:undefinedpx\" srcset=\"https:\/\/commercialaudio.pl\/wp-content\/uploads\/2021\/05\/commercial-audio-bose-designmax-dm5c.jpg 800w, https:\/\/commercialaudio.pl\/wp-content\/uploads\/2021\/05\/commercial-audio-bose-designmax-dm5c-480x480.jpg 480w\" sizes=\"(min-width: 0px) and (max-width: 480px) 480px, (min-width: 481px) 800px, 100vw\" \/><figcaption class=\"wp-element-caption\">Bose DesignMax DM5C<\/figcaption><\/figure>\n\n\n\n<p class=\"wp-block-paragraph\">C\u00edlem projektu bylo umo\u017enit v\u0161estrann\u00e9 vyu\u017eit\u00ed ozvu\u010dovac\u00edho syst\u00e9mu. Instalace se proto pou\u017e\u00edv\u00e1 k p\u0159ehr\u00e1v\u00e1n\u00ed podkresov\u00e9 hudby, k ozvu\u010den\u00ed konferenc\u00ed, p\u0159edn\u00e1\u0161ek, tiskov\u00fdch konferenc\u00ed, \u017eiv\u00fdch vystoupen\u00ed mal\u00fdch kapel \u010di k ozvu\u010den\u00ed DJ\u016f. Toto v\u0161estrann\u00e9 vyu\u017eit\u00ed usnad\u0148uje n\u00e1st\u011bnn\u00fd ovlada\u010d CC3D, kter\u00fd umo\u017e\u0148uje v\u00fdb\u011br jednoho ze 4 extern\u00edch zdroj\u016f zvuku. <\/p>\n\n\n\n<figure class=\"wp-block-image aligncenter size-full is-resized\"><img loading=\"lazy\" decoding=\"async\" width=\"800\" height=\"800\" src=\"https:\/\/commercialaudio.pl\/wp-content\/uploads\/2021\/05\/commercial-audio-bose-designmax-dm8c-sub.jpg\" alt=\"Bose DesignMax DM8C-SUB\" class=\"wp-image-2569\" style=\"width:300px;height:undefinedpx\" srcset=\"https:\/\/commercialaudio.pl\/wp-content\/uploads\/2021\/05\/commercial-audio-bose-designmax-dm8c-sub.jpg 800w, https:\/\/commercialaudio.pl\/wp-content\/uploads\/2021\/05\/commercial-audio-bose-designmax-dm8c-sub-480x480.jpg 480w\" sizes=\"(min-width: 0px) and (max-width: 480px) 480px, (min-width: 481px) 800px, 100vw\" \/><figcaption class=\"wp-element-caption\">Bose DesignMax DM8C-SUB<\/figcaption><\/figure>\n\n\n\n<p class=\"wp-block-paragraph\">Pou\u017eit\u00ed stropn\u00edch reproduktor\u016f vypl\u00fdvalo ze skute\u010dnosti, \u017ee budova podl\u00e9h\u00e1 p\u0159\u00edsn\u00e9mu dohledu pam\u00e1tkov\u00e9ho \u00fa\u0159adu, co\u017e znemo\u017enilo instalaci jak\u00fdchkoli \u201evy\u010dn\u00edvaj\u00edc\u00edch konstrukc\u00ed\u201d, jako jsou nap\u0159\u00edklad n\u00e1st\u011bnn\u00e9 reproduktory. Mezi kl\u00ed\u010dov\u00e9 vlastnosti reproduktor\u016f Bose Professional DesignMax pat\u0159\u00ed zejm\u00e9na jejich konstrukce, nebo\u0165 jsou vybaveny kryty, d\u00edky \u010demu\u017e jejich zvukov\u00e9 vlastnosti nez\u00e1vis\u00ed na tom, jak je strop zkonstruov\u00e1n. Reproduktory Bose jsou nav\u00edc k dispozici ve dvou z\u00e1kladn\u00edch barv\u00e1ch, \u010dern\u00e9 a b\u00edl\u00e9, ale lze je tak\u00e9 nat\u0159\u00edt na libovolnou barvu, co\u017e nen\u00ed pro instala\u010dn\u00ed za\u0159\u00edzen\u00ed bez v\u00fdznamu. D\u00edky tomu byl v\u00fdb\u011br reproduktor\u016f Bose Professional tou nejlep\u0161\u00ed mo\u017enou volbou.<\/p>\n\n\n\n<figure class=\"wp-block-image aligncenter size-full is-resized\"><img loading=\"lazy\" decoding=\"async\" width=\"800\" height=\"800\" src=\"https:\/\/commercialaudio.pl\/wp-content\/uploads\/2021\/05\/Procesor-Bose-Betacon-CSP-428.jpg\" alt=\"Procesor Bose Betacon CSP 428\" class=\"wp-image-2483\" style=\"width:300px;height:undefinedpx\"\/><figcaption class=\"wp-element-caption\">Procesor Bose Betacon CSP 428<\/figcaption><\/figure>\n\n\n\n<p class=\"wp-block-paragraph\">Pro p\u0159edb\u011b\u017enou simulaci jsme pou\u017eili dva modely DesignMax DM3C a DM5C, kter\u00e9 se osv\u011bd\u010dily. Nakonec jsme se rozhodli pro model DM5C, kter\u00fd jsme d\u00edky jeho akustick\u00fdm parametr\u016fm mohli nainstalovat v men\u0161\u00edm po\u010dtu a p\u0159itom zachovat p\u0159esn\u00e9 pokryt\u00ed cel\u00e9ho prostoru a zvuk nejvy\u0161\u0161\u00ed kvality. V\u00fdsledkem t\u00e9to volby byl tak\u00e9 men\u0161\u00ed z\u00e1sah do stropu, a tedy i rychlej\u0161\u00ed a levn\u011bj\u0161\u00ed instalace. Nav\u00edc jsme v restaura\u010dn\u00ed \u010d\u00e1sti a ve VIP z\u00f3n\u011b nainstalovali po jednom subwooferu DM8C. Vzhledem k zvukov\u00fdm kvalit\u00e1m reproduktor\u016f DM5C nebylo v p\u0159\u00edpad\u011b reprodukce hudby na pozad\u00ed pou\u017eit\u00ed subwoofer\u016f nutn\u00e9, av\u0161ak s ohledem na akce s DJem nebo \u017eiv\u00e1 vystoupen\u00ed, tedy situace vy\u017eaduj\u00edc\u00ed v\u011bt\u0161\u00ed mno\u017estv\u00ed nejni\u017e\u0161\u00edch frekvenc\u00ed, jsme se rozhodli je do projektu zahrnout. <\/p>\n\n\n\n<figure class=\"wp-block-image aligncenter size-full is-resized\"><img loading=\"lazy\" decoding=\"async\" width=\"800\" height=\"800\" src=\"https:\/\/commercialaudio.pl\/wp-content\/uploads\/2021\/05\/commercial-audio-wzmacniacz-bose-powerspace-p4300plus.jpg\" alt=\"Bose PowerSpace 4300+\" class=\"wp-image-2475\" style=\"width:300px;height:undefinedpx\" srcset=\"https:\/\/commercialaudio.pl\/wp-content\/uploads\/2021\/05\/commercial-audio-wzmacniacz-bose-powerspace-p4300plus.jpg 800w, https:\/\/commercialaudio.pl\/wp-content\/uploads\/2021\/05\/commercial-audio-wzmacniacz-bose-powerspace-p4300plus-480x480.jpg 480w\" sizes=\"(min-width: 0px) and (max-width: 480px) 480px, (min-width: 481px) 800px, 100vw\" \/><figcaption class=\"wp-element-caption\">Bose PowerSpace 4300+<\/figcaption><\/figure>\n\n\n\n<p class=\"wp-block-paragraph\">Z funk\u010dn\u00edho hlediska je cel\u00fd ozvu\u010dovac\u00ed syst\u00e9m rozd\u011blen do 3 z\u00f3n: restaurace, bar a VIP. Procesor CSP428 podporuje a\u017e 5 z\u00f3n, d\u00edky \u010demu\u017e m\u00e1me mo\u017enost spravovat i dal\u0161\u00ed dv\u011b oblasti, kter\u00e9 se pravd\u011bpodobn\u011b objev\u00ed v budoucnu. Cel\u00fd projekt byl zva\u017eov\u00e1n nejen z hlediska restaurace, ale i cel\u00e9 budovy, kter\u00e1 pln\u00ed r\u016fzn\u00e9 funkce. N\u00e1\u0161 projekt byl koncipov\u00e1n komplexn\u011b, av\u0161ak v sou\u010dasn\u00e9 dob\u011b byla realizov\u00e1na pouze restaura\u010dn\u00ed \u010d\u00e1st.<\/p>\n\n\n\n<p class=\"wp-block-paragraph\">Instalace syst\u00e9mu Bose Professional v restauraci Tarasowa je vynikaj\u00edc\u00edm p\u0159\u00edkladem toho, jak p\u0159istupujeme k navrhov\u00e1n\u00ed ozvu\u010dovac\u00edch syst\u00e9m\u016f. Pe\u010dliv\u011b naslouch\u00e1me pot\u0159eb\u00e1m z\u00e1kazn\u00edka, analyzujeme v\u0161echny mo\u017enosti a navrhujeme ta nejvhodn\u011bj\u0161\u00ed \u0159e\u0161en\u00ed. Pou\u017eit\u00ed za\u0159\u00edzen\u00ed Bose Professional zaru\u010duje nejlep\u0161\u00ed kvalitu zvuku, nejmodern\u011bj\u0161\u00ed a jedine\u010dn\u00e9 technologie i neust\u00e1lou podporu ze strany v\u00fdrobce. Restaurace Tarasowa je vynikaj\u00edc\u00edm p\u0159\u00edkladem toho, jak d\u016fle\u017eit\u00e9 je p\u0159i navrhov\u00e1n\u00ed myslet s ohledem na budoucnost, tedy volit takov\u00e1 \u0159e\u0161en\u00ed, kter\u00e1 v p\u0159\u00edpad\u011b pot\u0159eby umo\u017e\u0148uj\u00ed roz\u0161\u00ed\u0159en\u00ed st\u00e1vaj\u00edc\u00ed instalace, ani\u017e by bylo nutn\u00e9 vym\u011bnit cel\u00fd ozvu\u010dovac\u00ed syst\u00e9m, nebo kombinace nekompatibiln\u00edch technologi\u00ed, kter\u00e9 mohou v\u00fdrazn\u011b sn\u00ed\u017eit funk\u010dnost  syst\u00e9mu. <\/p>\n\n\n\n<p class=\"has-text-align-center wp-block-paragraph\">Pokud m\u00e1te z\u00e1jem o za\u0159\u00edzen\u00ed Bose Professional, obra\u0165te se na na\u0161e odborn\u00edky.<\/p>\n\n\n\n<div class=\"wp-block-columns is-layout-flex wp-container-core-columns-is-layout-8f761849 wp-block-columns-is-layout-flex\">\n<div class=\"wp-block-column is-layout-flow wp-block-column-is-layout-flow\">\n<figure class=\"wp-block-image aligncenter\"><img loading=\"lazy\" decoding=\"async\" width=\"300\" height=\"300\" src=\"https:\/\/commercialaudio.pl\/wp-content\/uploads\/2023\/01\/Commercial_Audio_Tomasz_Nowicki_01.jpg\" alt=\"Tomasz Nowicki\" class=\"wp-image-4600\" srcset=\"https:\/\/commercialaudio.pl\/wp-content\/uploads\/2023\/01\/Commercial_Audio_Tomasz_Nowicki_01.jpg 300w, https:\/\/commercialaudio.pl\/wp-content\/uploads\/2023\/01\/Commercial_Audio_Tomasz_Nowicki_01-150x150.jpg 150w, https:\/\/commercialaudio.pl\/wp-content\/uploads\/2023\/01\/Commercial_Audio_Tomasz_Nowicki_01-100x100.jpg 100w, https:\/\/commercialaudio.pl\/wp-content\/uploads\/2023\/01\/Commercial_Audio_Tomasz_Nowicki_01-64x64.jpg 64w\" sizes=\"(max-width: 300px) 100vw, 300px\" \/><\/figure>\n\n\n\n<h4 class=\"wp-block-heading has-text-align-center\">Tomasz Nowicki<\/h4>\n\n\n\n<p class=\"has-text-align-center wp-block-paragraph\">Bose Professional<\/p>\n\n\n\n<p class=\"has-text-align-center wp-block-paragraph\"><a href=\"tel:+48516502225\/\">+48 516 502 225<\/a><br><a href=\"mailto:t.nowicki@commercialaudio.pl\">t.nowicki@caudio.pl<\/a><\/p>\n<\/div>\n\n\n\n<div class=\"wp-block-column is-layout-flow wp-block-column-is-layout-flow\">\n<figure class=\"wp-block-image aligncenter\"><img loading=\"lazy\" decoding=\"async\" width=\"300\" height=\"300\" src=\"https:\/\/commercialaudio.pl\/wp-content\/uploads\/2023\/07\/Daniel_01.jpg\" alt=\"Daniel Kwiatkowski\" class=\"wp-image-6079\" srcset=\"https:\/\/commercialaudio.pl\/wp-content\/uploads\/2023\/07\/Daniel_01.jpg 300w, https:\/\/commercialaudio.pl\/wp-content\/uploads\/2023\/07\/Daniel_01-150x150.jpg 150w, https:\/\/commercialaudio.pl\/wp-content\/uploads\/2023\/07\/Daniel_01-100x100.jpg 100w, https:\/\/commercialaudio.pl\/wp-content\/uploads\/2023\/07\/Daniel_01-64x64.jpg 64w\" sizes=\"(max-width: 300px) 100vw, 300px\" \/><\/figure>\n\n\n\n<h4 class=\"wp-block-heading has-text-align-center\">Daniel Kwiatkowski<\/h4>\n\n\n\n<p class=\"has-text-align-center wp-block-paragraph\">Bose Professional<\/p>\n\n\n\n<p class=\"has-text-align-center wp-block-paragraph\"><a href=\"mailto:proaudio@audiotechpro.pl\"><\/a><a href=\"tel:+48666665157\">+48 666 665 157<\/a><a href=\"mailto:proaudio@audiotechpro.pl\"><\/a><br><a href=\"mailto:d.kwiatkowski@caudio.pl\">d.kwiatkowski@caudio.pl<\/a><\/p>\n<\/div>\n<\/div>\n\n\n\n<p class=\"wp-block-paragraph\"><strong>DesignMax DM5C<\/strong> Jedn\u00e1 se o dvoucestn\u00fd stropn\u00ed reproduktor zalo\u017een\u00fd na basov\u00e9m m\u011bni\u010di o pr\u016fm\u011bru 5,25 palce a 1palcov\u00e9m v\u00fd\u0161kov\u00e9m m\u011bni\u010di, kter\u00fd je v syst\u00e9mu Dispersion Alignment namontov\u00e1n souos\u011b. Tento 60 W reproduktor nab\u00edz\u00ed \u0161irok\u00fd frekven\u010dn\u00ed rozsah 65 Hz\u201320 kHz.<br><strong>DesignMax DM8C-SUB<\/strong> Jedn\u00e1 se o 8palcov\u00fd basov\u00fd reproduktor s frekven\u010dn\u00edm rozsahem 35 Hz\u2013155 Hz a v\u00fdkonem 180 W.<\/p>","protected":false},"excerpt":{"rendered":"<p>Instalace syst\u00e9mu Bose Professional zahrnovala v\u00fdvoj koncepce, n\u00e1vrh, stanoven\u00ed n\u00e1klad\u016f, technick\u00e9 specifikace a dod\u00e1vku za\u0159\u00edzen\u00ed.<\/p>","protected":false},"author":5,"featured_media":6370,"comment_status":"open","ping_status":"closed","sticky":false,"template":"","format":"standard","meta":{"_acf_changed":false,"_et_pb_use_builder":"off","_et_pb_old_content":"","_et_gb_content_width":"","inline_featured_image":false,"footnotes":""},"categories":[67],"tags":[101,87,100,102,104,186,201],"class_list":["post-6365","post","type-post","status-publish","format-standard","has-post-thumbnail","hentry","category-aktualnosci-ssl-atc-clearcom-bose","tag-audio","tag-bose-professional","tag-dzwiek","tag-glosniki-sufitowe","tag-instalacja","tag-naglosnienie","tag-naglosnienie-instalacyjne"],"acf":[],"_links":{"self":[{"href":"https:\/\/commercialaudio.pl\/cs\/wp-json\/wp\/v2\/posts\/6365","targetHints":{"allow":["GET"]}}],"collection":[{"href":"https:\/\/commercialaudio.pl\/cs\/wp-json\/wp\/v2\/posts"}],"about":[{"href":"https:\/\/commercialaudio.pl\/cs\/wp-json\/wp\/v2\/types\/post"}],"author":[{"embeddable":true,"href":"https:\/\/commercialaudio.pl\/cs\/wp-json\/wp\/v2\/users\/5"}],"replies":[{"embeddable":true,"href":"https:\/\/commercialaudio.pl\/cs\/wp-json\/wp\/v2\/comments?post=6365"}],"version-history":[{"count":7,"href":"https:\/\/commercialaudio.pl\/cs\/wp-json\/wp\/v2\/posts\/6365\/revisions"}],"predecessor-version":[{"id":6711,"href":"https:\/\/commercialaudio.pl\/cs\/wp-json\/wp\/v2\/posts\/6365\/revisions\/6711"}],"wp:featuredmedia":[{"embeddable":true,"href":"https:\/\/commercialaudio.pl\/cs\/wp-json\/wp\/v2\/media\/6370"}],"wp:attachment":[{"href":"https:\/\/commercialaudio.pl\/cs\/wp-json\/wp\/v2\/media?parent=6365"}],"wp:term":[{"taxonomy":"category","embeddable":true,"href":"https:\/\/commercialaudio.pl\/cs\/wp-json\/wp\/v2\/categories?post=6365"},{"taxonomy":"post_tag","embeddable":true,"href":"https:\/\/commercialaudio.pl\/cs\/wp-json\/wp\/v2\/tags?post=6365"}],"curies":[{"name":"wp","href":"https:\/\/api.w.org\/{rel}","templated":true}]}}