{"id":6876,"date":"2023-11-09T10:38:02","date_gmt":"2023-11-09T09:38:02","guid":{"rendered":"https:\/\/commercialaudio.pl\/?p=6876"},"modified":"2023-11-09T10:39:14","modified_gmt":"2023-11-09T09:39:14","slug":"komercni-zvuk-na-soundedit-home-music-prod","status":"publish","type":"post","link":"https:\/\/commercialaudio.pl\/cs\/commercial-audio-na-soundedit-home-music-prod\/","title":{"rendered":"Komer\u010dn\u00ed zvuk na Soundedit\u201923"},"content":{"rendered":"<h2 class=\"wp-block-heading\">Spole\u010dnost Commercial Audio se op\u011bt z\u00fa\u010dastn\u00ed ka\u017edoro\u010dn\u00edho festivalu Soundedit.<\/h2>\n\n\n\n<p class=\"wp-block-paragraph\">V d\u00edlensk\u00e9 \u010d\u00e1sti prvn\u00edho dne, tj.\u00a0<strong>13.11 ve 14:00 v m\u00edstnosti E<\/strong>\u00a0panel\u00a0<strong>\u201eKritick\u00e9 naslouch\u00e1n\u00ed aneb jak naslouchat a nekritizovat\u201d.\u201d<\/strong>\u00a0povede\u00a0<strong>Dr. Magdalena Piotrowska<\/strong>, kter\u00e1 svou v\u00e1\u0161e\u0148 pro zvuk rozvinula b\u011bhem postgradu\u00e1ln\u00edho studia hudebn\u00ed produkce a nahr\u00e1v\u00e1n\u00ed ve Stavangeru (Norsko) a v Banffov\u011b centru pro um\u011bn\u00ed a kreativitu v Kanad\u011b. <\/p>\n\n\n\n<figure class=\"wp-block-image aligncenter size-large is-resized\"><img loading=\"lazy\" decoding=\"async\" width=\"1024\" height=\"1024\" src=\"https:\/\/commercialaudio.pl\/wp-content\/uploads\/2023\/11\/magdalena_piotrowska_soundedit-1024x1024.jpg\" alt=\"\" class=\"wp-image-6879\" style=\"width:300px\" srcset=\"https:\/\/commercialaudio.pl\/wp-content\/uploads\/2023\/11\/magdalena_piotrowska_soundedit-980x980.jpg 980w, https:\/\/commercialaudio.pl\/wp-content\/uploads\/2023\/11\/magdalena_piotrowska_soundedit-480x480.jpg 480w\" sizes=\"(min-width: 0px) and (max-width: 480px) 480px, (min-width: 481px) and (max-width: 980px) 980px, (min-width: 981px) 1024px, 100vw\" \/><\/figure>\n\n\n\n<p class=\"wp-block-paragraph\">Od roku 2016 vede studio\u00a0<a href=\"https:\/\/www.hearcandymastering.com\/\" target=\"_blank\" rel=\"noreferrer noopener\">Sly\u0161et Candy Mastering<\/a>, kde spolupracuje s vydavatelstv\u00edmi z Polska, N\u011bmecka, Kanady, Norska, Japonska, Francie a USA (nap\u0159. Pawe\u0142 G\u00f3rniak, Jimek, Merkabah, Sorry Boys, Skubas, Knut Kvifte Nesheim, Johannes Hamm, Alan Demsky, Ch\u0142opcy Kontra Basia, Renata Przemyk, Jan Stok\u0142osa, Pendofsky, Capella Cracoviensis).<\/p>\n\n\n\n<p class=\"wp-block-paragraph\">Bez ohledu na tento zaj\u00edmav\u00fd panel, na kter\u00fd jste srde\u010dn\u011b zv\u00e1ni.\u00a0<strong>v m\u00edstnosti D2<\/strong>\u00a0Bude mo\u017en\u00e9 se sezn\u00e1mit s n\u00e1stroji ur\u010den\u00fdmi pro\u00a0<strong>Home Hudebn\u00ed produkce<\/strong>\u00a0<a href=\"https:\/\/commercialaudio.pl\/cs\/polovodicova-logika\/\" target=\"_blank\" rel=\"noreferrer noopener\">Solid State Logic<\/a>, <a href=\"https:\/\/commercialaudio.pl\/cs\/reproduktory-atc\/\">ATC Loudspeakers<\/a> a p\u0159enosn\u00fd zvukov\u00fd syst\u00e9m <a href=\"https:\/\/commercialaudio.pl\/cs\/bose-professional\/\" target=\"_blank\" rel=\"noreferrer noopener\">Bose Professional<\/a> a dal\u0161\u00ed za\u0159\u00edzen\u00ed tak\u00e9 z nab\u00eddky spole\u010dnosti <a href=\"https:\/\/audiotechpro.pl\/\" target=\"_blank\" rel=\"noreferrer noopener\">Audiotech<\/a>.<\/p>\n\n\n\n<p class=\"wp-block-paragraph\">Po celou dobu festivalu pracoval t\u00fdm Commercial Audio ve slo\u017een\u00ed:<\/p>\n\n\n\n<div class=\"wp-block-columns is-layout-flex wp-container-core-columns-is-layout-8f761849 wp-block-columns-is-layout-flex\">\n<div class=\"wp-block-column is-layout-flow wp-block-column-is-layout-flow\" style=\"flex-basis:100%\">\n<div class=\"wp-block-columns is-layout-flex wp-container-core-columns-is-layout-8f761849 wp-block-columns-is-layout-flex\">\n<div class=\"wp-block-column is-layout-flow wp-block-column-is-layout-flow\">\n<figure class=\"wp-block-image aligncenter\"><img loading=\"lazy\" decoding=\"async\" width=\"300\" height=\"300\" src=\"https:\/\/commercialaudio.pl\/wp-content\/uploads\/2023\/10\/commercial-audio-piotr-polak.png\" alt=\"Piotr Polak\" class=\"wp-image-6406\" srcset=\"https:\/\/commercialaudio.pl\/wp-content\/uploads\/2023\/10\/commercial-audio-piotr-polak.png 300w, https:\/\/commercialaudio.pl\/wp-content\/uploads\/2023\/10\/commercial-audio-piotr-polak-150x150.png 150w, https:\/\/commercialaudio.pl\/wp-content\/uploads\/2023\/10\/commercial-audio-piotr-polak-100x100.png 100w, https:\/\/commercialaudio.pl\/wp-content\/uploads\/2023\/10\/commercial-audio-piotr-polak-64x64.png 64w\" sizes=\"(max-width: 300px) 100vw, 300px\" \/><\/figure>\n\n\n\n<h4 class=\"wp-block-heading has-text-align-center\">Piotr Polak<\/h4>\n\n\n\n<p class=\"has-text-align-center wp-block-paragraph\">Reproduktory SSL Studio \/ ATC<\/p>\n\n\n\n<p class=\"has-text-align-center wp-block-paragraph\"><a href=\"tel:+48604144664\">+48 604 144 664<\/a><br><a href=\"mailto:proaudio@audiotechpro.pl\">proaudio@audiotechpro.pl<\/a><\/p>\n<\/div>\n\n\n\n<div class=\"wp-block-column is-layout-flow wp-block-column-is-layout-flow\">\n<figure class=\"wp-block-image aligncenter\"><img loading=\"lazy\" decoding=\"async\" width=\"300\" height=\"300\" src=\"https:\/\/commercialaudio.pl\/wp-content\/uploads\/2023\/10\/commercial-audio-krzysztof-borowicz.png\" alt=\"Krzysztof Borowicz\" class=\"wp-image-6403\" srcset=\"https:\/\/commercialaudio.pl\/wp-content\/uploads\/2023\/10\/commercial-audio-krzysztof-borowicz.png 300w, https:\/\/commercialaudio.pl\/wp-content\/uploads\/2023\/10\/commercial-audio-krzysztof-borowicz-150x150.png 150w, https:\/\/commercialaudio.pl\/wp-content\/uploads\/2023\/10\/commercial-audio-krzysztof-borowicz-100x100.png 100w, https:\/\/commercialaudio.pl\/wp-content\/uploads\/2023\/10\/commercial-audio-krzysztof-borowicz-64x64.png 64w\" sizes=\"(max-width: 300px) 100vw, 300px\" \/><\/figure>\n\n\n\n<h4 class=\"wp-block-heading has-text-align-center\">Krzysztof Borowicz<\/h4>\n\n\n\n<p class=\"has-text-align-center wp-block-paragraph\">SSL Broadcast | Live \/ Clear-Com<\/p>\n\n\n\n<p class=\"has-text-align-center wp-block-paragraph\"><a href=\"tel:+48604615613\">+48 536 148 059<\/a><br><a href=\"mailto:k.borowicz@caudio.pl\">k.borowicz@caudio.pl<\/a><\/p>\n<\/div>\n<\/div>\n<\/div>\n<\/div>\n\n\n\n<h3 class=\"wp-block-heading has-text-align-center\">Uvid\u00edme se na Soundeditu!<\/h3>","protected":false},"excerpt":{"rendered":"<p>V r\u00e1mci workshopu prvn\u00edho dne, tj. 13.11 ve 14 hodin v m\u00edstnosti E, bude panel \u201eKritick\u00e9 naslouch\u00e1n\u00ed aneb jak naslouchat a nekritizovat\u201d \u0159\u00eddit Dr. Magdalena Piotrowska, ing.<\/p>","protected":false},"author":5,"featured_media":6877,"comment_status":"open","ping_status":"closed","sticky":false,"template":"","format":"standard","meta":{"_acf_changed":false,"_et_pb_use_builder":"off","_et_pb_old_content":"","_et_gb_content_width":"","inline_featured_image":false,"footnotes":""},"categories":[67],"tags":[207,101,100,96,97,86,99,163],"class_list":["post-6876","post","type-post","status-publish","format-standard","has-post-thumbnail","hentry","category-aktualnosci-ssl-atc-clearcom-bose","tag-atc","tag-audio","tag-dzwiek","tag-monitory-studyjne","tag-odsluch","tag-solid-state-logic","tag-sprzet-studyjny","tag-ssl"],"acf":[],"_links":{"self":[{"href":"https:\/\/commercialaudio.pl\/cs\/wp-json\/wp\/v2\/posts\/6876","targetHints":{"allow":["GET"]}}],"collection":[{"href":"https:\/\/commercialaudio.pl\/cs\/wp-json\/wp\/v2\/posts"}],"about":[{"href":"https:\/\/commercialaudio.pl\/cs\/wp-json\/wp\/v2\/types\/post"}],"author":[{"embeddable":true,"href":"https:\/\/commercialaudio.pl\/cs\/wp-json\/wp\/v2\/users\/5"}],"replies":[{"embeddable":true,"href":"https:\/\/commercialaudio.pl\/cs\/wp-json\/wp\/v2\/comments?post=6876"}],"version-history":[{"count":3,"href":"https:\/\/commercialaudio.pl\/cs\/wp-json\/wp\/v2\/posts\/6876\/revisions"}],"predecessor-version":[{"id":6881,"href":"https:\/\/commercialaudio.pl\/cs\/wp-json\/wp\/v2\/posts\/6876\/revisions\/6881"}],"wp:featuredmedia":[{"embeddable":true,"href":"https:\/\/commercialaudio.pl\/cs\/wp-json\/wp\/v2\/media\/6877"}],"wp:attachment":[{"href":"https:\/\/commercialaudio.pl\/cs\/wp-json\/wp\/v2\/media?parent=6876"}],"wp:term":[{"taxonomy":"category","embeddable":true,"href":"https:\/\/commercialaudio.pl\/cs\/wp-json\/wp\/v2\/categories?post=6876"},{"taxonomy":"post_tag","embeddable":true,"href":"https:\/\/commercialaudio.pl\/cs\/wp-json\/wp\/v2\/tags?post=6876"}],"curies":[{"name":"wp","href":"https:\/\/api.w.org\/{rel}","templated":true}]}}