{"id":6958,"date":"2023-11-21T10:34:41","date_gmt":"2023-11-21T09:34:41","guid":{"rendered":"https:\/\/commercialaudio.pl\/?p=6958"},"modified":"2023-11-21T11:05:39","modified_gmt":"2023-11-21T10:05:39","slug":"zvukove-karty-marian-audio-distribuce","status":"publish","type":"post","link":"https:\/\/commercialaudio.pl\/cs\/karty-dzwiekowe-marian-audio-dystrybucja\/","title":{"rendered":"Distributor komer\u010dn\u00edho audia zna\u010dky Marian Audio"},"content":{"rendered":"<h2 class=\"wp-block-heading has-text-align-center\">MARIAN AUDIO - PR\u016eKOPN\u00cdCI DIGITALIZACE ZVUKOV\u00ddCH NAHR\u00c1VEK<\/h2>\n\n\n\n<p class=\"wp-block-paragraph\"><a href=\"https:\/\/commercialaudio.pl\/cs\/marian-audio\/\" target=\"_blank\" rel=\"noreferrer noopener\">Marian Audio<\/a> je n\u011bmeck\u00e1 manufaktura, kter\u00e1 ji\u017e v\u00edce ne\u017e 25 let vyv\u00edj\u00ed zvukov\u00e9 syst\u00e9my pro nahr\u00e1v\u00e1n\u00ed s nejvy\u0161\u0161\u00ed kvalitou a spolehlivost\u00ed.<\/p>\n\n\n\n<figure class=\"wp-block-image aligncenter size-large is-resized\"><img loading=\"lazy\" decoding=\"async\" width=\"1024\" height=\"244\" src=\"https:\/\/commercialaudio.pl\/wp-content\/uploads\/2023\/11\/marian_logo_claim_CMYK_300dpi_210x50mm-1024x244.jpg\" alt=\"\" class=\"wp-image-6996\" style=\"width:500px\" srcset=\"https:\/\/commercialaudio.pl\/wp-content\/uploads\/2023\/11\/marian_logo_claim_CMYK_300dpi_210x50mm-980x234.jpg 980w, https:\/\/commercialaudio.pl\/wp-content\/uploads\/2023\/11\/marian_logo_claim_CMYK_300dpi_210x50mm-480x114.jpg 480w\" sizes=\"(min-width: 0px) and (max-width: 480px) 480px, (min-width: 481px) and (max-width: 980px) 980px, (min-width: 981px) 1024px, 100vw\" \/><\/figure>\n\n\n\n<p class=\"wp-block-paragraph\">V\u00fdrobky t\u00e9to zna\u010dky se pou\u017e\u00edvaj\u00ed v nahr\u00e1vac\u00edch a masteringov\u00fdch studi\u00edch, rozhlasov\u00fdch a televizn\u00edch stanic\u00edch a v nahr\u00e1vac\u00edm pr\u016fmyslu po cel\u00e9m sv\u011bt\u011b.<\/p>\n\n\n\n<p class=\"wp-block-paragraph\">Sou\u010dasn\u00e9 zvukov\u00e9 karty Marian Audio jsou za\u0159\u00edzen\u00ed, kter\u00e1 \u010dasto nab\u00edzej\u00ed mnohem v\u00edce ne\u017e jen schopnost p\u0159ij\u00edmat a vykreslovat profesion\u00e1ln\u00ed zvukov\u00e9 sign\u00e1ly. Jsou to tak\u00e9 propracovan\u00e9 matrice s v\u00fdkonn\u00fdmi aplikacemi pro spr\u00e1vu sign\u00e1lu a mix\u00e1\u017e.<\/p>\n\n\n\n<figure class=\"wp-block-image aligncenter size-large is-resized\"><img loading=\"lazy\" decoding=\"async\" width=\"1024\" height=\"681\" src=\"https:\/\/commercialaudio.pl\/wp-content\/uploads\/2023\/11\/karta_dzwiekowa_marian_Clara_Dmaj_01-1-1024x681.jpg\" alt=\"zvukov\u00e1 karta_marian_audio_Clara_Dmaj\" class=\"wp-image-6813\" style=\"width:500px\" srcset=\"https:\/\/commercialaudio.pl\/wp-content\/uploads\/2023\/11\/karta_dzwiekowa_marian_Clara_Dmaj_01-1-980x652.jpg 980w, https:\/\/commercialaudio.pl\/wp-content\/uploads\/2023\/11\/karta_dzwiekowa_marian_Clara_Dmaj_01-1-480x319.jpg 480w\" sizes=\"(min-width: 0px) and (max-width: 480px) 480px, (min-width: 481px) and (max-width: 980px) 980px, (min-width: 981px) 1024px, 100vw\" \/><\/figure>\n\n\n\n<h2 class=\"wp-block-heading has-text-align-center\">OD MILOVN\u00cdK\u016e ZVUKU PRO MILOVN\u00cdKY ZVUKU<\/h2>\n\n\n\n<p class=\"wp-block-paragraph\">Spole\u010dnost <a href=\"https:\/\/www.marian.de\/?lang=en\" target=\"_blank\" rel=\"noreferrer noopener\">Marian Audio<\/a> je t\u00fdm zku\u0161en\u00fdch profesion\u00e1l\u016f, kte\u0159\u00ed vyu\u017e\u00edvaj\u00ed sv\u00e9 znalosti a nad\u0161en\u00ed k vytv\u00e1\u0159en\u00ed digit\u00e1ln\u00ed zvukov\u00e9 technologie pro pohodln\u011bj\u0161\u00ed pr\u00e1ci ve studi\u00edch a v\u0161ude tam, kde je pot\u0159eba zaznamen\u00e1vat zvukov\u00e9 sign\u00e1ly v r\u016fzn\u00fdch form\u00e1tech. V\u011bt\u0161inu t\u00fdmu tvo\u0159\u00ed hudebn\u00edci s dlouholet\u00fdmi zku\u0161enostmi, citliv\u00ed ke zvuku. My\u0161lenkou spole\u010dnosti Marian Audio je p\u0159\u00e1telsk\u00e1 a vz\u00e1jemn\u011b se respektuj\u00edc\u00ed atmosf\u00e9ra, v n\u00ed\u017e m\u016f\u017ee vst\u0159\u00edcn\u00fd t\u00fdm in\u017een\u00fdr\u016f spole\u010dn\u011b vytv\u00e1\u0159et inovativn\u00ed za\u0159\u00edzen\u00ed zalo\u017een\u00e1 na sofistikovan\u00e9 zvukov\u00e9 technologii.&nbsp;<\/p>\n\n\n\n<figure class=\"wp-block-image aligncenter size-large is-resized\"><img loading=\"lazy\" decoding=\"async\" width=\"1024\" height=\"683\" src=\"https:\/\/commercialaudio.pl\/wp-content\/uploads\/2023\/11\/karta_dzwiekowa_marian_Clara-E-1-1024x683.jpg\" alt=\"sound_card_marian_Clara\" class=\"wp-image-6816\" style=\"width:450px\" srcset=\"https:\/\/commercialaudio.pl\/wp-content\/uploads\/2023\/11\/karta_dzwiekowa_marian_Clara-E-1-980x653.jpg 980w, https:\/\/commercialaudio.pl\/wp-content\/uploads\/2023\/11\/karta_dzwiekowa_marian_Clara-E-1-480x320.jpg 480w\" sizes=\"(min-width: 0px) and (max-width: 480px) 480px, (min-width: 481px) and (max-width: 980px) 980px, (min-width: 981px) 1024px, 100vw\" \/><\/figure>\n\n\n\n<p class=\"wp-block-paragraph\">Spole\u010dnost Commercial Audio jako distributor profesion\u00e1ln\u00edch zvukov\u00fdch \u0159e\u0161en\u00ed, kter\u00e1 denn\u011b pracuj\u00ed v nahr\u00e1vac\u00edch studi\u00edch, rozhlasov\u00fdch a televizn\u00edch studi\u00edch, ve vys\u00edlac\u00edch vozech a v cel\u00e9 \u0159ad\u011b dal\u0161\u00edch prostor, kde z\u00e1le\u017e\u00ed na kvalit\u011b zvuku, s pot\u011b\u0161en\u00edm roz\u0161i\u0159uje svou nab\u00eddku o za\u0159\u00edzen\u00ed Marian Audio, kter\u00e9 dokonale zapad\u00e1 do palety zna\u010dek dostupn\u00fdch v na\u0161\u00ed distribuci.<\/p>\n\n\n\n<figure class=\"wp-block-image aligncenter size-large is-resized\"><img loading=\"lazy\" decoding=\"async\" width=\"1024\" height=\"683\" src=\"https:\/\/commercialaudio.pl\/wp-content\/uploads\/2023\/11\/karta_dzwiekowa_marian_Seraph-M2-F-MWX_frei-1024x683.jpg\" alt=\"sound_card_marian_Seraph\" class=\"wp-image-6966\" style=\"width:650px\" srcset=\"https:\/\/commercialaudio.pl\/wp-content\/uploads\/2023\/11\/karta_dzwiekowa_marian_Seraph-M2-F-MWX_frei-980x653.jpg 980w, https:\/\/commercialaudio.pl\/wp-content\/uploads\/2023\/11\/karta_dzwiekowa_marian_Seraph-M2-F-MWX_frei-480x320.jpg 480w\" sizes=\"(min-width: 0px) and (max-width: 480px) 480px, (min-width: 481px) and (max-width: 980px) 980px, (min-width: 981px) 1024px, 100vw\" \/><\/figure>\n\n\n\n<p class=\"wp-block-paragraph\">Jsme p\u0159esv\u011bd\u010deni, \u017ee zvukov\u00e9 karty jako nap\u0159.<mark style=\"background-color:rgba(0, 0, 0, 0)\" class=\"has-inline-color has-vivid-cyan-blue-color\"> <a href=\"https:\/\/commercialaudio.pl\/cs\/produkt\/zvukova-karta-marian-clara-e-dante\/\" target=\"_blank\" rel=\"noreferrer noopener\">Clara E<\/a><\/mark>,<mark style=\"background-color:rgba(0, 0, 0, 0)\" class=\"has-inline-color has-vivid-cyan-blue-color\"> <a href=\"https:\/\/commercialaudio.pl\/cs\/produkt\/zvukova-karta-marian-audio-seraph-m2\/\" target=\"_blank\" rel=\"noreferrer noopener\">Seraf M2<\/a><\/mark> nebo <a href=\"https:\/\/commercialaudio.pl\/cs\/produkt\/zvukova-karta-marian-clara-d\/\" target=\"_blank\" rel=\"noreferrer noopener\"><mark style=\"background-color:rgba(0, 0, 0, 0)\" class=\"has-inline-color has-vivid-cyan-blue-color\">Clara D<\/mark><\/a> najdou uplatn\u011bn\u00ed tam, kde je velmi d\u016fle\u017eit\u00e1 kvalita zvuku a flexibilita p\u0159ij\u00edm\u00e1n\u00ed zvukov\u00fdch sign\u00e1l\u016f.<\/p>\n\n\n\n<p class=\"wp-block-paragraph\">R\u00e1di bychom v\u00e1s pozvali, abyste se sezn\u00e1mili s p\u0159\u00edstroji Marian Audio. Za\u0159\u00edzen\u00ed jsou k dispozici u na\u0161ich komer\u010dn\u00edch partner\u016f, kter\u00e9 najdete v z\u00e1lo\u017ece<mark style=\"background-color:rgba(0, 0, 0, 0)\" class=\"has-inline-color has-vivid-cyan-blue-color\"> <a href=\"https:\/\/commercialaudio.pl\/cs\/kde-koupit\/\" target=\"_blank\" rel=\"noreferrer noopener\">Kde koupit<\/a><\/mark>.<\/p>","protected":false},"excerpt":{"rendered":"<p>MARIAN AUDIO - PR\u016eKOPN\u00cdCI DIGITALIZACE ZVUKOV\u00ddCH NAHR\u00c1VEK<\/p>","protected":false},"author":5,"featured_media":6959,"comment_status":"open","ping_status":"closed","sticky":false,"template":"","format":"standard","meta":{"_acf_changed":false,"_et_pb_use_builder":"off","_et_pb_old_content":"","_et_gb_content_width":"","inline_featured_image":false,"footnotes":""},"categories":[67],"tags":[101,100,117,223,222],"class_list":["post-6958","post","type-post","status-publish","format-standard","has-post-thumbnail","hentry","category-aktualnosci-ssl-atc-clearcom-bose","tag-audio","tag-dzwiek","tag-interfejs-audio","tag-karta-dzwiekowa","tag-marian-audio"],"acf":[],"_links":{"self":[{"href":"https:\/\/commercialaudio.pl\/cs\/wp-json\/wp\/v2\/posts\/6958","targetHints":{"allow":["GET"]}}],"collection":[{"href":"https:\/\/commercialaudio.pl\/cs\/wp-json\/wp\/v2\/posts"}],"about":[{"href":"https:\/\/commercialaudio.pl\/cs\/wp-json\/wp\/v2\/types\/post"}],"author":[{"embeddable":true,"href":"https:\/\/commercialaudio.pl\/cs\/wp-json\/wp\/v2\/users\/5"}],"replies":[{"embeddable":true,"href":"https:\/\/commercialaudio.pl\/cs\/wp-json\/wp\/v2\/comments?post=6958"}],"version-history":[{"count":7,"href":"https:\/\/commercialaudio.pl\/cs\/wp-json\/wp\/v2\/posts\/6958\/revisions"}],"predecessor-version":[{"id":7005,"href":"https:\/\/commercialaudio.pl\/cs\/wp-json\/wp\/v2\/posts\/6958\/revisions\/7005"}],"wp:featuredmedia":[{"embeddable":true,"href":"https:\/\/commercialaudio.pl\/cs\/wp-json\/wp\/v2\/media\/6959"}],"wp:attachment":[{"href":"https:\/\/commercialaudio.pl\/cs\/wp-json\/wp\/v2\/media?parent=6958"}],"wp:term":[{"taxonomy":"category","embeddable":true,"href":"https:\/\/commercialaudio.pl\/cs\/wp-json\/wp\/v2\/categories?post=6958"},{"taxonomy":"post_tag","embeddable":true,"href":"https:\/\/commercialaudio.pl\/cs\/wp-json\/wp\/v2\/tags?post=6958"}],"curies":[{"name":"wp","href":"https:\/\/api.w.org\/{rel}","templated":true}]}}