{"id":7590,"date":"2024-01-23T12:11:23","date_gmt":"2024-01-23T11:11:23","guid":{"rendered":"https:\/\/commercialaudio.pl\/?p=7590"},"modified":"2024-01-23T12:20:32","modified_gmt":"2024-01-23T11:20:32","slug":"komercni-audio-ise2024-bose-clearcom","status":"publish","type":"post","link":"https:\/\/commercialaudio.pl\/cs\/commercial-audio-ise2024-bose-clearcom\/","title":{"rendered":"Komer\u010dn\u00ed audio na ISE2024!"},"content":{"rendered":"<h1 class=\"wp-block-heading\">Sejdeme se v Barcelon\u011b!<\/h1>\n\n\n\n<hr class=\"wp-block-separator has-alpha-channel-opacity\"\/>\n\n\n\n<h2 class=\"wp-block-heading\">Nav\u0161tivte st\u00e1nky Bose Professional a Clear-Com na veletrhu ISE2024!<\/h2>\n\n\n\n<hr class=\"wp-block-separator has-alpha-channel-opacity\"\/>\n\n\n\n<p class=\"wp-block-paragraph\"><a href=\"https:\/\/www.iseurope.org\/\" target=\"_blank\" rel=\"noreferrer noopener\"><mark style=\"background-color:rgba(0, 0, 0, 0)\" class=\"has-inline-color has-vivid-cyan-blue-color\">Integrated Systems Europe<\/mark><\/a> letos slav\u00ed 20. narozeniny. Je to skv\u011bl\u00e1 p\u0159\u00edle\u017eitost vyrazit 30. ledna do Barcelony na veletrh ISE2024 a b\u011bhem \u010dty\u0159 dn\u016f se sezn\u00e1mit s nejnov\u011bj\u0161\u00edmi technologiemi, kter\u00e9 p\u0159edstav\u00ed p\u0159edn\u00ed v\u00fdrobci v audiovizu\u00e1ln\u00edm pr\u016fmyslu. Na\u0161e zna\u010dky Bose Professional a Clear-Com a specialist\u00e9 na komer\u010dn\u00ed audio nebudou na tak v\u00fdznamn\u00e9 a presti\u017en\u00ed akci chyb\u011bt. Pro sjedn\u00e1n\u00ed sch\u016fzky s n\u00e1mi a diskusi o nejnov\u011bj\u0161\u00edch \u0159e\u0161en\u00edch na\u0161ich v\u00fdrobc\u016f vyu\u017eijte n\u00ed\u017ee uveden\u00e9 kontaktn\u00ed \u00fadaje.<\/p>\n\n\n\n<div class=\"wp-block-columns is-layout-flex wp-container-core-columns-is-layout-8f761849 wp-block-columns-is-layout-flex\">\n<div class=\"wp-block-column is-layout-flow wp-block-column-is-layout-flow\">\n<div class=\"wp-block-columns is-layout-flex wp-container-core-columns-is-layout-8f761849 wp-block-columns-is-layout-flex\">\n<div class=\"wp-block-column is-layout-flow wp-block-column-is-layout-flow\">\n<figure class=\"wp-block-image\"><img loading=\"lazy\" decoding=\"async\" width=\"300\" height=\"300\" src=\"https:\/\/commercialaudio.pl\/wp-content\/uploads\/2023\/10\/commercial-audio-anna-domanska.png\" alt=\"Anna Domansk\u00e1\" class=\"wp-image-6400\" srcset=\"https:\/\/commercialaudio.pl\/wp-content\/uploads\/2023\/10\/commercial-audio-anna-domanska.png 300w, https:\/\/commercialaudio.pl\/wp-content\/uploads\/2023\/10\/commercial-audio-anna-domanska-150x150.png 150w, https:\/\/commercialaudio.pl\/wp-content\/uploads\/2023\/10\/commercial-audio-anna-domanska-100x100.png 100w, https:\/\/commercialaudio.pl\/wp-content\/uploads\/2023\/10\/commercial-audio-anna-domanska-64x64.png 64w\" sizes=\"(max-width: 300px) 100vw, 300px\" \/><\/figure>\n\n\n\n<h4 class=\"wp-block-heading\">Anna Domansk\u00e1<\/h4>\n\n\n\n<p class=\"wp-block-paragraph\">Management<\/p>\n\n\n\n<p class=\"wp-block-paragraph\"><a href=\"tel:+48601370425\"><mark style=\"background-color:rgba(0, 0, 0, 0)\" class=\"has-inline-color has-vivid-cyan-blue-color\">+48 601 370 425<\/mark><\/a><br><a href=\"mailto:a.domanska@caudio.pl\"><mark style=\"background-color:rgba(0, 0, 0, 0)\" class=\"has-inline-color has-vivid-cyan-blue-color\">a.domanska@caudio.pl<\/mark><\/a><\/p>\n<\/div>\n\n\n\n<div class=\"wp-block-column is-layout-flow wp-block-column-is-layout-flow\">\n<figure class=\"wp-block-image\"><img loading=\"lazy\" decoding=\"async\" width=\"300\" height=\"300\" src=\"https:\/\/commercialaudio.pl\/wp-content\/uploads\/2023\/10\/commercial-audio-krzysztof-kowalewski.png\" alt=\"Krzysztof Kowalewski\" class=\"wp-image-6404\" srcset=\"https:\/\/commercialaudio.pl\/wp-content\/uploads\/2023\/10\/commercial-audio-krzysztof-kowalewski.png 300w, https:\/\/commercialaudio.pl\/wp-content\/uploads\/2023\/10\/commercial-audio-krzysztof-kowalewski-150x150.png 150w, https:\/\/commercialaudio.pl\/wp-content\/uploads\/2023\/10\/commercial-audio-krzysztof-kowalewski-100x100.png 100w, https:\/\/commercialaudio.pl\/wp-content\/uploads\/2023\/10\/commercial-audio-krzysztof-kowalewski-64x64.png 64w\" sizes=\"(max-width: 300px) 100vw, 300px\" \/><\/figure>\n\n\n\n<h4 class=\"wp-block-heading\">Krzysztof Kowalewski<\/h4>\n\n\n\n<p class=\"wp-block-paragraph\">Management<\/p>\n\n\n\n<p class=\"wp-block-paragraph\"><a href=\"tel:+48668870419\"><mark style=\"background-color:rgba(0, 0, 0, 0)\" class=\"has-inline-color has-vivid-cyan-blue-color\">+48 668 870 419<\/mark><\/a><br><a href=\"mailto:k.kowalewski@commercialaudio.pl\"><mark style=\"background-color:rgba(0, 0, 0, 0)\" class=\"has-inline-color has-vivid-cyan-blue-color\">k.kowalewski@caudio.pl<\/mark><\/a><\/p>\n<\/div>\n<\/div>\n<\/div>\n\n\n\n<div class=\"wp-block-column is-layout-flow wp-block-column-is-layout-flow\">\n<div class=\"wp-block-columns is-layout-flex wp-container-core-columns-is-layout-8f761849 wp-block-columns-is-layout-flex\">\n<div class=\"wp-block-column is-layout-flow wp-block-column-is-layout-flow\">\n<figure class=\"wp-block-image\"><img loading=\"lazy\" decoding=\"async\" width=\"300\" height=\"300\" src=\"https:\/\/commercialaudio.pl\/wp-content\/uploads\/2023\/10\/commercial-audio-tomasz-nowicki.png\" alt=\"Tomasz Nowicki\" class=\"wp-image-6407\" srcset=\"https:\/\/commercialaudio.pl\/wp-content\/uploads\/2023\/10\/commercial-audio-tomasz-nowicki.png 300w, https:\/\/commercialaudio.pl\/wp-content\/uploads\/2023\/10\/commercial-audio-tomasz-nowicki-150x150.png 150w, https:\/\/commercialaudio.pl\/wp-content\/uploads\/2023\/10\/commercial-audio-tomasz-nowicki-100x100.png 100w, https:\/\/commercialaudio.pl\/wp-content\/uploads\/2023\/10\/commercial-audio-tomasz-nowicki-64x64.png 64w\" sizes=\"(max-width: 300px) 100vw, 300px\" \/><\/figure>\n\n\n\n<h4 class=\"wp-block-heading\">Tomasz Nowicki<\/h4>\n\n\n\n<p class=\"wp-block-paragraph\">Bose Professional<\/p>\n\n\n\n<p class=\"wp-block-paragraph\"><a href=\"tel:+48516502225\/\"><mark style=\"background-color:rgba(0, 0, 0, 0)\" class=\"has-inline-color has-vivid-cyan-blue-color\">+48 516 502 225<\/mark><\/a><br><a href=\"mailto:t.nowicki@commercialaudio.pl\"><mark style=\"background-color:rgba(0, 0, 0, 0)\" class=\"has-inline-color has-vivid-cyan-blue-color\">t.nowicki@caudio.pl<\/mark><\/a><\/p>\n<\/div>\n\n\n\n<div class=\"wp-block-column is-layout-flow wp-block-column-is-layout-flow\">\n<figure class=\"wp-block-image\"><img loading=\"lazy\" decoding=\"async\" width=\"300\" height=\"300\" src=\"https:\/\/commercialaudio.pl\/wp-content\/uploads\/2023\/10\/commercial-audio-daniel-kwiatkowski.png\" alt=\"Daniel Kwiatkowski\" class=\"wp-image-6409\" srcset=\"https:\/\/commercialaudio.pl\/wp-content\/uploads\/2023\/10\/commercial-audio-daniel-kwiatkowski.png 300w, https:\/\/commercialaudio.pl\/wp-content\/uploads\/2023\/10\/commercial-audio-daniel-kwiatkowski-150x150.png 150w, https:\/\/commercialaudio.pl\/wp-content\/uploads\/2023\/10\/commercial-audio-daniel-kwiatkowski-100x100.png 100w, https:\/\/commercialaudio.pl\/wp-content\/uploads\/2023\/10\/commercial-audio-daniel-kwiatkowski-64x64.png 64w\" sizes=\"(max-width: 300px) 100vw, 300px\" \/><\/figure>\n\n\n\n<h4 class=\"wp-block-heading\">Daniel Kwiatkowski<\/h4>\n\n\n\n<p class=\"wp-block-paragraph\">Bose Professional<\/p>\n\n\n\n<p class=\"wp-block-paragraph\"><a href=\"mailto:proaudio@audiotechpro.pl\"><\/a><a href=\"tel:+48666665157\"><mark style=\"background-color:rgba(0, 0, 0, 0)\" class=\"has-inline-color has-vivid-cyan-blue-color\">+48 666 665 157<\/mark><\/a><a href=\"mailto:proaudio@audiotechpro.pl\"><\/a><br><a href=\"mailto:d.kwiatkowski@caudio.pl\"><mark style=\"background-color:rgba(0, 0, 0, 0)\" class=\"has-inline-color has-vivid-cyan-blue-color\">d.kwiatkowski@caudio.pl<\/mark><\/a><\/p>\n<\/div>\n<\/div>\n<\/div>\n<\/div>\n\n\n\n<hr class=\"wp-block-separator has-alpha-channel-opacity\"\/>\n\n\n\n<hr class=\"wp-block-separator has-alpha-channel-opacity\"\/>\n\n\n\n<h4 class=\"wp-block-heading\">Pokud se chyst\u00e1te na leto\u0161n\u00ed veletrh ISE a m\u00e1te z\u00e1jem o \u0159e\u0161en\u00ed na\u0161ich zna\u010dek, ur\u010dit\u011b si sjednejte sch\u016fzku.<\/h4>\n\n\n\n<hr class=\"wp-block-separator has-alpha-channel-opacity\"\/>\n\n\n\n<p class=\"wp-block-paragraph\">Na st\u00e1nku 5H620\u00a0<a href=\"https:\/\/commercialaudio.pl\/cs\/systemy-interkomowe-clear-com\/\" target=\"_blank\" rel=\"noreferrer noopener\"><mark style=\"background-color:rgba(0, 0, 0, 0)\" class=\"has-inline-color has-vivid-cyan-blue-color\">Clear-Com<\/mark><\/a> p\u0159edstav\u00ed nejnov\u011bj\u0161\u00ed aktualizaci <a href=\"https:\/\/commercialaudio.pl\/cs\/produkt\/clear-com-arcadia-central-station\/\" target=\"_blank\" rel=\"noreferrer noopener\"><mark style=\"background-color:rgba(0, 0, 0, 0)\" class=\"has-inline-color has-vivid-cyan-blue-color\">Hlavn\u00ed n\u00e1dra\u017e\u00ed Arcadia<\/mark><\/a>, nejv\u00fdkonn\u011bj\u0161\u00ed integrovan\u00fd interkomov\u00fd syst\u00e9m 1RU na trhu! D\u00edky nejnov\u011bj\u0161\u00ed aktualizaci zvl\u00e1dne Arcadia je\u0161t\u011b v\u00edce p\u00e1skov\u00fdch za\u0159\u00edzen\u00ed. <a href=\"https:\/\/commercialaudio.pl\/cs\/produkt\/bezdratovy-beltpack-clear-com-freespeak-ii-fsii-bp24\/\" target=\"_blank\" rel=\"noreferrer noopener\"><mark style=\"background-color:rgba(0, 0, 0, 0)\" class=\"has-inline-color has-vivid-cyan-blue-color\">FreeSpeak<\/mark><\/a> a p\u0159\u00edstupov\u00e9 body <a href=\"https:\/\/commercialaudio.pl\/cs\/systemy-interkomowe-clear-com\/#helixnet\" target=\"_blank\" rel=\"noreferrer noopener\"><mark style=\"background-color:rgba(0, 0, 0, 0)\" class=\"has-inline-color has-vivid-cyan-blue-color\">HelixNet<\/mark><\/a>. Je tak\u00e9 vybaven rozhran\u00edm I.V.Direct pro integraci se s\u00ed\u0165ov\u00fdmi syst\u00e9my IP, maticov\u00fdmi syst\u00e9my Eclipse a dal\u0161\u00edmi jednotkami Arcadia prost\u0159ednictv\u00edm s\u00edt\u011b LAN, WAN nebo internetu. Prob\u011bhne praktick\u00e1 uk\u00e1zka nov\u011b aktualizovan\u00e9ho, funkcemi nabit\u00e9ho konfigura\u010dn\u00edho softwaru EHX 13.1 pro maticov\u00e9 interkomov\u00e9 syst\u00e9my. <a href=\"https:\/\/commercialaudio.pl\/cs\/systemy-interkomowe-clear-com\/#matrycowe-systemy-interkomowe-Eclipse\" target=\"_blank\" rel=\"noreferrer noopener\"><mark style=\"background-color:rgba(0, 0, 0, 0)\" class=\"has-inline-color has-vivid-cyan-blue-color\">Eclipse HX<\/mark><\/a>. N\u00e1v\u0161t\u011bvn\u00edci budou moci vyu\u017e\u00edt mimo\u0159\u00e1dn\u011b snadno pou\u017eiteln\u00fd a spolehliv\u00fd bezdr\u00e1tov\u00fd interkomov\u00fd syst\u00e9m EQUIP, kter\u00fd je ide\u00e1ln\u00ed tam, kde nem\u016f\u017eeme pou\u017e\u00edt klasick\u00fd beltpack + headset. Premi\u00e9ru na veletrhu ISE2024 bude m\u00edt rozhran\u00ed HCI Live, kter\u00e9 je ur\u010deno pro \u0159adu Eclipse a umo\u017e\u0148uje jej\u00ed integraci s AV syst\u00e9my t\u0159et\u00edch stran. <\/p>\n\n\n\n<h4 class=\"wp-block-heading\">Zaregistrujte se na ISE2024 pomoc\u00ed k\u00f3du 1D2D4C1N.<\/h4>\n\n\n\n<div class=\"wp-block-buttons is-content-justification-center is-layout-flex wp-container-core-buttons-is-layout-fe48e5de wp-block-buttons-is-layout-flex\">\n<div class=\"wp-block-button\"><a class=\"wp-block-button__link wp-element-button\" href=\"https:\/\/www.iseurope.org\/welcome\/registration\" target=\"_blank\" rel=\"noreferrer noopener\">REGISTRACE<\/a><\/div>\n<\/div>\n\n\n\n<figure class=\"wp-block-image aligncenter size-full is-resized\"><img loading=\"lazy\" decoding=\"async\" width=\"1920\" height=\"1080\" src=\"https:\/\/commercialaudio.pl\/wp-content\/uploads\/2023\/03\/commercial_audio_large-Arcadia-with-FreeSpeak-and-HelixNet-Beltpacks.jpg\" alt=\"\" class=\"wp-image-4802\" style=\"width:800px\" srcset=\"https:\/\/commercialaudio.pl\/wp-content\/uploads\/2023\/03\/commercial_audio_large-Arcadia-with-FreeSpeak-and-HelixNet-Beltpacks.jpg 1920w, https:\/\/commercialaudio.pl\/wp-content\/uploads\/2023\/03\/commercial_audio_large-Arcadia-with-FreeSpeak-and-HelixNet-Beltpacks-1280x720.jpg 1280w, https:\/\/commercialaudio.pl\/wp-content\/uploads\/2023\/03\/commercial_audio_large-Arcadia-with-FreeSpeak-and-HelixNet-Beltpacks-980x551.jpg 980w, https:\/\/commercialaudio.pl\/wp-content\/uploads\/2023\/03\/commercial_audio_large-Arcadia-with-FreeSpeak-and-HelixNet-Beltpacks-480x270.jpg 480w\" sizes=\"(min-width: 0px) and (max-width: 480px) 480px, (min-width: 481px) and (max-width: 980px) 980px, (min-width: 981px) and (max-width: 1280px) 1280px, (min-width: 1281px) 1920px, 100vw\" \/><\/figure>\n\n\n\n<p class=\"has-text-align-left wp-block-paragraph\"><a href=\"https:\/\/commercialaudio.pl\/cs\/bose-professional\/\" target=\"_blank\" rel=\"noreferrer noopener\"><mark style=\"background-color:rgba(0, 0, 0, 0)\" class=\"has-inline-color has-vivid-cyan-blue-color\">Bose Professional<\/mark><\/a> na st\u00e1nku 7C600 p\u0159edstav\u00ed celou \u0159adu profesion\u00e1ln\u00edch zvukov\u00fdch produkt\u016f a \u0159e\u0161en\u00ed, kter\u00e1 napln\u00ed jak\u00fdkoli prostor v\u00fdjime\u010dn\u00fdm zvukem. Mezi nimi najdete PowerShareX, inteligentn\u00ed \u0159adu zesilova\u010d\u016f, kter\u00e1 optimalizuje instalovan\u00fd reproduktorov\u00fd syst\u00e9m Bose Professional s vyu\u017eit\u00edm ka\u017ed\u00e9ho wattu. Aktivn\u00ed reproduktory s technologi\u00ed \u0159\u00edzen\u00ed vyza\u0159ov\u00e1n\u00ed MSA12X, kter\u00e9 jsou navr\u017eeny tak, aby fungovaly i v prostor\u00e1ch, kter\u00e9 nebyly architektonicky navr\u017eeny s ohledem na ozvu\u010dovac\u00ed syst\u00e9my. Bose Professional AudioPack Pro, pohodln\u00e9 instala\u010dn\u00ed zvukov\u00e9 bal\u00ed\u010dky p\u0159ipraven\u00e9 k instalaci. Kompaktn\u00ed, bezdr\u00e1tov\u00e9 zvukov\u00e9 syst\u00e9my <a href=\"https:\/\/commercialaudio.pl\/cs\/produkt\/bezdratovy-reproduktor-bose-s1-pro\/\" target=\"_blank\" rel=\"noreferrer noopener\"><mark style=\"background-color:rgba(0, 0, 0, 0)\" class=\"has-inline-color has-vivid-cyan-blue-color\">S1Pro+<\/mark><\/a>, kter\u00e9 spolu s voliteln\u00fdmi bezdr\u00e1tov\u00fdmi mikrofonn\u00edmi a n\u00e1strojov\u00fdmi vys\u00edla\u010di p\u0159edstavuj\u00ed jedin\u00fd kompletn\u00ed mobiln\u00ed zvukov\u00fd syst\u00e9m na trhu.<\/p>\n\n\n\n<h4 class=\"wp-block-heading\">Zaregistrujte se na ISE2024 pomoc\u00ed k\u00f3du 4LUK9B3O.<\/h4>\n\n\n\n<div class=\"wp-block-buttons is-content-justification-center is-layout-flex wp-container-core-buttons-is-layout-fe48e5de wp-block-buttons-is-layout-flex\">\n<div class=\"wp-block-button\"><a class=\"wp-block-button__link wp-element-button\" href=\"https:\/\/registration.firabarcelona.com\/?cod_prom=4LUK9B3O#\/tickets\/selection-list\" target=\"_blank\" rel=\"noreferrer noopener\">REGISTRACE<\/a><\/div>\n<\/div>\n\n\n\n<figure class=\"wp-block-image aligncenter size-full is-resized\"><img loading=\"lazy\" decoding=\"async\" width=\"1000\" height=\"750\" src=\"https:\/\/commercialaudio.pl\/wp-content\/uploads\/2022\/10\/Bose_DesignMax.jpg\" alt=\"\" class=\"wp-image-4145\" style=\"width:800px\" srcset=\"https:\/\/commercialaudio.pl\/wp-content\/uploads\/2022\/10\/Bose_DesignMax.jpg 1000w, https:\/\/commercialaudio.pl\/wp-content\/uploads\/2022\/10\/Bose_DesignMax-980x735.jpg 980w, https:\/\/commercialaudio.pl\/wp-content\/uploads\/2022\/10\/Bose_DesignMax-480x360.jpg 480w\" sizes=\"(min-width: 0px) and (max-width: 480px) 480px, (min-width: 481px) and (max-width: 980px) 980px, (min-width: 981px) 1000px, 100vw\" \/><\/figure>\n\n\n\n<p class=\"wp-block-paragraph\"><\/p>","protected":false},"excerpt":{"rendered":"<p>Nav\u0161tivte st\u00e1nky Bose Professional a Clear-Com na veletrhu ISE2024!<\/p>","protected":false},"author":5,"featured_media":7594,"comment_status":"open","ping_status":"closed","sticky":false,"template":"","format":"standard","meta":{"_acf_changed":false,"_et_pb_use_builder":"off","_et_pb_old_content":"","_et_gb_content_width":"","inline_featured_image":false,"footnotes":""},"categories":[67],"tags":[101,87,159,100,234,235,236,197],"class_list":["post-7590","post","type-post","status-publish","format-standard","has-post-thumbnail","hentry","category-aktualnosci-ssl-atc-clearcom-bose","tag-audio","tag-bose-professional","tag-clear-com","tag-dzwiek","tag-ise","tag-system-interkomowy","tag-system-naglosnieniowy","tag-targi"],"acf":[],"_links":{"self":[{"href":"https:\/\/commercialaudio.pl\/cs\/wp-json\/wp\/v2\/posts\/7590","targetHints":{"allow":["GET"]}}],"collection":[{"href":"https:\/\/commercialaudio.pl\/cs\/wp-json\/wp\/v2\/posts"}],"about":[{"href":"https:\/\/commercialaudio.pl\/cs\/wp-json\/wp\/v2\/types\/post"}],"author":[{"embeddable":true,"href":"https:\/\/commercialaudio.pl\/cs\/wp-json\/wp\/v2\/users\/5"}],"replies":[{"embeddable":true,"href":"https:\/\/commercialaudio.pl\/cs\/wp-json\/wp\/v2\/comments?post=7590"}],"version-history":[{"count":14,"href":"https:\/\/commercialaudio.pl\/cs\/wp-json\/wp\/v2\/posts\/7590\/revisions"}],"predecessor-version":[{"id":7606,"href":"https:\/\/commercialaudio.pl\/cs\/wp-json\/wp\/v2\/posts\/7590\/revisions\/7606"}],"wp:featuredmedia":[{"embeddable":true,"href":"https:\/\/commercialaudio.pl\/cs\/wp-json\/wp\/v2\/media\/7594"}],"wp:attachment":[{"href":"https:\/\/commercialaudio.pl\/cs\/wp-json\/wp\/v2\/media?parent=7590"}],"wp:term":[{"taxonomy":"category","embeddable":true,"href":"https:\/\/commercialaudio.pl\/cs\/wp-json\/wp\/v2\/categories?post=7590"},{"taxonomy":"post_tag","embeddable":true,"href":"https:\/\/commercialaudio.pl\/cs\/wp-json\/wp\/v2\/tags?post=7590"}],"curies":[{"name":"wp","href":"https:\/\/api.w.org\/{rel}","templated":true}]}}