{"id":7607,"date":"2024-01-25T17:28:29","date_gmt":"2024-01-25T16:28:29","guid":{"rendered":"https:\/\/commercialaudio.pl\/?p=7607"},"modified":"2024-01-25T17:29:37","modified_gmt":"2024-01-25T16:29:37","slug":"clear-com-gen-ic-system-interkomowy-w-chmurze","status":"publish","type":"post","link":"https:\/\/commercialaudio.pl\/cs\/clear-com-gen-ic-system-interkomowy-w-chmurze\/","title":{"rendered":"Gen-IC m\u00e1 premi\u00e9ru na veletrhu ISE2024!"},"content":{"rendered":"<h1 class=\"wp-block-heading\">Interkomov\u00fd syst\u00e9m Clear-Com Gen-IC v cloudu!<\/h1>\n\n\n\n<hr class=\"wp-block-separator has-alpha-channel-opacity\"\/>\n\n\n\n<h2 class=\"wp-block-heading\">Na veletrhu ISE2024 p\u0159edstav\u00ed spole\u010dnost Clear-Com sv\u016fj nejnov\u011bj\u0161\u00ed cloudov\u00fd interkomov\u00fd syst\u00e9m Gen-IC!<\/h2>\n\n\n\n<hr class=\"wp-block-separator has-alpha-channel-opacity\"\/>\n\n\n\n<p class=\"wp-block-paragraph\"><a href=\"https:\/\/commercialaudio.pl\/cs\/systemy-interkomowe-clear-com\/\" target=\"_blank\" rel=\"noreferrer noopener\"><mark style=\"background-color:rgba(0, 0, 0, 0)\" class=\"has-inline-color has-vivid-cyan-blue-color\">Clear-Com\u00ae<\/mark><\/a> p\u0159edstavuje syst\u00e9m Gen-IC Cloud Intercom\u00ae, bezpe\u010dn\u00e9 a flexibiln\u00ed \u0159e\u0161en\u00ed virtu\u00e1ln\u00edho interkomu vyu\u017e\u00edvaj\u00edc\u00ed nejmodern\u011bj\u0161\u00ed technologie spr\u00e1vy v cloudu. \u0160k\u00e1lovateln\u00fd syst\u00e9m Gen-IC umo\u017e\u0148uje rychl\u00e9 vytvo\u0159en\u00ed nov\u00fdch nebo roz\u0161\u00ed\u0159en\u00ed st\u00e1vaj\u00edc\u00edch virtu\u00e1ln\u00edch klient\u016f, stejn\u011b jako integraci s rozs\u00e1hlou hardwarovou infrastrukturou Clear-Com prost\u0159ednictv\u00edm s\u00edt\u00ed LAN, WAN a internetu.\u00a0<\/p>\n\n\n\n<h3 class=\"wp-block-heading\">Latence sign\u00e1l\u016f<\/h3>\n\n\n\n<p class=\"wp-block-paragraph\">Zvl\u00e1\u0161t\u011b d\u016fle\u017eit\u00fdm aspektem komunikace je latence sign\u00e1l\u016f. Spole\u010dnost Clear-Com vyvinula jedine\u010dn\u00e9 \u0159e\u0161en\u00ed umo\u017e\u0148uj\u00edc\u00ed region\u00e1ln\u00ed rozd\u011blen\u00ed koncov\u00fdch u\u017eivatel\u016f. To minimalizuje zpo\u017ed\u011bn\u00ed, kter\u00e1 jsou pro virtu\u00e1ln\u00ed aplikace typick\u00e1, a d\u00e1v\u00e1 spr\u00e1vci mo\u017enost snadno nasadit cloudov\u00fd interkomov\u00fd syst\u00e9m Gen-IC co nejbl\u00ed\u017ee m\u00edstu, kde budou konfigurovan\u00e9 t\u00fdmy pracovat. Nav\u00edc lze instance Gen-IC rozpt\u00fdlen\u00e9 po cel\u00e9m sv\u011bt\u011b propojit a vytvo\u0159it tak jednotn\u00fd n\u00e1stroj pro komunikaci a spolupr\u00e1ci p\u0159i kritick\u00fdch produkc\u00edch.<\/p>\n\n\n\n<h3 class=\"wp-block-heading\">Testy<\/h3>\n\n\n\n<p class=\"wp-block-paragraph\">B\u011bhem rozs\u00e1hl\u00fdch ter\u00e9nn\u00edch test\u016f se \u0159e\u0161en\u00ed Gen-IC Cloud Intercom osv\u011bd\u010dilo i v t\u011bch nejn\u00e1ro\u010dn\u011bj\u0161\u00edch situac\u00edch. Po otestov\u00e1n\u00ed produktu Antoniem Barbosou, in\u017een\u00fdrem v TV Globo, a jeho t\u00fdmem bylo konstatov\u00e1no, \u017ee \u201eZku\u0161enosti TV Globo s testov\u00e1n\u00edm syst\u00e9mu Gen-IC Cloud Intercom byly mimo\u0159\u00e1dn\u00e9. Syst\u00e9m se vyzna\u010doval plynulou komunikac\u00ed a v\u00fdjime\u010dnou kvalitou zvuku, a to i v situac\u00edch s vysok\u00fdm datov\u00fdm provozem.\u201d<\/p>\n\n\n\n<figure class=\"wp-block-image aligncenter size-large is-resized\"><img loading=\"lazy\" decoding=\"async\" width=\"1024\" height=\"536\" src=\"https:\/\/commercialaudio.pl\/wp-content\/uploads\/2024\/01\/GEN_IC_WEB-1024x536.jpg\" alt=\"gen-ic\" class=\"wp-image-7610\" style=\"width:500px\" srcset=\"https:\/\/commercialaudio.pl\/wp-content\/uploads\/2024\/01\/GEN_IC_WEB-980x513.jpg 980w, https:\/\/commercialaudio.pl\/wp-content\/uploads\/2024\/01\/GEN_IC_WEB-480x251.jpg 480w\" sizes=\"(min-width: 0px) and (max-width: 480px) 480px, (min-width: 481px) and (max-width: 980px) 980px, (min-width: 981px) 1024px, 100vw\" \/><\/figure>\n\n\n\n<h3 class=\"wp-block-heading\">Integrace<\/h3>\n\n\n\n<p class=\"wp-block-paragraph\">Syst\u00e9m byl navr\u017een s ohledem na snadn\u00e9 pou\u017e\u00edv\u00e1n\u00ed a vyu\u017e\u00edv\u00e1 ocen\u011bn\u00e1 virtu\u00e1ln\u00ed \u0159e\u0161en\u00ed, tj. <a href=\"https:\/\/commercialaudio.pl\/cs\/produkt\/aplikacja-mobilna-clear-com-agent-ic\/\" target=\"_blank\" rel=\"noreferrer noopener\"><mark style=\"background-color:rgba(0, 0, 0, 0)\" class=\"has-inline-color has-vivid-cyan-blue-color\">mobiln\u00ed aplikaci Agent-IC\u00ae<\/mark><\/a> a virtu\u00e1ln\u00edho desktopov\u00e9ho klienta <a href=\"https:\/\/www.clearcom.com\/Products\/Products-by-Name\/Station-IC\" target=\"_blank\" rel=\"noreferrer noopener\"><mark style=\"background-color:rgba(0, 0, 0, 0)\" class=\"has-inline-color has-vivid-cyan-blue-color\">Station-IC\u2122<\/mark><\/a>, \u010d\u00edm\u017e odpad\u00e1 nutnost dodate\u010dn\u00e9ho \u0161kolen\u00ed st\u00e1vaj\u00edc\u00edch u\u017eivatel\u016f. Propojen\u00ed virtu\u00e1ln\u00edch klient\u016f s hardwarov\u00fdmi ekosyst\u00e9my je mo\u017en\u00e9 pomoc\u00ed st\u00e1vaj\u00edc\u00ed \u0159ady IP rozhran\u00ed Clear-Com s\u00e9rie LQ\u00ae, ani\u017e by bylo nutn\u00e9 pou\u017e\u00edvat dal\u0161\u00ed za\u0159\u00edzen\u00ed.<\/p>\n\n\n\n<h3 class=\"wp-block-heading\">Management<\/h3>\n\n\n\n<p class=\"wp-block-paragraph\">Clear-Com SkyPort prost\u0159ednictv\u00edm funkce Workspace Management usnad\u0148uje partner\u016fm spr\u00e1vu mnoha lokalit z\u00e1kazn\u00edk\u016f a akc\u00ed v jedn\u00e9 online aplikaci. D\u00edky SkyPortu mohou partne\u0159i pov\u011b\u0159ovat m\u00edstn\u00ed administr\u00e1tory spr\u00e1vou akc\u00ed a p\u0159ed\u00e1vat kontrolu do rukou u\u017eivatel\u016f, p\u0159i\u010dem\u017e z\u00e1rove\u0148 vyu\u017e\u00edvaj\u00ed p\u016fsobiv\u00e9 mo\u017enosti podpory, kter\u00e9 spole\u010dnost Clear-Com nab\u00edz\u00ed prost\u0159ednictv\u00edm sv\u00e9 partnersk\u00e9 s\u00edt\u011b.<\/p>\n\n\n\n<hr class=\"wp-block-separator has-alpha-channel-opacity\"\/>\n\n\n\n<h3 class=\"wp-block-heading\">Gen-IC Cloud Intercom a SkyPort budou poprv\u00e9 p\u0159edstaveny na veletrhu ISE 2024 v Barcelon\u011b na st\u00e1nku Clear-Com #5H620.<\/h3>\n\n\n\n<hr class=\"wp-block-separator has-alpha-channel-opacity\"\/>\n\n\n\n<h4 class=\"wp-block-heading\">Chcete-li si domluvit sch\u016fzku a prezentaci syst\u00e9mu Clear-Com Gen-IC Cloud Intercom, obra\u0165te se na na\u0161e odborn\u00edky v Barcelon\u011b:<\/h4>\n\n\n\n<hr class=\"wp-block-separator has-alpha-channel-opacity\"\/>\n\n\n\n<div class=\"wp-block-columns are-vertically-aligned-center is-layout-flex wp-container-core-columns-is-layout-8f761849 wp-block-columns-is-layout-flex\">\n<div class=\"wp-block-column is-vertically-aligned-center is-layout-flow wp-block-column-is-layout-flow\">\n<div class=\"wp-block-columns is-layout-flex wp-container-core-columns-is-layout-8f761849 wp-block-columns-is-layout-flex\">\n<div class=\"wp-block-column is-layout-flow wp-block-column-is-layout-flow\">\n<figure class=\"wp-block-image\"><img loading=\"lazy\" decoding=\"async\" width=\"300\" height=\"300\" src=\"https:\/\/commercialaudio.pl\/wp-content\/uploads\/2023\/10\/commercial-audio-anna-domanska.png\" alt=\"Anna Domansk\u00e1\" class=\"wp-image-6400\" srcset=\"https:\/\/commercialaudio.pl\/wp-content\/uploads\/2023\/10\/commercial-audio-anna-domanska.png 300w, https:\/\/commercialaudio.pl\/wp-content\/uploads\/2023\/10\/commercial-audio-anna-domanska-150x150.png 150w, https:\/\/commercialaudio.pl\/wp-content\/uploads\/2023\/10\/commercial-audio-anna-domanska-100x100.png 100w, https:\/\/commercialaudio.pl\/wp-content\/uploads\/2023\/10\/commercial-audio-anna-domanska-64x64.png 64w\" sizes=\"(max-width: 300px) 100vw, 300px\" \/><\/figure>\n\n\n\n<h4 class=\"wp-block-heading\">Anna Domansk\u00e1<\/h4>\n\n\n\n<p class=\"wp-block-paragraph\"><a href=\"tel:+48601370425\"><mark style=\"background-color:rgba(0, 0, 0, 0)\" class=\"has-inline-color has-vivid-cyan-blue-color\">+48 601 370 425<\/mark><\/a><br><a href=\"mailto:a.domanska@caudio.pl\"><mark style=\"background-color:rgba(0, 0, 0, 0)\" class=\"has-inline-color has-vivid-cyan-blue-color\">a.domanska@caudio.pl<\/mark><\/a><\/p>\n<\/div>\n\n\n\n<div class=\"wp-block-column is-layout-flow wp-block-column-is-layout-flow\">\n<figure class=\"wp-block-image\"><img loading=\"lazy\" decoding=\"async\" width=\"300\" height=\"300\" src=\"https:\/\/commercialaudio.pl\/wp-content\/uploads\/2023\/10\/commercial-audio-krzysztof-kowalewski.png\" alt=\"Krzysztof Kowalewski\" class=\"wp-image-6404\" srcset=\"https:\/\/commercialaudio.pl\/wp-content\/uploads\/2023\/10\/commercial-audio-krzysztof-kowalewski.png 300w, https:\/\/commercialaudio.pl\/wp-content\/uploads\/2023\/10\/commercial-audio-krzysztof-kowalewski-150x150.png 150w, https:\/\/commercialaudio.pl\/wp-content\/uploads\/2023\/10\/commercial-audio-krzysztof-kowalewski-100x100.png 100w, https:\/\/commercialaudio.pl\/wp-content\/uploads\/2023\/10\/commercial-audio-krzysztof-kowalewski-64x64.png 64w\" sizes=\"(max-width: 300px) 100vw, 300px\" \/><\/figure>\n\n\n\n<h4 class=\"wp-block-heading\">Krzysztof Kowalewski<\/h4>\n\n\n\n<p class=\"wp-block-paragraph\"><a href=\"tel:+48668870419\"><mark style=\"background-color:rgba(0, 0, 0, 0)\" class=\"has-inline-color has-vivid-cyan-blue-color\">+48 668 870 419<\/mark><\/a><br><a href=\"mailto:k.kowalewski@commercialaudio.pl\"><mark style=\"background-color:rgba(0, 0, 0, 0)\" class=\"has-inline-color has-vivid-cyan-blue-color\">k.kowalewski@caudio.pl<\/mark><\/a><\/p>\n<\/div>\n<\/div>\n<\/div>\n\n\n\n<div class=\"wp-block-column is-vertically-aligned-center is-layout-flow wp-block-column-is-layout-flow\">\n<div class=\"wp-block-columns is-layout-flex wp-container-core-columns-is-layout-8f761849 wp-block-columns-is-layout-flex\">\n<div class=\"wp-block-column is-layout-flow wp-block-column-is-layout-flow\">\n<figure class=\"wp-block-image\"><img loading=\"lazy\" decoding=\"async\" width=\"300\" height=\"300\" src=\"https:\/\/commercialaudio.pl\/wp-content\/uploads\/2023\/10\/commercial-audio-tomasz-nowicki.png\" alt=\"Tomasz Nowicki\" class=\"wp-image-6407\" srcset=\"https:\/\/commercialaudio.pl\/wp-content\/uploads\/2023\/10\/commercial-audio-tomasz-nowicki.png 300w, https:\/\/commercialaudio.pl\/wp-content\/uploads\/2023\/10\/commercial-audio-tomasz-nowicki-150x150.png 150w, https:\/\/commercialaudio.pl\/wp-content\/uploads\/2023\/10\/commercial-audio-tomasz-nowicki-100x100.png 100w, https:\/\/commercialaudio.pl\/wp-content\/uploads\/2023\/10\/commercial-audio-tomasz-nowicki-64x64.png 64w\" sizes=\"(max-width: 300px) 100vw, 300px\" \/><\/figure>\n\n\n\n<h4 class=\"wp-block-heading\">Tomasz Nowicki<\/h4>\n\n\n\n<p class=\"wp-block-paragraph\"><a href=\"tel:+48516502225\/\"><mark style=\"background-color:rgba(0, 0, 0, 0)\" class=\"has-inline-color has-vivid-cyan-blue-color\">+48 516 502 225<\/mark><\/a><br><a href=\"mailto:t.nowicki@commercialaudio.pl\"><mark style=\"background-color:rgba(0, 0, 0, 0)\" class=\"has-inline-color has-vivid-cyan-blue-color\">t.nowicki@caudio.pl<\/mark><\/a><\/p>\n<\/div>\n\n\n\n<div class=\"wp-block-column is-layout-flow wp-block-column-is-layout-flow\">\n<figure class=\"wp-block-image\"><img loading=\"lazy\" decoding=\"async\" width=\"300\" height=\"300\" src=\"https:\/\/commercialaudio.pl\/wp-content\/uploads\/2023\/10\/commercial-audio-daniel-kwiatkowski.png\" alt=\"Daniel Kwiatkowski\" class=\"wp-image-6409\" srcset=\"https:\/\/commercialaudio.pl\/wp-content\/uploads\/2023\/10\/commercial-audio-daniel-kwiatkowski.png 300w, https:\/\/commercialaudio.pl\/wp-content\/uploads\/2023\/10\/commercial-audio-daniel-kwiatkowski-150x150.png 150w, https:\/\/commercialaudio.pl\/wp-content\/uploads\/2023\/10\/commercial-audio-daniel-kwiatkowski-100x100.png 100w, https:\/\/commercialaudio.pl\/wp-content\/uploads\/2023\/10\/commercial-audio-daniel-kwiatkowski-64x64.png 64w\" sizes=\"(max-width: 300px) 100vw, 300px\" \/><\/figure>\n\n\n\n<h4 class=\"wp-block-heading\">Daniel Kwiatkowski<\/h4>\n\n\n\n<p class=\"wp-block-paragraph\"><a href=\"mailto:proaudio@audiotechpro.pl\"><\/a><a href=\"tel:+48666665157\"><mark style=\"background-color:rgba(0, 0, 0, 0)\" class=\"has-inline-color has-vivid-cyan-blue-color\">+48 666 665 157<\/mark><\/a><a href=\"mailto:proaudio@audiotechpro.pl\"><\/a><br><a href=\"mailto:d.kwiatkowski@caudio.pl\"><mark style=\"background-color:rgba(0, 0, 0, 0)\" class=\"has-inline-color has-vivid-cyan-blue-color\">d.kwiatkowski@caudio.pl<\/mark><\/a><\/p>\n<\/div>\n<\/div>\n<\/div>\n<\/div>\n\n\n\n<hr class=\"wp-block-separator has-alpha-channel-opacity\"\/>\n\n\n\n<h4 class=\"wp-block-heading has-text-align-center\">Zaregistrujte se na ISE2024 pomoc\u00ed k\u00f3du 1D2D4C1N.<\/h4>\n\n\n\n<hr class=\"wp-block-separator has-alpha-channel-opacity\"\/>\n\n\n\n<div class=\"wp-block-buttons is-content-justification-center is-layout-flex wp-container-core-buttons-is-layout-fe48e5de wp-block-buttons-is-layout-flex\">\n<div class=\"wp-block-button\"><a class=\"wp-block-button__link wp-element-button\" href=\"https:\/\/www.iseurope.org\/welcome\/registration\" target=\"_blank\" rel=\"noreferrer noopener\">REGISTRACE<\/a><\/div>\n<\/div>","protected":false},"excerpt":{"rendered":"<p>Cloudov\u00fd interkomov\u00fd syst\u00e9m<\/p>","protected":false},"author":5,"featured_media":7610,"comment_status":"open","ping_status":"closed","sticky":false,"template":"","format":"standard","meta":{"_acf_changed":false,"_et_pb_use_builder":"off","_et_pb_old_content":"","_et_gb_content_width":"","inline_featured_image":false,"footnotes":""},"categories":[67],"tags":[159,237,238,235],"class_list":["post-7607","post","type-post","status-publish","format-standard","has-post-thumbnail","hentry","category-aktualnosci-ssl-atc-clearcom-bose","tag-clear-com","tag-gen-ic","tag-interkom-w-chmurze","tag-system-interkomowy"],"acf":[],"_links":{"self":[{"href":"https:\/\/commercialaudio.pl\/cs\/wp-json\/wp\/v2\/posts\/7607","targetHints":{"allow":["GET"]}}],"collection":[{"href":"https:\/\/commercialaudio.pl\/cs\/wp-json\/wp\/v2\/posts"}],"about":[{"href":"https:\/\/commercialaudio.pl\/cs\/wp-json\/wp\/v2\/types\/post"}],"author":[{"embeddable":true,"href":"https:\/\/commercialaudio.pl\/cs\/wp-json\/wp\/v2\/users\/5"}],"replies":[{"embeddable":true,"href":"https:\/\/commercialaudio.pl\/cs\/wp-json\/wp\/v2\/comments?post=7607"}],"version-history":[{"count":7,"href":"https:\/\/commercialaudio.pl\/cs\/wp-json\/wp\/v2\/posts\/7607\/revisions"}],"predecessor-version":[{"id":7619,"href":"https:\/\/commercialaudio.pl\/cs\/wp-json\/wp\/v2\/posts\/7607\/revisions\/7619"}],"wp:featuredmedia":[{"embeddable":true,"href":"https:\/\/commercialaudio.pl\/cs\/wp-json\/wp\/v2\/media\/7610"}],"wp:attachment":[{"href":"https:\/\/commercialaudio.pl\/cs\/wp-json\/wp\/v2\/media?parent=7607"}],"wp:term":[{"taxonomy":"category","embeddable":true,"href":"https:\/\/commercialaudio.pl\/cs\/wp-json\/wp\/v2\/categories?post=7607"},{"taxonomy":"post_tag","embeddable":true,"href":"https:\/\/commercialaudio.pl\/cs\/wp-json\/wp\/v2\/tags?post=7607"}],"curies":[{"name":"wp","href":"https:\/\/api.w.org\/{rel}","templated":true}]}}