{"id":8026,"date":"2024-05-03T15:33:58","date_gmt":"2024-05-03T13:33:58","guid":{"rendered":"https:\/\/commercialaudio.pl\/?p=8026"},"modified":"2024-05-13T18:15:26","modified_gmt":"2024-05-13T16:15:26","slug":"szkolenie-z-systemow-interkomowych","status":"publish","type":"post","link":"https:\/\/commercialaudio.pl\/cs\/szkolenie-z-systemow-interkomowych\/","title":{"rendered":"Intercom Academy - \u0161kolen\u00ed v oblasti interkomov\u00fdch syst\u00e9m\u016f"},"content":{"rendered":"<h2 class=\"wp-block-heading\">V\u0161e, co pot\u0159ebujete v\u011bd\u011bt o komunika\u010dn\u00edch syst\u00e9mech na p\u0159\u00edkladu interkomov\u00fdch syst\u00e9m\u016f Clear-Com<\/h2>\n\n\n\n<p class=\"wp-block-paragraph\">14. kv\u011btna 2024 ve 12 hodin se v s\u00eddle na\u0161\u00ed spole\u010dnosti uskute\u010dn\u00ed \u0161kolen\u00ed o interkomov\u00fdch syst\u00e9mech \u201eAkademie interkomu\u201d, kter\u00e9 povede Krzysztof Borowicz. Krom\u011b d\u016fkladn\u00e9 d\u00e1vky nezbytn\u00e9 teorie budou m\u00edt \u00fa\u010dastn\u00edci k dispozici na\u0161i rozs\u00e1hlou uk\u00e1zkovou sestavu interkomov\u00fdch syst\u00e9m\u016f. <a href=\"https:\/\/commercialaudio.pl\/cs\/systemy-interkomowe-clear-com\/\" target=\"_blank\" rel=\"noreferrer noopener\"><mark style=\"background-color:rgba(0, 0, 0, 0)\" class=\"has-inline-color has-vivid-cyan-blue-color\">Clear-Com<\/mark><\/a>, mezi nimi\u017e jsou i bezdr\u00e1tov\u00e9 syst\u00e9my <a href=\"https:\/\/commercialaudio.pl\/cs\/systemy-interkomowe-clear-com\/#freespeak\" target=\"_blank\" rel=\"noreferrer noopener\"><mark style=\"background-color:rgba(0, 0, 0, 0)\" class=\"has-inline-color has-vivid-cyan-blue-color\">FreeSpeak<\/mark><\/a>, maticov\u00e9 <a href=\"https:\/\/commercialaudio.pl\/cs\/systemy-interkomowe-clear-com\/#matrycowe-systemy-interkomowe-Eclipse\" target=\"_blank\" rel=\"noreferrer noopener\"><mark style=\"background-color:rgba(0, 0, 0, 0)\" class=\"has-inline-color has-vivid-cyan-blue-color\">Eclipse<\/mark><\/a>, kabelov\u00e9 <a href=\"https:\/\/commercialaudio.pl\/cs\/systemy-interkomowe-clear-com\/#przewodowe-analogowe-systemy-interkomowe-Encore\" target=\"_blank\" rel=\"noreferrer noopener\"><mark style=\"background-color:rgba(0, 0, 0, 0)\" class=\"has-inline-color has-vivid-cyan-blue-color\">Encore<\/mark><\/a> i <a href=\"https:\/\/commercialaudio.pl\/cs\/systemy-interkomowe-clear-com\/#helixnet\" target=\"_blank\" rel=\"noreferrer noopener\"><mark style=\"background-color:rgba(0, 0, 0, 0)\" class=\"has-inline-color has-vivid-cyan-blue-color\">HelixNet<\/mark><\/a>, <a href=\"https:\/\/www.clearcom.com\/Products\/Products-By-Name\/LQ-Series\" target=\"_blank\" rel=\"noreferrer noopener\"><mark style=\"background-color:rgba(0, 0, 0, 0)\" class=\"has-inline-color has-vivid-cyan-blue-color\">s\u00ed\u0165ov\u00e9 LQ<\/mark><\/a> a samoz\u0159ejm\u011b hlavn\u00ed stanici Arkadia. <\/p>\n\n\n\n<figure class=\"wp-block-image size-large\"><img loading=\"lazy\" decoding=\"async\" width=\"1024\" height=\"657\" src=\"https:\/\/commercialaudio.pl\/wp-content\/uploads\/2024\/05\/systemow_interkomowych-1024x657.jpeg\" alt=\"\" class=\"wp-image-8029\" srcset=\"https:\/\/commercialaudio.pl\/wp-content\/uploads\/2024\/05\/systemow_interkomowych-980x629.jpeg 980w, https:\/\/commercialaudio.pl\/wp-content\/uploads\/2024\/05\/systemow_interkomowych-480x308.jpeg 480w\" sizes=\"(min-width: 0px) and (max-width: 480px) 480px, (min-width: 481px) and (max-width: 980px) 980px, (min-width: 981px) 1024px, 100vw\" \/><\/figure>\n\n\n\n<p class=\"wp-block-paragraph\"><strong>N\u00ed\u017ee je uveden seznam t\u00e9mat probran\u00fdch na \u0161kolen\u00ed:<\/strong><\/p>\n\n\n\n<ul class=\"wp-block-list\">\n<li>OBL\u00cdBEN\u00c9 KOMUNIKA\u010cN\u00cd TECHNIKY\n<ul class=\"wp-block-list\">\n<li>1.1 Partyline<\/li>\n\n\n\n<li>1.2 Point-to-Point (PtP)<\/li>\n\n\n\n<li>1.3 Bezdr\u00e1tov\u00fd interkomov\u00fd syst\u00e9m<\/li>\n\n\n\n<li>1.4 Pozn\u00e1mky k p\u0159edb\u011b\u017en\u00e9mu pl\u00e1nov\u00e1n\u00ed<\/li>\n<\/ul>\n<\/li>\n\n\n\n<li>V\u00ddB\u011aR TYP\u016e ZA\u0158\u00cdZEN\u00cd\n<ul class=\"wp-block-list\">\n<li>2.1 P\u0159ehled<\/li>\n\n\n\n<li>2.2 V\u00fdb\u011br typ\u016f za\u0159\u00edzen\u00ed \u2013 kabelov\u00e1\n<ul class=\"wp-block-list\">\n<li>2.2.1 Analogov\u00e9 syst\u00e9my d\u00edl\u010d\u00edch linek<\/li>\n\n\n\n<li>2.2.2 S\u00ed\u0165 Partyline<\/li>\n\n\n\n<li>2.2.3 Matrice<\/li>\n\n\n\n<li>2.2.4 Integrovan\u00e9 syst\u00e9my<\/li>\n<\/ul>\n<\/li>\n\n\n\n<li>2.3 V\u00fdb\u011br typ\u016f za\u0159\u00edzen\u00ed \u2013 bezdr\u00e1tov\u00e1 za\u0159\u00edzen\u00ed\n<ul class=\"wp-block-list\">\n<li>2.3.1 Bezdr\u00e1tov\u00e9 interkomy<\/li>\n<\/ul>\n<\/li>\n\n\n\n<li>2.4 V\u00fdb\u011br typ\u016f za\u0159\u00edzen\u00ed \u2013 interkomov\u00e9 s\u00edt\u011b a IP s\u00edt\u011b\n<ul class=\"wp-block-list\">\n<li>2.4.1. Klienti virtu\u00e1ln\u00edho interkomu<\/li>\n\n\n\n<li>2.4.2 IP rozhran\u00ed \u0159ady LQ<\/li>\n<\/ul>\n<\/li>\n<\/ul>\n<\/li>\n\n\n\n<li>DEFINOV\u00c1N\u00cd POT\u0158EB U\u017dIVATEL\u016e\n<ul class=\"wp-block-list\">\n<li>3.1 \u00dadaje o u\u017eivateli<\/li>\n\n\n\n<li>3.2 Podrobnosti o za\u0159\u00edzen\u00ed<\/li>\n\n\n\n<li>3.3 Podrobnosti o bezdr\u00e1tov\u00e9m interkomu<\/li>\n\n\n\n<li>3.4 Podrobnosti o IFB<\/li>\n<\/ul>\n<\/li>\n\n\n\n<li>P\u0158\u00cdKLADY DESIGNU\n<ul class=\"wp-block-list\">\n<li>4.1 Divadlo vyu\u017e\u00edvaj\u00edc\u00ed digit\u00e1ln\u00ed, kabelov\u00e9 a bezdr\u00e1tov\u00e9 p\u0159ipojen\u00ed Partyline a s\u00ed\u0165ovou infrastrukturu LAN<\/li>\n\n\n\n<li>4.2 Roz\u0161\u00ed\u0159en\u00ed analogov\u00e9 na digit\u00e1ln\u00ed partyline pomoc\u00ed \u0159ady LQ<\/li>\n\n\n\n<li>4.3 Laborato\u0159 vybaven\u00e1 bezdr\u00e1tov\u00fdm syst\u00e9mem.<\/li>\n<\/ul>\n<\/li>\n<\/ul>\n\n\n\n<figure class=\"wp-block-image size-large\"><img loading=\"lazy\" decoding=\"async\" width=\"1024\" height=\"683\" src=\"https:\/\/commercialaudio.pl\/wp-content\/uploads\/2024\/05\/396714191_818216713647298_3257455241925722948_n-1024x683.jpeg\" alt=\"\" class=\"wp-image-8030\" srcset=\"https:\/\/commercialaudio.pl\/wp-content\/uploads\/2024\/05\/396714191_818216713647298_3257455241925722948_n-980x653.jpeg 980w, https:\/\/commercialaudio.pl\/wp-content\/uploads\/2024\/05\/396714191_818216713647298_3257455241925722948_n-480x320.jpeg 480w\" sizes=\"(min-width: 0px) and (max-width: 480px) 480px, (min-width: 481px) and (max-width: 980px) 980px, (min-width: 981px) 1024px, 100vw\" \/><\/figure>\n\n\n\n<p class=\"wp-block-paragraph\"><strong>Chcete-li se z\u00fa\u010dastnit \u0161kolen\u00ed, za\u0161lete p\u0159ihl\u00e1\u0161ku; pot\u0159ebn\u00e9 informace najdete n\u00ed\u017ee:<\/strong><\/p>\n\n\n\n<p class=\"wp-block-paragraph\"><strong>Datum \u0161kolen\u00ed:<\/strong>&nbsp;\u00fater\u00fd 14. kv\u011btna 2024, 12:00,<\/p>\n\n\n\n<p class=\"wp-block-paragraph\"><strong>Moderov\u00e1n\u00ed:<\/strong>&nbsp;Krzysztof Borowicz,<\/p>\n\n\n\n<p class=\"wp-block-paragraph\"><strong>M\u00edsto kon\u00e1n\u00ed \u0161kolen\u00ed:<\/strong>&nbsp;s\u00eddlo spole\u010dnosti Commercial Audio, ul. Jeziorki 86A, Var\u0161ava.<\/p>\n\n\n\n<p class=\"wp-block-paragraph\">P\u0159ihl\u00e1\u0161ky obsahuj\u00edc\u00ed:<\/p>\n\n\n\n<p class=\"wp-block-paragraph\">\u2013 jm\u00e9no a p\u0159\u00edjmen\u00ed \u00fa\u010dastn\u00edka,<\/p>\n\n\n\n<p class=\"wp-block-paragraph\">\u2013 instituce \/ spole\u010dnost pod\u00e1vaj\u00edc\u00ed ozn\u00e1men\u00ed,<\/p>\n\n\n\n<p class=\"wp-block-paragraph\">\u2013 e-mailov\u00e1 adresa \u00fa\u010dastn\u00edka,<\/p>\n\n\n\n<p class=\"wp-block-paragraph\">\u2013 kontaktn\u00ed \u010d\u00edslo mobiln\u00edho telefonu \u00fa\u010dastn\u00edka (p\u0159\u00edpadn\u011b ur\u010den\u00e9 pouze pro organiza\u010dn\u00ed \u00fa\u010dely \u0161kolen\u00ed)<\/p>\n\n\n\n<p class=\"wp-block-paragraph\">zas\u00edlejte pros\u00edm na e-mailovou adresu:&nbsp;<a href=\"mailto:warsztaty@portalnaglosnieniowy.eu\"><\/a><a href=\"mailto:warsztaty@portalnaglosnieniowy.eu\">warsztaty@portalnaglosnieniowy.eu<\/a>.<\/p>","protected":false},"excerpt":{"rendered":"<p>V\u0161e, co pot\u0159ebujete v\u011bd\u011bt o komunika\u010dn\u00edch syst\u00e9mech<\/p>","protected":false},"author":5,"featured_media":8027,"comment_status":"open","ping_status":"closed","sticky":false,"template":"","format":"standard","meta":{"_acf_changed":false,"_et_pb_use_builder":"off","_et_pb_old_content":"","_et_gb_content_width":"","inline_featured_image":false,"footnotes":""},"categories":[67],"tags":[159,161,160],"class_list":["post-8026","post","type-post","status-publish","format-standard","has-post-thumbnail","hentry","category-aktualnosci-ssl-atc-clearcom-bose","tag-clear-com","tag-komunikacja","tag-systemy-interkomowe"],"acf":[],"_links":{"self":[{"href":"https:\/\/commercialaudio.pl\/cs\/wp-json\/wp\/v2\/posts\/8026","targetHints":{"allow":["GET"]}}],"collection":[{"href":"https:\/\/commercialaudio.pl\/cs\/wp-json\/wp\/v2\/posts"}],"about":[{"href":"https:\/\/commercialaudio.pl\/cs\/wp-json\/wp\/v2\/types\/post"}],"author":[{"embeddable":true,"href":"https:\/\/commercialaudio.pl\/cs\/wp-json\/wp\/v2\/users\/5"}],"replies":[{"embeddable":true,"href":"https:\/\/commercialaudio.pl\/cs\/wp-json\/wp\/v2\/comments?post=8026"}],"version-history":[{"count":4,"href":"https:\/\/commercialaudio.pl\/cs\/wp-json\/wp\/v2\/posts\/8026\/revisions"}],"predecessor-version":[{"id":8033,"href":"https:\/\/commercialaudio.pl\/cs\/wp-json\/wp\/v2\/posts\/8026\/revisions\/8033"}],"wp:featuredmedia":[{"embeddable":true,"href":"https:\/\/commercialaudio.pl\/cs\/wp-json\/wp\/v2\/media\/8027"}],"wp:attachment":[{"href":"https:\/\/commercialaudio.pl\/cs\/wp-json\/wp\/v2\/media?parent=8026"}],"wp:term":[{"taxonomy":"category","embeddable":true,"href":"https:\/\/commercialaudio.pl\/cs\/wp-json\/wp\/v2\/categories?post=8026"},{"taxonomy":"post_tag","embeddable":true,"href":"https:\/\/commercialaudio.pl\/cs\/wp-json\/wp\/v2\/tags?post=8026"}],"curies":[{"name":"wp","href":"https:\/\/api.w.org\/{rel}","templated":true}]}}