{"id":2127,"date":"2021-04-28T22:51:22","date_gmt":"2021-04-28T20:51:22","guid":{"rendered":"https:\/\/commercialaudio.pl\/?p=2127"},"modified":"2021-04-28T22:53:49","modified_gmt":"2021-04-28T20:53:49","slug":"nowa-seria-bose-amm","status":"publish","type":"post","link":"https:\/\/commercialaudio.pl\/en\/nowa-seria-bose-amm\/","title":{"rendered":"New Bose AMM Series"},"content":{"rendered":"<p class=\"has-drop-cap wp-block-paragraph\">Bose Professional is introducing the AMM series to its lineup of sound reinforcement systems. The manufacturer describes the new product as a versatile extension of its largest ArenaMatch system. The AMM series\u2014along with the AMU series speakers that have been part of the lineup for some time\u2014complements Bose\u2019s flagship line array system.The AMM series consists of three loudspeakers: the full-range AMM108 and AMM112, which are the first in the Bose lineup capable of operating as&nbsp;<strong>floor-mounted stage monitors (wedges)&nbsp;<\/strong>and the AMS115 subwoofer. Their design and sound have been fine-tuned to ensure compatibility with the AM and AMU series.<\/p>\n\n\n\n<div style=\"height:20px\" aria-hidden=\"true\" class=\"wp-block-spacer\"><\/div>\n\n\n\n<h2 class=\"wp-block-heading\">AMS115<\/h2>\n\n\n\n<div style=\"height:20px\" aria-hidden=\"true\" class=\"wp-block-spacer\"><\/div>\n\n\n\n<p class=\"wp-block-paragraph\">A multifunctional passive subwoofer built around a 15\u2033 driver with a nominal impedance of 8\u03a9. It offers a frequency response of 40 Hz \u2013 100 Hz (-3 dB). It generates 90 dB SPL in a free field at 500 W. Its light weight (28 kg) and excellent performance make it ideal for use in a wide range of applications:<\/p>\n\n\n\n<div class=\"wp-block-columns is-layout-flex wp-container-core-columns-is-layout-8f761849 wp-block-columns-is-layout-flex\">\n<div class=\"wp-block-column is-layout-flow wp-block-column-is-layout-flow\">\n<ul class=\"wp-block-list\"><li>Temporary installations \u2013 as a woofer component of a mobile system when used in conjunction with the AMM108 or AMM112 (mounted on a pole in an integrated M20 socket)<\/li><li>Stage applications \u2013 as a woofer in a full-range stage sidefill system when used in conjunction with the AMM108 or AMM112<\/li><li>Permanent installation \u2013 as a subwoofer assembly that can be freestanding or suspended using eyelet mounts attached to M10 screw-in sockets<\/li><\/ul>\n<\/div>\n\n\n\n<div class=\"wp-block-column is-layout-flow wp-block-column-is-layout-flow\">\n<figure class=\"wp-block-image size-large\"><img loading=\"lazy\" decoding=\"async\" width=\"1024\" height=\"683\" src=\"https:\/\/commercialaudio.pl\/wp-content\/uploads\/2021\/04\/commercial-audio-bose-professional-amms115-1024x683.jpg\" alt=\"\" class=\"wp-image-2128\" srcset=\"https:\/\/commercialaudio.pl\/wp-content\/uploads\/2021\/04\/commercial-audio-bose-professional-amms115-1024x683.jpg 1024w, https:\/\/commercialaudio.pl\/wp-content\/uploads\/2021\/04\/commercial-audio-bose-professional-amms115-980x654.jpg 980w, https:\/\/commercialaudio.pl\/wp-content\/uploads\/2021\/04\/commercial-audio-bose-professional-amms115-480x320.jpg 480w\" sizes=\"(min-width: 0px) and (max-width: 480px) 480px, (min-width: 481px) and (max-width: 980px) 980px, (min-width: 981px) 1024px, 100vw\" \/><\/figure>\n<\/div>\n<\/div>\n\n\n\n<h2 class=\"wp-block-heading\">AMM108<\/h2>\n\n\n\n<div style=\"height:20px\" aria-hidden=\"true\" class=\"wp-block-spacer\"><\/div>\n\n\n\n<p class=\"wp-block-paragraph\">A multifunctional, passive, full-range, two-way speaker with a coaxially mounted 8\u2033 woofer and 1.7\u2033 driver, with a nominal impedance of 8\u03a9. Its frequency response ranges from 88 Hz to 17 kHz (-3 dB). It produces 94 dB SPL at 150 W. The AMM108\u2019s coverage angles are 110\u00b0H x 60\u00b0V. Thanks to the use of unique waveguide matching technology, changing the coverage angles requires only rotating the loudspeaker, without the need to disassemble it or alter its design. <\/p>\n\n\n\n<div style=\"height:20px\" aria-hidden=\"true\" class=\"wp-block-spacer\"><\/div>\n\n\n\n<div class=\"wp-block-columns is-layout-flex wp-container-core-columns-is-layout-8f761849 wp-block-columns-is-layout-flex\">\n<div class=\"wp-block-column is-layout-flow wp-block-column-is-layout-flow\">\n<p class=\"wp-block-paragraph\">The AMM108 comes equipped with three factory preset sets for PowerMatch amplifiers, designed for use in the following configurations:<\/p>\n\n\n\n<ul class=\"wp-block-list\"><li>floor-mounted stage monitor<\/li><li>the tweeter from the car audio system, along with the AMS115 subwoofer<\/li><li>full-range front speaker<\/li><\/ul>\n\n\n\n<p class=\"wp-block-paragraph\">The AMM108 is a small, sleek speaker that works perfectly as a compact monitor, a discreet sound system, a frontfill, or a spot source for a fixed installation.<\/p>\n<\/div>\n\n\n\n<div class=\"wp-block-column is-layout-flow wp-block-column-is-layout-flow\">\n<figure class=\"wp-block-image size-large\"><img loading=\"lazy\" decoding=\"async\" width=\"1024\" height=\"683\" src=\"https:\/\/commercialaudio.pl\/wp-content\/uploads\/2021\/04\/commercial-audio-bose-professional-amm8-1024x683.jpg\" alt=\"\" class=\"wp-image-2130\" srcset=\"https:\/\/commercialaudio.pl\/wp-content\/uploads\/2021\/04\/commercial-audio-bose-professional-amm8-1024x683.jpg 1024w, https:\/\/commercialaudio.pl\/wp-content\/uploads\/2021\/04\/commercial-audio-bose-professional-amm8-980x654.jpg 980w, https:\/\/commercialaudio.pl\/wp-content\/uploads\/2021\/04\/commercial-audio-bose-professional-amm8-480x320.jpg 480w\" sizes=\"(min-width: 0px) and (max-width: 480px) 480px, (min-width: 481px) and (max-width: 980px) 980px, (min-width: 981px) 1024px, 100vw\" \/><\/figure>\n\n\n\n<p class=\"wp-block-paragraph\"><\/p>\n<\/div>\n<\/div>\n\n\n\n<h2 class=\"wp-block-heading\">AMM112<\/h2>\n\n\n\n<div style=\"height:20px\" aria-hidden=\"true\" class=\"wp-block-spacer\"><\/div>\n\n\n\n<p class=\"wp-block-paragraph\">The AMM112 is the \u201ebig brother\u201d of the AMM108. Its 12\u2033 woofer, combined with a coaxially mounted 3\u2033 driver, delivers a frequency response of 70 Hz \u2013 18 kHz. This design can be powered passively or in bi-amp mode. With a continuous power rating of 300W, it delivers an average of 96 dB SPL (131 dB peak). Like the AMM108, its coverage angles are 110\u00b0H x 60\u00b0V. Waveguide matching technology is also employed here.<\/p>\n\n\n\n<div style=\"height:20px\" aria-hidden=\"true\" class=\"wp-block-spacer\"><\/div>\n\n\n\n<div class=\"wp-block-columns is-layout-flex wp-container-core-columns-is-layout-8f761849 wp-block-columns-is-layout-flex\">\n<div class=\"wp-block-column is-layout-flow wp-block-column-is-layout-flow\">\n<p class=\"wp-block-paragraph\">The AMM112 also comes equipped with three factory preset sets for PowerMatch amplifiers, designed for use in the following configurations:<\/p>\n\n\n\n<ul class=\"wp-block-list\"><li>floor-mounted stage monitor<\/li><li>the tweeter from the car audio system, along with the AMS115 subwoofer<\/li><li>full-range front speaker<\/li><\/ul>\n\n\n\n<p class=\"wp-block-paragraph\">The AMM112 is, first and foremost, a full-fledged, powerful, bi-amped stage monitor. It\u2019s also ideal as a portable sound system or as a point source in a permanent installation. It works great as a sidefill when paired with the AMS115.<\/p>\n<\/div>\n\n\n\n<div class=\"wp-block-column is-layout-flow wp-block-column-is-layout-flow\">\n<figure class=\"wp-block-image size-large\"><img loading=\"lazy\" decoding=\"async\" width=\"1024\" height=\"683\" src=\"https:\/\/commercialaudio.pl\/wp-content\/uploads\/2021\/04\/commercial-audio-bose-professional-amm12-1024x683.jpg\" alt=\"\" class=\"wp-image-2132\" srcset=\"https:\/\/commercialaudio.pl\/wp-content\/uploads\/2021\/04\/commercial-audio-bose-professional-amm12-1024x683.jpg 1024w, https:\/\/commercialaudio.pl\/wp-content\/uploads\/2021\/04\/commercial-audio-bose-professional-amm12-980x654.jpg 980w, https:\/\/commercialaudio.pl\/wp-content\/uploads\/2021\/04\/commercial-audio-bose-professional-amm12-480x320.jpg 480w\" sizes=\"(min-width: 0px) and (max-width: 480px) 480px, (min-width: 481px) and (max-width: 980px) 980px, (min-width: 981px) 1024px, 100vw\" \/><\/figure>\n<\/div>\n<\/div>","protected":false},"excerpt":{"rendered":"<p>Bose Professional wprowadza do oferty system\u00f3w nag\u0142o\u015bnieniowych seri\u0119 AMM. Producent definiuje nowy produkt jako wielozadaniowe rozszerzenie najwi\u0119kszego systemu&nbsp; ArenaMatch. AMM \u2013&nbsp; wraz z b\u0119d\u0105cymi od d\u0142u\u017cszego czasu w ofercie g\u0142o\u015bnikami serii AMU tworzy kompletne dope\u0142nienie flagowego systemu liniowego Bose.Seri\u0119 AMM tworz\u0105 trzy g\u0142o\u015bniki: pe\u0142nopasmowe AMM108 i AMM112 , kt\u00f3re jako&nbsp;pierwsze w ofercie BOSE mog\u0105 pracowa\u0107 [&hellip;]<\/p>\n","protected":false},"author":10,"featured_media":2134,"comment_status":"open","ping_status":"closed","sticky":false,"template":"","format":"standard","meta":{"_acf_changed":false,"_et_pb_use_builder":"off","_et_pb_old_content":"","_et_gb_content_width":"","inline_featured_image":false,"footnotes":""},"categories":[67],"tags":[],"class_list":["post-2127","post","type-post","status-publish","format-standard","has-post-thumbnail","hentry","category-aktualnosci-ssl-atc-clearcom-bose"],"acf":[],"_links":{"self":[{"href":"https:\/\/commercialaudio.pl\/en\/wp-json\/wp\/v2\/posts\/2127","targetHints":{"allow":["GET"]}}],"collection":[{"href":"https:\/\/commercialaudio.pl\/en\/wp-json\/wp\/v2\/posts"}],"about":[{"href":"https:\/\/commercialaudio.pl\/en\/wp-json\/wp\/v2\/types\/post"}],"author":[{"embeddable":true,"href":"https:\/\/commercialaudio.pl\/en\/wp-json\/wp\/v2\/users\/10"}],"replies":[{"embeddable":true,"href":"https:\/\/commercialaudio.pl\/en\/wp-json\/wp\/v2\/comments?post=2127"}],"version-history":[{"count":0,"href":"https:\/\/commercialaudio.pl\/en\/wp-json\/wp\/v2\/posts\/2127\/revisions"}],"wp:featuredmedia":[{"embeddable":true,"href":"https:\/\/commercialaudio.pl\/en\/wp-json\/wp\/v2\/media\/2134"}],"wp:attachment":[{"href":"https:\/\/commercialaudio.pl\/en\/wp-json\/wp\/v2\/media?parent=2127"}],"wp:term":[{"taxonomy":"category","embeddable":true,"href":"https:\/\/commercialaudio.pl\/en\/wp-json\/wp\/v2\/categories?post=2127"},{"taxonomy":"post_tag","embeddable":true,"href":"https:\/\/commercialaudio.pl\/en\/wp-json\/wp\/v2\/tags?post=2127"}],"curies":[{"name":"wp","href":"https:\/\/api.w.org\/{rel}","templated":true}]}}