{"id":4155,"date":"2022-10-25T10:41:01","date_gmt":"2022-10-25T08:41:01","guid":{"rendered":"https:\/\/commercialaudio.pl\/?p=4155"},"modified":"2023-09-16T12:01:37","modified_gmt":"2023-09-16T10:01:37","slug":"nowe-dane-naszej-firmy","status":"publish","type":"post","link":"https:\/\/commercialaudio.pl\/en\/nowe-dane-naszej-firmy\/","title":{"rendered":"New data of our company"},"content":{"rendered":"<figure class=\"wp-block-image aligncenter size-large is-resized\"><img loading=\"lazy\" decoding=\"async\" src=\"https:\/\/commercialaudio.pl\/wp-content\/uploads\/2022\/10\/foto1-1024x998.jpg\" alt=\"\" class=\"wp-image-4156\" style=\"width:512px;height:499px\" width=\"512\" height=\"499\"\/><\/figure>\n\n\n\n<h2 class=\"wp-block-heading\">New headquarters, new company registration details, new challenges.&nbsp;<\/h2>\n\n\n\n<p class=\"wp-block-paragraph\">After more than four years of growing our business, completing numerous deliveries, and installing extensive audio systems\u2014including public address, studio, and broadcast systems\u2014the time has come for the next stage of our development. Our new headquarters on <strong><a href=\"https:\/\/goo.gl\/maps\/owNK9NZ4gFBa9U1n8\" class=\"rank-math-link\">Jeziorki 86a in Warsaw<\/a><\/strong> It\u2019s not only a great venue for business meetings, office space, and a showroom, but also a warehouse and a large parking area.&nbsp;<\/p>\n\n\n\n<div class=\"wp-block-columns is-layout-flex wp-container-core-columns-is-layout-8f761849 wp-block-columns-is-layout-flex\">\n<div class=\"wp-block-column is-layout-flow wp-block-column-is-layout-flow\">\n<figure class=\"wp-block-image size-large\"><img loading=\"lazy\" decoding=\"async\" width=\"1024\" height=\"778\" src=\"https:\/\/commercialaudio.pl\/wp-content\/uploads\/2022\/10\/foto2-1-1024x778.jpg\" alt=\"\" class=\"wp-image-4224\" srcset=\"https:\/\/commercialaudio.pl\/wp-content\/uploads\/2022\/10\/foto2-1-980x745.jpg 980w, https:\/\/commercialaudio.pl\/wp-content\/uploads\/2022\/10\/foto2-1-480x365.jpg 480w\" sizes=\"(min-width: 0px) and (max-width: 480px) 480px, (min-width: 481px) and (max-width: 980px) 980px, (min-width: 981px) 1024px, 100vw\" \/><\/figure>\n<\/div>\n\n\n\n<div class=\"wp-block-column is-layout-flow wp-block-column-is-layout-flow\">\n<figure class=\"wp-block-image size-large\"><img loading=\"lazy\" decoding=\"async\" width=\"1024\" height=\"768\" src=\"https:\/\/commercialaudio.pl\/wp-content\/uploads\/2022\/10\/foto3-1-1024x768.jpg\" alt=\"\" class=\"wp-image-4225\" srcset=\"https:\/\/commercialaudio.pl\/wp-content\/uploads\/2022\/10\/foto3-1-980x551.jpg 980w, https:\/\/commercialaudio.pl\/wp-content\/uploads\/2022\/10\/foto3-1-480x270.jpg 480w\" sizes=\"(min-width: 0px) and (max-width: 480px) 480px, (min-width: 481px) and (max-width: 980px) 980px, (min-width: 981px) 1024px, 100vw\" \/><\/figure>\n<\/div>\n\n\n\n<div class=\"wp-block-column is-layout-flow wp-block-column-is-layout-flow\">\n<figure class=\"wp-block-image size-large\"><img loading=\"lazy\" decoding=\"async\" width=\"1024\" height=\"768\" src=\"https:\/\/commercialaudio.pl\/wp-content\/uploads\/2022\/10\/foto5-2-1024x768.jpg\" alt=\"New data\" class=\"wp-image-4228\" srcset=\"https:\/\/commercialaudio.pl\/wp-content\/uploads\/2022\/10\/foto5-2-980x735.jpg 980w, https:\/\/commercialaudio.pl\/wp-content\/uploads\/2022\/10\/foto5-2-480x360.jpg 480w\" sizes=\"(min-width: 0px) and (max-width: 480px) 480px, (min-width: 481px) and (max-width: 980px) 980px, (min-width: 981px) 1024px, 100vw\" \/><\/figure>\n<\/div>\n<\/div>\n\n\n\n<p class=\"wp-block-paragraph\">At the new headquarters, you can listen to studio monitors <a href=\"http:\/\/www.atc.audio\" class=\"rank-math-link\">ATC<\/a>, learn about advanced devices <a href=\"http:\/\/www.solidstatelogic.com\" class=\"rank-math-link\">Solid State Logic<\/a> and listen to various series of in-wall speakers <a href=\"http:\/\/www.pro.bose.com\" class=\"rank-math-link\">Bose Professional<\/a>.<\/p>\n\n\n\n<h2 class=\"wp-block-heading\">Change of company name from Audiotech Commercial to Commercial Audio <\/h2>\n\n\n\n<p class=\"wp-block-paragraph\">Another change is the company\u2019s new legal form, which we took as an opportunity to refresh our name. The company\u2019s previous name, Audiotech Commercial S.C., is changing to <strong>Commercial Audio Ltd.<\/strong><\/p>\n\n\n\n<figure class=\"wp-block-image aligncenter size-full\"><img loading=\"lazy\" decoding=\"async\" width=\"720\" height=\"204\" src=\"https:\/\/commercialaudio.pl\/wp-content\/uploads\/2022\/10\/foto6.png\" alt=\"\" class=\"wp-image-4158\" srcset=\"https:\/\/commercialaudio.pl\/wp-content\/uploads\/2022\/10\/foto6.png 720w, https:\/\/commercialaudio.pl\/wp-content\/uploads\/2022\/10\/foto6-480x136.png 480w\" sizes=\"(min-width: 0px) and (max-width: 480px) 480px, (min-width: 481px) 720px, 100vw\" \/><\/figure>\n\n\n\n<p class=\"has-text-align-center wp-block-paragraph\">Updated email addresses and company information can be found in the tab <a href=\"https:\/\/commercialaudio.pl\/en\/contact\/\" class=\"rank-math-link\">contact<\/a> .&nbsp;<\/p>\n\n\n\n<p class=\"has-text-align-center wp-block-paragraph\">We also invite you to check out our updated profiles on <a href=\"https:\/\/www.facebook.com\/commercialaudiopl\" class=\"rank-math-link\">Facebook<\/a> and <a href=\"https:\/\/www.instagram.com\/caudio.pl\/\" class=\"rank-math-link\">Instagram<\/a> .<\/p>","protected":false},"excerpt":{"rendered":"<p>Nowa siedziba, nowe dane rejestrowe firmy, nowe wyzwania.&nbsp; Po ponad 4 latach rozwoju dzia\u0142alno\u015bci naszej firmy, wielu zrealizowanych dostawach, instalacjach rozbudowanych system\u00f3w audio, zar\u00f3wno nag\u0142o\u015bnieniowych jak i studyjnych i broadcastowych przyszed\u0142 czas na kolejny etap rozwoju. Nowa siedziba przy ulicy Jeziorki 86a w Warszawie to nie tylko dobre miejsce spotka\u0144 biznesowych, pomieszczenia biurowe, show room [&hellip;]<\/p>\n","protected":false},"author":10,"featured_media":4161,"comment_status":"open","ping_status":"closed","sticky":false,"template":"","format":"standard","meta":{"_acf_changed":false,"_et_pb_use_builder":"off","_et_pb_old_content":"<!-- wp:image {\"align\":\"center\",\"id\":4156,\"width\":512,\"height\":499,\"sizeSlug\":\"large\",\"linkDestination\":\"none\"} -->\n<figure class=\"wp-block-image aligncenter size-large is-resized\"><img src=\"https:\/\/commercialaudio.pl\/wp-content\/uploads\/2022\/10\/foto1-1024x998.jpg\" alt=\"\" class=\"wp-image-4156\" width=\"512\" height=\"499\"\/><\/figure>\n<!-- \/wp:image -->\n\n<!-- wp:heading -->\n<h2>Nowa siedziba, nowe dane rejestrowe firmy, nowe wyzwania.&nbsp;<\/h2>\n<!-- \/wp:heading -->\n\n<!-- wp:paragraph -->\n<p>Po ponad 4 latach dzia\u0142alno\u015bci przyszed\u0142 czas na kolejny etap rozwoju naszej firmy. Nowa siedziba przy ulicy <strong>Jeziorki 86a w Warszawie<\/strong> to nie tylko dobre miejsce spotka\u0144 biznesowych, pomieszczenia biurowe, show room ale r\u00f3wnie\u017c hala magazynowa i du\u017ca przestrze\u0144 parkingowa.&nbsp;<\/p>\n<!-- \/wp:paragraph -->\n\n<!-- wp:columns -->\n<div class=\"wp-block-columns\"><!-- wp:column -->\n<div class=\"wp-block-column\"><!-- wp:image {\"id\":4161,\"sizeSlug\":\"large\",\"linkDestination\":\"none\"} -->\n<figure class=\"wp-block-image size-large\"><img src=\"https:\/\/commercialaudio.pl\/wp-content\/uploads\/2022\/10\/foto2-1024x778.jpg\" alt=\"\" class=\"wp-image-4161\"\/><\/figure>\n<!-- \/wp:image --><\/div>\n<!-- \/wp:column -->\n\n<!-- wp:column -->\n<div class=\"wp-block-column\"><!-- wp:image {\"id\":4162,\"sizeSlug\":\"large\",\"linkDestination\":\"none\"} -->\n<figure class=\"wp-block-image size-large\"><img src=\"https:\/\/commercialaudio.pl\/wp-content\/uploads\/2022\/10\/foto3-1024x768.jpg\" alt=\"\" class=\"wp-image-4162\"\/><\/figure>\n<!-- \/wp:image --><\/div>\n<!-- \/wp:column -->\n\n<!-- wp:column -->\n<div class=\"wp-block-column\"><!-- wp:image {\"id\":4163,\"sizeSlug\":\"large\",\"linkDestination\":\"none\"} -->\n<figure class=\"wp-block-image size-large\"><img src=\"https:\/\/commercialaudio.pl\/wp-content\/uploads\/2022\/10\/foto5-1024x728.jpg\" alt=\"\" class=\"wp-image-4163\"\/><\/figure>\n<!-- \/wp:image --><\/div>\n<!-- \/wp:column --><\/div>\n<!-- \/wp:columns -->\n\n<!-- wp:paragraph -->\n<p>W nowej siedzibie mo\u017cna ods\u0142ucha\u0107 monitory studyjne ATC, pozna\u0107 zaawansowane urz\u0105dzenia Solid State Logic oraz pos\u0142ucha\u0107 r\u00f3\u017cnych serii g\u0142o\u015bnik\u00f3w instalacyjnych Bose Professional.<\/p>\n<!-- \/wp:paragraph -->\n\n<!-- wp:paragraph -->\n<p>Kolejna zmiana to zmiana formy prawnej sp\u00f3\u0142ki, przy okazji kt\u00f3rej zdecydowali\u015bmy si\u0119 na lifting nazwy. Dotychczasowa nazwa firmy Audiotech Commercial S.C. zmienia si\u0119 w <strong>Commercial Audio Sp. z o.o.<\/strong><\/p>\n<!-- \/wp:paragraph -->\n\n<!-- wp:image {\"align\":\"center\",\"id\":4158,\"sizeSlug\":\"full\",\"linkDestination\":\"none\"} -->\n<figure class=\"wp-block-image aligncenter size-full\"><img src=\"https:\/\/commercialaudio.pl\/wp-content\/uploads\/2022\/10\/foto6.png\" alt=\"\" class=\"wp-image-4158\"\/><\/figure>\n<!-- \/wp:image -->\n\n<!-- wp:paragraph {\"align\":\"center\"} -->\n<p class=\"has-text-align-center\">Zaktualizowane adresy meilowe oraz dane firmy mo\u017cna znale\u017a\u0107 w zak\u0142adce kontakt .&nbsp;<\/p>\n<!-- \/wp:paragraph -->\n\n<!-- wp:paragraph {\"align\":\"center\"} -->\n<p class=\"has-text-align-center\">Zapraszamy r\u00f3wnie\u017c na nasze zaktualizowane profile na Faceboku oraz Instagramie .<\/p>\n<!-- \/wp:paragraph -->","_et_gb_content_width":"","inline_featured_image":false,"footnotes":""},"categories":[67],"tags":[],"class_list":["post-4155","post","type-post","status-publish","format-standard","has-post-thumbnail","hentry","category-aktualnosci-ssl-atc-clearcom-bose"],"acf":[],"_links":{"self":[{"href":"https:\/\/commercialaudio.pl\/en\/wp-json\/wp\/v2\/posts\/4155","targetHints":{"allow":["GET"]}}],"collection":[{"href":"https:\/\/commercialaudio.pl\/en\/wp-json\/wp\/v2\/posts"}],"about":[{"href":"https:\/\/commercialaudio.pl\/en\/wp-json\/wp\/v2\/types\/post"}],"author":[{"embeddable":true,"href":"https:\/\/commercialaudio.pl\/en\/wp-json\/wp\/v2\/users\/10"}],"replies":[{"embeddable":true,"href":"https:\/\/commercialaudio.pl\/en\/wp-json\/wp\/v2\/comments?post=4155"}],"version-history":[{"count":16,"href":"https:\/\/commercialaudio.pl\/en\/wp-json\/wp\/v2\/posts\/4155\/revisions"}],"predecessor-version":[{"id":6312,"href":"https:\/\/commercialaudio.pl\/en\/wp-json\/wp\/v2\/posts\/4155\/revisions\/6312"}],"wp:featuredmedia":[{"embeddable":true,"href":"https:\/\/commercialaudio.pl\/en\/wp-json\/wp\/v2\/media\/4161"}],"wp:attachment":[{"href":"https:\/\/commercialaudio.pl\/en\/wp-json\/wp\/v2\/media?parent=4155"}],"wp:term":[{"taxonomy":"category","embeddable":true,"href":"https:\/\/commercialaudio.pl\/en\/wp-json\/wp\/v2\/categories?post=4155"},{"taxonomy":"post_tag","embeddable":true,"href":"https:\/\/commercialaudio.pl\/en\/wp-json\/wp\/v2\/tags?post=4155"}],"curies":[{"name":"wp","href":"https:\/\/api.w.org\/{rel}","templated":true}]}}