{"id":4496,"date":"2023-01-05T18:08:14","date_gmt":"2023-01-05T17:08:14","guid":{"rendered":"https:\/\/commercialaudio.pl\/?p=4496"},"modified":"2023-09-16T11:31:04","modified_gmt":"2023-09-16T09:31:04","slug":"hola-barcelona-czeka-na-ciebie-z-bose-vb-s","status":"publish","type":"post","link":"https:\/\/commercialaudio.pl\/en\/hola-barcelona-czeka-na-ciebie-z-bose-vb-s\/","title":{"rendered":"\u00a1HOLA! BARCELONA IS WAITING FOR YOU WITH BOSE VB-S"},"content":{"rendered":"<figure class=\"wp-block-image size-large\"><img loading=\"lazy\" decoding=\"async\" width=\"1024\" height=\"585\" src=\"https:\/\/commercialaudio.pl\/wp-content\/uploads\/2023\/01\/CNF_XYZ_SL-TW_12100x628_ISE2022-Hola_enUS-1024x585.jpg\" alt=\"BOSE VB-S\" class=\"wp-image-4562\" srcset=\"https:\/\/commercialaudio.pl\/wp-content\/uploads\/2023\/01\/CNF_XYZ_SL-TW_12100x628_ISE2022-Hola_enUS-980x559.jpg 980w, https:\/\/commercialaudio.pl\/wp-content\/uploads\/2023\/01\/CNF_XYZ_SL-TW_12100x628_ISE2022-Hola_enUS-480x274.jpg 480w\" sizes=\"(min-width: 0px) and (max-width: 480px) 480px, (min-width: 481px) and (max-width: 980px) 980px, (min-width: 981px) 1024px, 100vw\" \/><\/figure>\n\n\n\n<h2 class=\"wp-block-heading has-text-align-center\"><strong>Bose Professional for Conferences and More<\/strong> <br><strong>Check out Videobars<\/strong> <strong>Bose VB-S and VB-1<\/strong><\/h2>\n\n\n\n<h3 class=\"wp-block-heading has-text-align-center\">ISE is returning to Barcelona, and so are we. We can't wait to see you there.<br><\/h3>\n\n\n\n<h3 class=\"wp-block-heading has-text-align-center\" style=\"font-style:normal;font-weight:400\">Visit us at booth 2N600 to see the Bose Videobar VB1 and VB-S and sign up for a demo! Both devices offer excellent sound and microphone quality, easy setup, a sleek design, and free software, resources, and support. And that\u2019s just the beginning.  <br><br>Sign up for free with the code F8SETF2G<br><br><\/h3>\n\n\n\n<div class=\"wp-block-buttons is-content-justification-center is-layout-flex wp-container-core-buttons-is-layout-fe48e5de wp-block-buttons-is-layout-flex\">\n<div class=\"wp-block-button\"><a class=\"wp-block-button__link wp-element-button\" href=\"https:\/\/registration.firabarcelona.com\/?cod_promh=7ztszyLmWV#\/tickets\/selection-list\" target=\"_blank\" rel=\"noreferrer noopener\"><strong>Sign up now.<\/strong><\/a><\/div>\n<\/div>\n\n\n\n<div class=\"wp-block-columns is-layout-flex wp-container-core-columns-is-layout-8f761849 wp-block-columns-is-layout-flex\">\n<div class=\"wp-block-column is-layout-flow wp-block-column-is-layout-flow\">\n<h2 class=\"wp-block-heading\"> <\/h2>\n\n\n\n<figure class=\"wp-block-image size-full is-resized\"><img loading=\"lazy\" decoding=\"async\" src=\"https:\/\/commercialaudio.pl\/wp-content\/uploads\/2023\/01\/cq5dam.web_.600.600-1-1.png\" alt=\"\" class=\"wp-image-4502\" style=\"width:396px;height:178px\" width=\"396\" height=\"178\"\/><\/figure>\n<\/div>\n\n\n\n<div class=\"wp-block-column is-layout-flow wp-block-column-is-layout-flow\">\n<h2 class=\"wp-block-heading has-text-align-center\">Bose Videobar VB-S<\/h2>\n\n\n\n<pre id=\"tw-target-text\" class=\"wp-block-preformatted has-small-font-size\">Winner of the Best of Show award at InfoComm last June. Now you\u2019ll have the chance to see the VB-S for yourself. This new, versatile USB conferencing device makes every meeting efficient and enjoyable. <\/pre>\n\n\n\n<div class=\"wp-block-buttons is-content-justification-center is-layout-flex wp-container-core-buttons-is-layout-fe48e5de wp-block-buttons-is-layout-flex\">\n<div class=\"wp-block-button\"><a class=\"wp-block-button__link wp-element-button\" href=\"https:\/\/commercialaudio.pl\/en\/produkt\/videobar-vb-s\/\" target=\"_blank\" rel=\"noreferrer noopener\">Meet VB-S<\/a><\/div>\n<\/div>\n<\/div>\n<\/div>\n\n\n\n<div class=\"wp-block-columns is-layout-flex wp-container-core-columns-is-layout-8f761849 wp-block-columns-is-layout-flex\">\n<div class=\"wp-block-column is-layout-flow wp-block-column-is-layout-flow\">\n<h2 class=\"wp-block-heading has-text-align-center\">Bose VB1<\/h2>\n\n\n\n<pre id=\"tw-target-text\" class=\"wp-block-preformatted has-small-font-size\">For rooms up to 6 x 6 meters, the Bose Videobar VB1 is the ideal choice. It\u2019s a versatile USB conference device with six microphones, automatic beamforming, a 4K Ultra-HD camera, and signature Bose sound.<\/pre>\n\n\n\n<div class=\"wp-block-buttons is-content-justification-center is-layout-flex wp-container-core-buttons-is-layout-fe48e5de wp-block-buttons-is-layout-flex\">\n<div class=\"wp-block-button aligncenter\"><a class=\"wp-block-button__link wp-element-button\" href=\"https:\/\/commercialaudio.pl\/en\/produkt\/bose-videobar-vb1\/\" target=\"_blank\" rel=\"noreferrer noopener\">Meet VB1<\/a><\/div>\n<\/div>\n<\/div>\n\n\n\n<div class=\"wp-block-column is-layout-flow wp-block-column-is-layout-flow\">\n<h2 class=\"wp-block-heading\"> <br><br><\/h2>\n\n\n\n<figure class=\"wp-block-image size-large\"><img loading=\"lazy\" decoding=\"async\" width=\"1024\" height=\"256\" src=\"https:\/\/commercialaudio.pl\/wp-content\/uploads\/2023\/01\/cq5dam.web_.1920.1920-1024x256.png\" alt=\"\" class=\"wp-image-4506\" srcset=\"https:\/\/commercialaudio.pl\/wp-content\/uploads\/2023\/01\/cq5dam.web_.1920.1920-980x245.png 980w, https:\/\/commercialaudio.pl\/wp-content\/uploads\/2023\/01\/cq5dam.web_.1920.1920-480x120.png 480w\" sizes=\"(min-width: 0px) and (max-width: 480px) 480px, (min-width: 481px) and (max-width: 980px) 980px, (min-width: 981px) 1024px, 100vw\" \/><\/figure>\n<\/div>\n<\/div>\n\n\n\n<div class=\"wp-block-columns are-vertically-aligned-center has-background is-layout-flex wp-container-core-columns-is-layout-8f761849 wp-block-columns-is-layout-flex\" style=\"background-color:#abb7c21f\">\n<div class=\"wp-block-column is-vertically-aligned-center is-layout-flow wp-block-column-is-layout-flow\">\n<h2 class=\"wp-block-heading\"><br><\/h2>\n\n\n\n<figure class=\"wp-block-image size-full\"><img loading=\"lazy\" decoding=\"async\" width=\"617\" height=\"190\" src=\"https:\/\/commercialaudio.pl\/wp-content\/uploads\/2023\/01\/cq5dam.web_.1000.1000-1-1.png\" alt=\"\" class=\"wp-image-4528\" srcset=\"https:\/\/commercialaudio.pl\/wp-content\/uploads\/2023\/01\/cq5dam.web_.1000.1000-1-1.png 617w, https:\/\/commercialaudio.pl\/wp-content\/uploads\/2023\/01\/cq5dam.web_.1000.1000-1-1-480x148.png 480w\" sizes=\"(min-width: 0px) and (max-width: 480px) 480px, (min-width: 481px) 617px, 100vw\" \/><figcaption class=\"wp-element-caption\"><br><\/figcaption><\/figure>\n<\/div>\n\n\n\n<div class=\"wp-block-column is-vertically-aligned-center is-layout-flow wp-block-column-is-layout-flow\">\n<h2 class=\"wp-block-heading has-text-align-center\">Comprehensive Solutions<\/h2>\n\n\n\n<h5 class=\"wp-block-heading has-text-align-center\">to meet the challenges of conferences<\/h5>\n\n\n\n<div class=\"wp-block-buttons is-content-justification-center is-layout-flex wp-container-core-buttons-is-layout-fe48e5de wp-block-buttons-is-layout-flex\">\n<div class=\"wp-block-button aligncenter\"><a class=\"wp-block-button__link wp-element-button\" href=\"https:\/\/pro.bose.com\/en_us\/solutions\/bose-work\/alliance-partner-network.html\" target=\"_blank\" rel=\"noreferrer noopener\">Learn more<\/a><\/div>\n<\/div>\n<\/div>\n<\/div>\n\n\n\n<div class=\"wp-block-columns is-layout-flex wp-container-core-columns-is-layout-8f761849 wp-block-columns-is-layout-flex\">\n<div class=\"wp-block-column is-vertically-aligned-center is-layout-flow wp-block-column-is-layout-flow\">\n<h2 class=\"wp-block-heading has-text-align-center\">AM Modular Systems<br><\/h2>\n\n\n\n<h4 class=\"wp-block-heading has-text-align-center\">Sound that fills every space<br><\/h4>\n\n\n\n<div class=\"wp-block-buttons is-layout-flex wp-block-buttons-is-layout-flex\">\n<div class=\"wp-block-button aligncenter\"><a class=\"wp-block-button__link wp-element-button\" href=\"https:\/\/commercialaudio.pl\/en\/produkt\/bose-arenamatch-system\/\" target=\"_blank\" rel=\"noreferrer noopener\">Discover AM<\/a><\/div>\n<\/div>\n<\/div>\n\n\n\n<div class=\"wp-block-column is-layout-flow wp-block-column-is-layout-flow\">\n<figure class=\"wp-block-image aligncenter size-full is-resized\"><img loading=\"lazy\" decoding=\"async\" src=\"https:\/\/commercialaudio.pl\/wp-content\/uploads\/2023\/01\/cq5dam.web_.1000.1000.png\" alt=\"\" class=\"wp-image-4523\" style=\"width:226px;height:301px\" width=\"226\" height=\"301\"\/><\/figure>\n<\/div>\n<\/div>\n\n\n\n<div class=\"wp-block-columns is-layout-flex wp-container-core-columns-is-layout-8f761849 wp-block-columns-is-layout-flex\">\n<div class=\"wp-block-column is-layout-flow wp-block-column-is-layout-flow\">\n<h2 class=\"wp-block-heading\"><\/h2>\n\n\n\n<figure class=\"wp-block-image aligncenter size-full is-resized\"><img loading=\"lazy\" decoding=\"async\" src=\"https:\/\/commercialaudio.pl\/wp-content\/uploads\/2023\/01\/cq5dam.web_.1000.1000-7.png\" alt=\"\" class=\"wp-image-4532\" style=\"width:356px;height:356px\" width=\"356\" height=\"356\"\/><\/figure>\n<\/div>\n\n\n\n<div class=\"wp-block-column is-vertically-aligned-center is-layout-flow wp-block-column-is-layout-flow\">\n<h2 class=\"wp-block-heading has-text-align-center\">AMM Universal Speaker Columns<\/h2>\n\n\n\n<h4 class=\"wp-block-heading has-text-align-center\">Point-source speakers designed for versatile applications<\/h4>\n\n\n\n<div class=\"wp-block-buttons is-layout-flex wp-block-buttons-is-layout-flex\">\n<div class=\"wp-block-button aligncenter\"><a class=\"wp-block-button__link wp-element-button\" href=\"https:\/\/commercialaudio.pl\/en\/produkt\/amm\/\" target=\"_blank\" rel=\"noreferrer noopener\">Discover AMM<\/a><\/div>\n<\/div>\n<\/div>\n<\/div>\n\n\n\n<div class=\"wp-block-columns is-layout-flex wp-container-core-columns-is-layout-8f761849 wp-block-columns-is-layout-flex\">\n<div class=\"wp-block-column is-vertically-aligned-center is-layout-flow wp-block-column-is-layout-flow\">\n<h2 class=\"wp-block-heading has-text-align-center\">DesignMax In-Wall Speakers<\/h2>\n\n\n\n<h4 class=\"wp-block-heading has-text-align-center\">They create a unique atmosphere<\/h4>\n\n\n\n<div class=\"wp-block-buttons is-layout-flex wp-block-buttons-is-layout-flex\">\n<div class=\"wp-block-button aligncenter\"><a class=\"wp-block-button__link wp-element-button\" href=\"https:\/\/commercialaudio.pl\/en\/produkt\/design-max\/\" target=\"_blank\" rel=\"noreferrer noopener\">Discover DesignMax<\/a><\/div>\n<\/div>\n<\/div>\n\n\n\n<div class=\"wp-block-column is-layout-flow wp-block-column-is-layout-flow\">\n<h2 class=\"wp-block-heading\"><\/h2>\n\n\n\n<figure class=\"wp-block-image size-full is-resized\"><img loading=\"lazy\" decoding=\"async\" src=\"https:\/\/commercialaudio.pl\/wp-content\/uploads\/2023\/01\/cq5dam.web_.1000.1000-8.png\" alt=\"\" class=\"wp-image-4535\" style=\"width:336px;height:251px\" width=\"336\" height=\"251\"\/><\/figure>\n<\/div>\n<\/div>\n\n\n\n<div class=\"wp-block-columns is-layout-flex wp-container-core-columns-is-layout-8f761849 wp-block-columns-is-layout-flex\">\n<div class=\"wp-block-column is-layout-flow wp-block-column-is-layout-flow\">\n<h2 class=\"wp-block-heading\"><\/h2>\n\n\n\n<figure class=\"wp-block-image aligncenter size-full is-resized\"><img loading=\"lazy\" decoding=\"async\" src=\"https:\/\/commercialaudio.pl\/wp-content\/uploads\/2023\/01\/cq5dam.web_.1000.1000-9.png\" alt=\"\" class=\"wp-image-4539\" style=\"width:328px;height:245px\" width=\"328\" height=\"245\"\/><\/figure>\n<\/div>\n\n\n\n<div class=\"wp-block-column is-vertically-aligned-center is-layout-flow wp-block-column-is-layout-flow\">\n<h2 class=\"wp-block-heading has-text-align-center\">The FreeSpace Series<\/h2>\n\n\n\n<h4 class=\"wp-block-heading has-text-align-center\">The perfect balance of performance and price<\/h4>\n\n\n\n<div class=\"wp-block-buttons is-layout-flex wp-block-buttons-is-layout-flex\">\n<div class=\"wp-block-button aligncenter\"><a class=\"wp-block-button__link wp-element-button\" href=\"https:\/\/commercialaudio.pl\/en\/produkt\/freespace-fs\/\" target=\"_blank\" rel=\"noreferrer noopener\">Discover FreeSpace<\/a><\/div>\n<\/div>\n<\/div>\n<\/div>\n\n\n\n<div class=\"wp-block-columns is-layout-flex wp-container-core-columns-is-layout-8f761849 wp-block-columns-is-layout-flex\">\n<div class=\"wp-block-column is-vertically-aligned-center is-layout-flow wp-block-column-is-layout-flow\">\n<h2 class=\"wp-block-heading has-text-align-center\">MSA12X Column Systems with Beam Control<\/h2>\n\n\n\n<h4 class=\"wp-block-heading has-text-align-center\">Powerful-sounding, easy to hide<\/h4>\n\n\n\n<div class=\"wp-block-buttons is-layout-flex wp-block-buttons-is-layout-flex\">\n<div class=\"wp-block-button aligncenter\"><a class=\"wp-block-button__link wp-element-button\" href=\"https:\/\/pro.bose.com\/en_us\/products\/loudspeakers\/column_line_array\/panaray_msa_12x.html\" target=\"_blank\" rel=\"noreferrer noopener\">Discover the MSA12X<\/a><\/div>\n<\/div>\n<\/div>\n\n\n\n<div class=\"wp-block-column is-layout-flow wp-block-column-is-layout-flow\">\n<h2 class=\"wp-block-heading\"><\/h2>\n\n\n\n<figure class=\"wp-block-image aligncenter size-full is-resized\"><img loading=\"lazy\" decoding=\"async\" src=\"https:\/\/commercialaudio.pl\/wp-content\/uploads\/2023\/01\/cq5dam.web_.1000.1000-10.png\" alt=\"\" class=\"wp-image-4540\" style=\"width:312px;height:416px\" width=\"312\" height=\"416\"\/><\/figure>\n<\/div>\n<\/div>\n\n\n\n<div class=\"wp-block-columns is-layout-flex wp-container-core-columns-is-layout-8f761849 wp-block-columns-is-layout-flex\">\n<div class=\"wp-block-column is-layout-flow wp-block-column-is-layout-flow\">\n<h2 class=\"wp-block-heading\"><\/h2>\n\n\n\n<figure class=\"wp-block-image aligncenter size-full is-resized\"><img loading=\"lazy\" decoding=\"async\" src=\"https:\/\/commercialaudio.pl\/wp-content\/uploads\/2023\/01\/cq5dam.web_.1000.1000-11.png\" alt=\"\" class=\"wp-image-4543\" style=\"width:282px;height:423px\" width=\"282\" height=\"423\"\/><\/figure>\n<\/div>\n\n\n\n<div class=\"wp-block-column is-vertically-aligned-center is-layout-flow wp-block-column-is-layout-flow\">\n<h2 class=\"wp-block-heading has-text-align-center\">MA12EX Column Systems<\/h2>\n\n\n\n<h4 class=\"wp-block-heading has-text-align-center\">Truly precise sound<\/h4>\n\n\n\n<div class=\"wp-block-buttons is-content-justification-center is-layout-flex wp-container-core-buttons-is-layout-fe48e5de wp-block-buttons-is-layout-flex\">\n<div class=\"wp-block-button\"><a class=\"wp-block-button__link wp-element-button\" href=\"https:\/\/pro.bose.com\/en_us\/products\/loudspeakers\/column_line_array\/panaray_ma_12_ex.html\" target=\"_blank\" rel=\"noreferrer noopener\">Discover the MA12EX<\/a><\/div>\n<\/div>\n<\/div>\n<\/div>\n\n\n\n<div class=\"wp-block-buttons is-layout-flex wp-block-buttons-is-layout-flex\"><\/div>\n\n\n\n<div class=\"wp-block-buttons is-layout-flex wp-block-buttons-is-layout-flex\"><\/div>\n\n\n\n<div class=\"wp-block-columns is-layout-flex wp-container-core-columns-is-layout-8f761849 wp-block-columns-is-layout-flex\">\n<div class=\"wp-block-column is-layout-flow wp-block-column-is-layout-flow\">\n<h2 class=\"wp-block-heading has-text-align-center\"><strong>We're here to help you create<br>an extraordinary pro audio experience.<\/strong><\/h2>\n\n\n\n<h4 class=\"wp-block-heading has-text-align-center\">Download our catalog for a complete overview of all Bose Professional products.<\/h4>\n\n\n\n<figure class=\"wp-block-image aligncenter size-full is-resized\"><img loading=\"lazy\" decoding=\"async\" src=\"https:\/\/commercialaudio.pl\/wp-content\/uploads\/2023\/01\/cq5dam.web_.600.600-2.png\" alt=\"\" class=\"wp-image-4547\" style=\"width:310px;height:397px\" width=\"310\" height=\"397\" srcset=\"https:\/\/commercialaudio.pl\/wp-content\/uploads\/2023\/01\/cq5dam.web_.600.600-2.png 468w, https:\/\/commercialaudio.pl\/wp-content\/uploads\/2023\/01\/cq5dam.web_.600.600-2-234x300.png 234w, https:\/\/commercialaudio.pl\/wp-content\/uploads\/2023\/01\/cq5dam.web_.600.600-2-300x385.png 300w, https:\/\/commercialaudio.pl\/wp-content\/uploads\/2023\/01\/cq5dam.web_.600.600-2-64x82.png 64w\" sizes=\"(max-width: 310px) 100vw, 310px\" \/><\/figure>\n\n\n\n<div class=\"wp-block-buttons is-layout-flex wp-block-buttons-is-layout-flex\">\n<div class=\"wp-block-button aligncenter\"><a class=\"wp-block-button__link wp-element-button\" href=\"https:\/\/assets.bose.com\/content\/dam\/Bose_DAM\/Web\/pro\/global\/products\/catalog\/BosePro_FullLineCatalog_2022_Ltr_en.pdf\" target=\"_blank\" rel=\"noreferrer noopener\">Download Now<\/a><\/div>\n<\/div>\n<\/div>\n<\/div>\n\n\n\n<div class=\"wp-block-columns is-layout-flex wp-container-core-columns-is-layout-8f761849 wp-block-columns-is-layout-flex\">\n<div class=\"wp-block-column is-layout-flow wp-block-column-is-layout-flow\">\n<div class=\"wp-block-columns is-layout-flex wp-container-core-columns-is-layout-8f761849 wp-block-columns-is-layout-flex\">\n<div class=\"wp-block-column is-layout-flow wp-block-column-is-layout-flow\">\n<h3 class=\"wp-block-heading has-text-align-center\"><br><br>You'll also meet representatives from Commercial Audio at the trade show in Barcelona!<br>Please contact Ania, Krzysiek, or Tomek to discuss the Bose Professional solutions that interest you<\/h3>\n\n\n\n<div class=\"wp-block-columns is-layout-flex wp-container-core-columns-is-layout-8f761849 wp-block-columns-is-layout-flex\">\n<div class=\"wp-block-column is-layout-flow wp-block-column-is-layout-flow\">\n<figure class=\"wp-block-image size-full\"><img loading=\"lazy\" decoding=\"async\" width=\"300\" height=\"300\" src=\"https:\/\/commercialaudio.pl\/wp-content\/uploads\/2023\/01\/Commercial_Audio_Anna_Domanska_01.jpg\" alt=\"\" class=\"wp-image-4595\" srcset=\"https:\/\/commercialaudio.pl\/wp-content\/uploads\/2023\/01\/Commercial_Audio_Anna_Domanska_01.jpg 300w, https:\/\/commercialaudio.pl\/wp-content\/uploads\/2023\/01\/Commercial_Audio_Anna_Domanska_01-150x150.jpg 150w, https:\/\/commercialaudio.pl\/wp-content\/uploads\/2023\/01\/Commercial_Audio_Anna_Domanska_01-100x100.jpg 100w, https:\/\/commercialaudio.pl\/wp-content\/uploads\/2023\/01\/Commercial_Audio_Anna_Domanska_01-64x64.jpg 64w\" sizes=\"(max-width: 300px) 100vw, 300px\" \/><figcaption class=\"wp-element-caption\">Anna Domanska<br><a href=\"https:\/\/audiotechpro.pl\/kontakt\/tel.+48601370425\" target=\"_blank\" rel=\"noreferrer noopener\">+48 601 370 425<\/a><br><a href=\"mailto:office@audiotechpro.pl\">a.domanska@caudio.pl<\/a><\/figcaption><\/figure>\n<\/div>\n\n\n\n<div class=\"wp-block-column is-layout-flow wp-block-column-is-layout-flow\">\n<figure class=\"wp-block-image size-full\"><img loading=\"lazy\" decoding=\"async\" width=\"300\" height=\"300\" src=\"https:\/\/commercialaudio.pl\/wp-content\/uploads\/2023\/01\/Commercial_Audio_Krzysztof_Kowalewski_01.jpg\" alt=\"\" class=\"wp-image-4596\" srcset=\"https:\/\/commercialaudio.pl\/wp-content\/uploads\/2023\/01\/Commercial_Audio_Krzysztof_Kowalewski_01.jpg 300w, https:\/\/commercialaudio.pl\/wp-content\/uploads\/2023\/01\/Commercial_Audio_Krzysztof_Kowalewski_01-150x150.jpg 150w, https:\/\/commercialaudio.pl\/wp-content\/uploads\/2023\/01\/Commercial_Audio_Krzysztof_Kowalewski_01-100x100.jpg 100w, https:\/\/commercialaudio.pl\/wp-content\/uploads\/2023\/01\/Commercial_Audio_Krzysztof_Kowalewski_01-64x64.jpg 64w\" sizes=\"(max-width: 300px) 100vw, 300px\" \/><figcaption class=\"wp-element-caption\">Krzysztof Kowalewski<br><a href=\"https:\/\/audiotechpro.pl\/kontakt\/tel.+48668870419\" target=\"_blank\" rel=\"noreferrer noopener\">+48 668 870 419<\/a><br><a href=\"mailto:k.kowalewski@commercialaudio.pl\">k.kowalewski@caudio.pl<\/a><\/figcaption><\/figure>\n<\/div>\n\n\n\n<div class=\"wp-block-column is-layout-flow wp-block-column-is-layout-flow\">\n<figure class=\"wp-block-image size-full\"><img loading=\"lazy\" decoding=\"async\" width=\"300\" height=\"300\" src=\"https:\/\/commercialaudio.pl\/wp-content\/uploads\/2023\/01\/Commercial_Audio_Tomasz_Nowicki_01.jpg\" alt=\"\" class=\"wp-image-4600\" srcset=\"https:\/\/commercialaudio.pl\/wp-content\/uploads\/2023\/01\/Commercial_Audio_Tomasz_Nowicki_01.jpg 300w, https:\/\/commercialaudio.pl\/wp-content\/uploads\/2023\/01\/Commercial_Audio_Tomasz_Nowicki_01-150x150.jpg 150w, https:\/\/commercialaudio.pl\/wp-content\/uploads\/2023\/01\/Commercial_Audio_Tomasz_Nowicki_01-100x100.jpg 100w, https:\/\/commercialaudio.pl\/wp-content\/uploads\/2023\/01\/Commercial_Audio_Tomasz_Nowicki_01-64x64.jpg 64w\" sizes=\"(max-width: 300px) 100vw, 300px\" \/><figcaption class=\"wp-element-caption\">Tomasz Nowicki<br><a href=\"http:\/\/tel.+48516502225\/\" target=\"_blank\" rel=\"noreferrer noopener\">+48 516 502 225<\/a><br><a href=\"mailto:t.nowicki@commercialaudio.pl\">t.nowicki@caudio.pl<\/a><\/figcaption><\/figure>\n<\/div>\n<\/div>\n<\/div>\n<\/div>\n<\/div>\n<\/div>","protected":false},"excerpt":{"rendered":"<p>Bose Professional dla konferencji i nie tylko Sprawd\u017a Videobary Bose VB-S i VB-1 ISE wraca do Barcelony, podobnie jak my. Nie mo\u017cemy si\u0119 doczeka\u0107, \u017ceby Ci\u0119 tam zobaczy\u0107. Odwied\u017a nas na stoisku 2N600, aby zobaczy\u0107 Bose Videobar VB1 i VB-S i zapisz si\u0119 na prezentacj\u0119! Oba urz\u0105dzenia oferuj\u0105 doskona\u0142\u0105 jako\u015b\u0107 d\u017awi\u0119ku i mikrofonu, prost\u0105 konfiguracj\u0119, [&hellip;]<\/p>\n","protected":false},"author":5,"featured_media":4562,"comment_status":"open","ping_status":"closed","sticky":false,"template":"","format":"standard","meta":{"_acf_changed":false,"_et_pb_use_builder":"off","_et_pb_old_content":"","_et_gb_content_width":"","inline_featured_image":false,"footnotes":""},"categories":[67],"tags":[],"class_list":["post-4496","post","type-post","status-publish","format-standard","has-post-thumbnail","hentry","category-aktualnosci-ssl-atc-clearcom-bose"],"acf":[],"_links":{"self":[{"href":"https:\/\/commercialaudio.pl\/en\/wp-json\/wp\/v2\/posts\/4496","targetHints":{"allow":["GET"]}}],"collection":[{"href":"https:\/\/commercialaudio.pl\/en\/wp-json\/wp\/v2\/posts"}],"about":[{"href":"https:\/\/commercialaudio.pl\/en\/wp-json\/wp\/v2\/types\/post"}],"author":[{"embeddable":true,"href":"https:\/\/commercialaudio.pl\/en\/wp-json\/wp\/v2\/users\/5"}],"replies":[{"embeddable":true,"href":"https:\/\/commercialaudio.pl\/en\/wp-json\/wp\/v2\/comments?post=4496"}],"version-history":[{"count":55,"href":"https:\/\/commercialaudio.pl\/en\/wp-json\/wp\/v2\/posts\/4496\/revisions"}],"predecessor-version":[{"id":6304,"href":"https:\/\/commercialaudio.pl\/en\/wp-json\/wp\/v2\/posts\/4496\/revisions\/6304"}],"wp:featuredmedia":[{"embeddable":true,"href":"https:\/\/commercialaudio.pl\/en\/wp-json\/wp\/v2\/media\/4562"}],"wp:attachment":[{"href":"https:\/\/commercialaudio.pl\/en\/wp-json\/wp\/v2\/media?parent=4496"}],"wp:term":[{"taxonomy":"category","embeddable":true,"href":"https:\/\/commercialaudio.pl\/en\/wp-json\/wp\/v2\/categories?post=4496"},{"taxonomy":"post_tag","embeddable":true,"href":"https:\/\/commercialaudio.pl\/en\/wp-json\/wp\/v2\/tags?post=4496"}],"curies":[{"name":"wp","href":"https:\/\/api.w.org\/{rel}","templated":true}]}}