{"id":6876,"date":"2023-11-09T10:38:02","date_gmt":"2023-11-09T09:38:02","guid":{"rendered":"https:\/\/commercialaudio.pl\/?p=6876"},"modified":"2023-11-09T10:39:14","modified_gmt":"2023-11-09T09:39:14","slug":"commercial-audio-na-soundedit-home-music-prod","status":"publish","type":"post","link":"https:\/\/commercialaudio.pl\/en\/commercial-audio-na-soundedit-home-music-prod\/","title":{"rendered":"Commercial Audio at Soundedit\u201923"},"content":{"rendered":"<h2 class=\"wp-block-heading\">Commercial Audio will once again be participating in the annual Soundedit festival.<\/h2>\n\n\n\n<p class=\"wp-block-paragraph\">During the workshop portion on the first day, i.e.,\u00a0<strong>November 13 at 2:00 p.m. in Room E<\/strong>\u00a0panel\u00a0<strong>\u201eCritical Listening: How to Listen Without Criticizing\u201d<\/strong>\u00a0will lead\u00a0<strong>Magdalena Piotrowska, Ph.D., Eng.<\/strong>, who cultivated her passion for sound during her graduate studies in Music Production and Recording in Stavanger (Norway) and at the Banff Centre for Arts and Creativity in Canada. <\/p>\n\n\n\n<figure class=\"wp-block-image aligncenter size-large is-resized\"><img loading=\"lazy\" decoding=\"async\" width=\"1024\" height=\"1024\" src=\"https:\/\/commercialaudio.pl\/wp-content\/uploads\/2023\/11\/magdalena_piotrowska_soundedit-1024x1024.jpg\" alt=\"\" class=\"wp-image-6879\" style=\"width:300px\" srcset=\"https:\/\/commercialaudio.pl\/wp-content\/uploads\/2023\/11\/magdalena_piotrowska_soundedit-980x980.jpg 980w, https:\/\/commercialaudio.pl\/wp-content\/uploads\/2023\/11\/magdalena_piotrowska_soundedit-480x480.jpg 480w\" sizes=\"(min-width: 0px) and (max-width: 480px) 480px, (min-width: 481px) and (max-width: 980px) 980px, (min-width: 981px) 1024px, 100vw\" \/><\/figure>\n\n\n\n<p class=\"wp-block-paragraph\">He has been running the studio since 2016\u00a0<a href=\"https:\/\/www.hearcandymastering.com\/\" target=\"_blank\" rel=\"noreferrer noopener\">Hear Candy Mastering<\/a>, where he collaborates with labels from Poland, Germany, Canada, Norway, Japan, France, and the U.S. (including Pawe\u0142 G\u00f3rniak, Jimek, Merkabah, Sorry Boys, Skubas, Knut Kvifte Nesheim, Johannes Hamm, Alan Demsky, Ch\u0142opcy Kontra Basia, Renata Przemyk, Jan Stok\u0142osa, Pendofsky, and Capella Cracoviensis).<\/p>\n\n\n\n<p class=\"wp-block-paragraph\">Apart from this interesting panel, to which we warmly invite you\u00a0<strong>in Room D2<\/strong>\u00a0you will be able to explore tools designed for\u00a0<strong>Home Music Production<\/strong>\u00a0<a href=\"https:\/\/commercialaudio.pl\/en\/solid-state-logic\/\" target=\"_blank\" rel=\"noreferrer noopener\">Solid State Logic<\/a>, <a href=\"https:\/\/commercialaudio.pl\/en\/atc-loudspeakers\/\">ATC Loudspeakers<\/a> and a portable sound system <a href=\"https:\/\/commercialaudio.pl\/en\/bose-professional\/\" target=\"_blank\" rel=\"noreferrer noopener\">Bose Professional<\/a> and other devices also available from the company <a href=\"https:\/\/audiotechpro.pl\/\" target=\"_blank\" rel=\"noreferrer noopener\">Audiotech<\/a>.<\/p>\n\n\n\n<p class=\"wp-block-paragraph\">Throughout the festival, the Commercial Audio team will be at your service, consisting of:<\/p>\n\n\n\n<div class=\"wp-block-columns is-layout-flex wp-container-core-columns-is-layout-8f761849 wp-block-columns-is-layout-flex\">\n<div class=\"wp-block-column is-layout-flow wp-block-column-is-layout-flow\" style=\"flex-basis:100%\">\n<div class=\"wp-block-columns is-layout-flex wp-container-core-columns-is-layout-8f761849 wp-block-columns-is-layout-flex\">\n<div class=\"wp-block-column is-layout-flow wp-block-column-is-layout-flow\">\n<figure class=\"wp-block-image aligncenter\"><img loading=\"lazy\" decoding=\"async\" width=\"300\" height=\"300\" src=\"https:\/\/commercialaudio.pl\/wp-content\/uploads\/2023\/10\/commercial-audio-piotr-polak.png\" alt=\"Piotr Polak\" class=\"wp-image-6406\" srcset=\"https:\/\/commercialaudio.pl\/wp-content\/uploads\/2023\/10\/commercial-audio-piotr-polak.png 300w, https:\/\/commercialaudio.pl\/wp-content\/uploads\/2023\/10\/commercial-audio-piotr-polak-150x150.png 150w, https:\/\/commercialaudio.pl\/wp-content\/uploads\/2023\/10\/commercial-audio-piotr-polak-100x100.png 100w, https:\/\/commercialaudio.pl\/wp-content\/uploads\/2023\/10\/commercial-audio-piotr-polak-64x64.png 64w\" sizes=\"(max-width: 300px) 100vw, 300px\" \/><\/figure>\n\n\n\n<h4 class=\"wp-block-heading has-text-align-center\">Piotr Polak<\/h4>\n\n\n\n<p class=\"has-text-align-center wp-block-paragraph\">SSL Studio \/ ATC Loudspeakers<\/p>\n\n\n\n<p class=\"has-text-align-center wp-block-paragraph\"><a href=\"tel:+48604144664\">+48 604 144 664<\/a><br><a href=\"mailto:proaudio@audiotechpro.pl\">proaudio@audiotechpro.pl<\/a><\/p>\n<\/div>\n\n\n\n<div class=\"wp-block-column is-layout-flow wp-block-column-is-layout-flow\">\n<figure class=\"wp-block-image aligncenter\"><img loading=\"lazy\" decoding=\"async\" width=\"300\" height=\"300\" src=\"https:\/\/commercialaudio.pl\/wp-content\/uploads\/2023\/10\/commercial-audio-krzysztof-borowicz.png\" alt=\"Krzysztof Borowicz\" class=\"wp-image-6403\" srcset=\"https:\/\/commercialaudio.pl\/wp-content\/uploads\/2023\/10\/commercial-audio-krzysztof-borowicz.png 300w, https:\/\/commercialaudio.pl\/wp-content\/uploads\/2023\/10\/commercial-audio-krzysztof-borowicz-150x150.png 150w, https:\/\/commercialaudio.pl\/wp-content\/uploads\/2023\/10\/commercial-audio-krzysztof-borowicz-100x100.png 100w, https:\/\/commercialaudio.pl\/wp-content\/uploads\/2023\/10\/commercial-audio-krzysztof-borowicz-64x64.png 64w\" sizes=\"(max-width: 300px) 100vw, 300px\" \/><\/figure>\n\n\n\n<h4 class=\"wp-block-heading has-text-align-center\">Krzysztof Borowicz<\/h4>\n\n\n\n<p class=\"has-text-align-center wp-block-paragraph\">SSL Broadcast | Live \/ Clear-Com<\/p>\n\n\n\n<p class=\"has-text-align-center wp-block-paragraph\"><a href=\"tel:+48604615613\">+48 536 148 059<\/a><br><a href=\"mailto:k.borowicz@caudio.pl\">k.borowicz@caudio.pl<\/a><\/p>\n<\/div>\n<\/div>\n<\/div>\n<\/div>\n\n\n\n<h3 class=\"wp-block-heading has-text-align-center\">See you at Soundedit!<\/h3>","protected":false},"excerpt":{"rendered":"<p>In the workshop part on the first day, i.e. 13.11 at 14:00 in room E, the panel \u201eCritical listening, or how to listen and not criticize\u201d will be led by Dr. Magdalena Piotrowska, Eng.<\/p>","protected":false},"author":5,"featured_media":6877,"comment_status":"open","ping_status":"closed","sticky":false,"template":"","format":"standard","meta":{"_acf_changed":false,"_et_pb_use_builder":"off","_et_pb_old_content":"","_et_gb_content_width":"","inline_featured_image":false,"footnotes":""},"categories":[67],"tags":[207,101,100,96,97,86,99,163],"class_list":["post-6876","post","type-post","status-publish","format-standard","has-post-thumbnail","hentry","category-aktualnosci-ssl-atc-clearcom-bose","tag-atc","tag-audio","tag-dzwiek","tag-monitory-studyjne","tag-odsluch","tag-solid-state-logic","tag-sprzet-studyjny","tag-ssl"],"acf":[],"_links":{"self":[{"href":"https:\/\/commercialaudio.pl\/en\/wp-json\/wp\/v2\/posts\/6876","targetHints":{"allow":["GET"]}}],"collection":[{"href":"https:\/\/commercialaudio.pl\/en\/wp-json\/wp\/v2\/posts"}],"about":[{"href":"https:\/\/commercialaudio.pl\/en\/wp-json\/wp\/v2\/types\/post"}],"author":[{"embeddable":true,"href":"https:\/\/commercialaudio.pl\/en\/wp-json\/wp\/v2\/users\/5"}],"replies":[{"embeddable":true,"href":"https:\/\/commercialaudio.pl\/en\/wp-json\/wp\/v2\/comments?post=6876"}],"version-history":[{"count":3,"href":"https:\/\/commercialaudio.pl\/en\/wp-json\/wp\/v2\/posts\/6876\/revisions"}],"predecessor-version":[{"id":6881,"href":"https:\/\/commercialaudio.pl\/en\/wp-json\/wp\/v2\/posts\/6876\/revisions\/6881"}],"wp:featuredmedia":[{"embeddable":true,"href":"https:\/\/commercialaudio.pl\/en\/wp-json\/wp\/v2\/media\/6877"}],"wp:attachment":[{"href":"https:\/\/commercialaudio.pl\/en\/wp-json\/wp\/v2\/media?parent=6876"}],"wp:term":[{"taxonomy":"category","embeddable":true,"href":"https:\/\/commercialaudio.pl\/en\/wp-json\/wp\/v2\/categories?post=6876"},{"taxonomy":"post_tag","embeddable":true,"href":"https:\/\/commercialaudio.pl\/en\/wp-json\/wp\/v2\/tags?post=6876"}],"curies":[{"name":"wp","href":"https:\/\/api.w.org\/{rel}","templated":true}]}}