{"id":10895,"date":"2025-09-19T11:00:30","date_gmt":"2025-09-19T09:00:30","guid":{"rendered":"https:\/\/commercialaudio.pl\/?p=10895"},"modified":"2026-05-05T07:41:58","modified_gmt":"2026-05-05T05:41:58","slug":"zvuk-stadiona-multimedia","status":"publish","type":"post","link":"https:\/\/commercialaudio.pl\/sk\/naglosnienie-stadionu-dzwiek-multimedia\/","title":{"rendered":"Ozvu\u010denie \u0161tadi\u00f3na - ako navrhova\u0165 modern\u00e9 \u0161portov\u00e9 zariadenia"},"content":{"rendered":"<h2 class=\"wp-block-heading\"><strong>Zvuk a vnemy - piliere modern\u00e9ho \u0161portov\u00e9ho zariadenia<\/strong><\/h2>\n\n\n\n<p class=\"wp-block-paragraph\">Dizajn s\u00fa\u010dasn\u00e9ho \u0161portoviska bez oh\u013eadu na jeho rozsah - \u010di u\u017e ide o \u0161tadi\u00f3n, viac\u00fa\u010delov\u00fa ar\u00e9nu alebo \u0161portov\u00fa halu - \u010faleko presahuje r\u00e1mec \u0161portovej architekt\u00fary a funk\u010dnosti. Ozvu\u010denie, osvetlenie, multim\u00e9di\u00e1 a komunik\u00e1cia na \u0161tadi\u00f3ne s\u00fa dnes z\u00e1kladn\u00fdmi piliermi, ktor\u00e9 rozhoduj\u00fa o \u00faspechu projektu. U\u017e nejde len o to, aby sa mohol odohra\u0165 z\u00e1pas, ale o vytvorenie priestoru, ktor\u00fd poskytne nezabudnute\u013en\u00fd z\u00e1\u017eitok, zaru\u010d\u00ed najvy\u0161\u0161iu \u00farove\u0148 bezpe\u010dnosti a prev\u00e1dzkovej efekt\u00edvnosti a maximalizuje svoju komer\u010dn\u00fa hodnotu. Najm\u00e4 ozvu\u010denie \u0161tadi\u00f3na alebo ar\u00e9ny tu zohr\u00e1va dvojak\u00fa \u00falohu: je k\u013e\u00fa\u010dov\u00fdm nosite\u013eom atmosf\u00e9ry, zvy\u0161uje \u00farove\u0148 vzru\u0161enia div\u00e1kov, ale predov\u0161etk\u00fdm je bezpe\u010dnostn\u00fdm n\u00e1strojom, ktor\u00fd m\u00f4\u017ee v kr\u00edzovej situ\u00e1cii zachr\u00e1ni\u0165 \u017eivot.\u00a0<\/p>\n\n\n\n<figure class=\"wp-block-image size-large\"><img loading=\"lazy\" decoding=\"async\" width=\"1024\" height=\"683\" src=\"https:\/\/commercialaudio.pl\/wp-content\/uploads\/2025\/09\/commercial_audio_obiekty_sportowe_BOSE_01-1024x683.jpg\" alt=\"propag\u00e1cia \u0161tadi\u00f3na\" class=\"wp-image-10896\" srcset=\"https:\/\/commercialaudio.pl\/wp-content\/uploads\/2025\/09\/commercial_audio_obiekty_sportowe_BOSE_01-980x654.jpg 980w, https:\/\/commercialaudio.pl\/wp-content\/uploads\/2025\/09\/commercial_audio_obiekty_sportowe_BOSE_01-480x320.jpg 480w\" sizes=\"(min-width: 0px) and (max-width: 480px) 480px, (min-width: 481px) and (max-width: 980px) 980px, (min-width: 981px) 1024px, 100vw\" \/><\/figure>\n\n\n\n<h2 class=\"wp-block-heading\"><strong>\u0160pecifik\u00e1 akustiky ar\u00e9n, \u0161tadi\u00f3nov a ihr\u00edsk: v\u00fdzvy jedine\u010dn\u00e9ho rozsahu<\/strong><\/h2>\n\n\n\n<p class=\"wp-block-paragraph\">Ozvu\u010denie \u0161tadi\u00f3na alebo in\u00e9ho \u0161portoviska je neoddelite\u013ene spojen\u00e9 s jeho akustikou. Ve\u013ek\u00e9 \u0161portov\u00e9 objekty, ako s\u00fa \u0161tadi\u00f3ny a ar\u00e9ny, predstavuj\u00fa jedine\u010dn\u00e9 a mimoriadne n\u00e1ro\u010dn\u00e9 akustick\u00e9 v\u00fdzvy. Ich kon\u0161trukcia, ktor\u00e1 sa opiera o ve\u013ek\u00e9 otvoren\u00e9 priestory a tvrd\u00e9 povrchy, ako je bet\u00f3n, kov a sklo, je zo svojej podstaty antiakustick\u00e1. To m\u00e1 za n\u00e1sledok nadmern\u00e9 zvukov\u00e9 odrazy, ktor\u00e9 vytv\u00e1raj\u00fa javy, ako s\u00fa dlh\u00e9 doby dozvuku a ozveny. Dozvuk, definovan\u00fd ako pretrv\u00e1vanie zvuku v miestnosti po jeho ukon\u010den\u00ed, sa v tak\u00fdchto podmienkach v\u00fdrazne predl\u017euje, \u010do vedie k prekr\u00fdvaniu po sebe nasleduj\u00facich slov a zvukov. V d\u00f4sledku toho sa spr\u00e1va st\u00e1va \u201erozmazanou\u201d a nezrozumite\u013enou, \u010do v\u00e1\u017ene ohrozuje \u00fa\u010dinnos\u0165 spr\u00e1v, najm\u00e4 n\u00fadzov\u00fdch spr\u00e1v. Okrem toho sa zvuk v takom ve\u013ekom rozsahu \u0161\u00edri nerovnomerne, \u010do vedie k vzniku \u201em\u0155tvych z\u00f3n\u201d, v ktor\u00fdch je zvuk sotva po\u010dute\u013en\u00fd, alebo oblast\u00ed s nadmernou hlasitos\u0165ou, ktor\u00e9 m\u00f4\u017eu by\u0165 pre posluch\u00e1\u010dov nepr\u00edjemn\u00e9.\u00a0\u00a0\u00a0<\/p>\n\n\n\n<p class=\"wp-block-paragraph\">Na prekonanie t\u00fdchto v\u00fdziev s\u00fa potrebn\u00e9 pokro\u010dil\u00e9 rie\u0161enia. K\u013e\u00fa\u010dov\u00fdm prvkom je pou\u017eitie materi\u00e1lov pohlcuj\u00facich zvuk, ktor\u00e9 s\u00fa zavesen\u00e9 na strope ar\u00e9ny a \u00fa\u010dinne zni\u017euj\u00fa dozvuk a hluk. Trh pon\u00faka \u0161pecializovan\u00e9 panely, ako napr\u00edklad Signature Baffles alebo EchoFelt+ Baffles, ktor\u00e9 v\u010faka svojej odolnosti dok\u00e1\u017eu odola\u0165 opotrebovaniu typick\u00e9mu pre dynamick\u00e9 \u0161portov\u00e9 prostredie. Navy\u0161e v pr\u00edpade viac\u00fa\u010delov\u00fdch zariaden\u00ed, v ktor\u00fdch sa musia kona\u0165 napr\u00edklad s\u00fa\u0165a\u017ee na \u013eade, je nevyhnutn\u00e9 zvoli\u0165 materi\u00e1ly odoln\u00e9 vo\u010di vlhkosti. Pou\u017eitie akustick\u00fdch panelov, ako napr\u00edklad Megasorber, na sten\u00e1ch a stropoch je jedn\u00fdm z naj\u00fa\u010dinnej\u0161\u00edch a najhospod\u00e1rnej\u0161\u00edch sp\u00f4sobov kontroly dozvuku v takomto ve\u013ekom rozsahu.&nbsp;&nbsp;&nbsp;<\/p>\n\n\n\n<h2 class=\"wp-block-heading\"><strong>\u00daloha profesion\u00e1lnej akustickej anal\u00fdzy a simul\u00e1cie v \u0161portov\u00fdch zariadeniach<\/strong><\/h2>\n\n\n\n<p class=\"wp-block-paragraph\">Vzh\u013eadom na obrovsk\u00fd rozsah a zlo\u017eitos\u0165 akustick\u00fdch probl\u00e9mov sa proces navrhovania nem\u00f4\u017ee spolieha\u0165 na intu\u00edciu alebo sk\u00fasenosti z men\u0161\u00edch stavieb. K\u013e\u00fa\u010dov\u00fdm krokom je odborn\u00e1 pr\u00edprava elektroakustick\u00e9ho projektu, ktor\u00e1 zah\u0155\u0148a nieko\u013eko krokov, po\u010dn\u00fac definovan\u00edm cie\u013eov a zhroma\u017e\u010fovan\u00edm potrebn\u00fdch materi\u00e1lov, ako s\u00fa technick\u00e9 v\u00fdkresy a p\u00f4dorysy.  Commercial Audio, pon\u00faka komplexn\u00fa pr\u00edpravu tak\u00fdchto projektov na z\u00e1klade spolupr\u00e1ce s najlep\u0161\u00edmi projektantmi.&nbsp;&nbsp;&nbsp;<\/p>\n\n\n\n<p class=\"wp-block-paragraph\">Po\u010d\u00edta\u010dov\u00e9 simul\u00e1cie s\u00fa v tomto procese nenahradite\u013en\u00fdm n\u00e1strojom. Pomocou nich je mo\u017en\u00e9 overi\u0165 akustick\u00e9 vlastnosti miesta e\u0161te pred za\u010dat\u00edm v\u00fdstavby. Napr\u00edklad syst\u00e9m Bose Professional Auditioner III Playback System umo\u017e\u0148uje po\u010du\u0165, ako bude znie\u0165 ozvu\u010denie v miestnosti e\u0161te pred in\u0161tal\u00e1ciou jedin\u00e9ho reproduktora. T\u00e1to simul\u00e1cia umo\u017e\u0148uje presne ur\u010di\u0165 parametre a umiestnenie zariadenia, \u010d\u00edm sa minimalizuje riziko ch\u00fdb a potreba n\u00e1kladn\u00fdch korekci\u00ed vo f\u00e1ze realiz\u00e1cie. Invest\u00edcia do simul\u00e1cie v po\u010diato\u010dnom \u0161t\u00e1diu nie je len ot\u00e1zkou technickej presnosti, ale aj strategick\u00e9ho riadenia riz\u00edk a financi\u00ed. Ke\u010f\u017ee n\u00e1klady na zmeny a \u00fapravy v tak\u00fdchto ve\u013ek\u00fdch zariadeniach s\u00fa astronomick\u00e9, schopnos\u0165 v\u010das identifikova\u0165 potenci\u00e1lne probl\u00e9my a optimalizova\u0165 technick\u00e9 rie\u0161enia znamen\u00e1 skuto\u010dn\u00e9 \u00faspory v r\u00e1mci cel\u00e9ho projektu. Zabezpe\u010denie toho, aby projekt splnil o\u010dak\u00e1vania a normy, nie je v\u00fdsledkom \u0161\u0165astia, ale presnej anal\u00fdzy zalo\u017eenej na \u00fadajoch, ktor\u00e1 je k\u013e\u00fa\u010dom k \u00faspechu ka\u017edej invest\u00edcie.&nbsp;&nbsp;&nbsp;<\/p>\n\n\n\n<figure class=\"wp-block-image size-large\"><img loading=\"lazy\" decoding=\"async\" width=\"1024\" height=\"683\" src=\"https:\/\/commercialaudio.pl\/wp-content\/uploads\/2025\/09\/commercial_audio_obiekty_sportowe_BOSE_02-1024x683.jpg\" alt=\"\" class=\"wp-image-10897\" srcset=\"https:\/\/commercialaudio.pl\/wp-content\/uploads\/2025\/09\/commercial_audio_obiekty_sportowe_BOSE_02-980x653.jpg 980w, https:\/\/commercialaudio.pl\/wp-content\/uploads\/2025\/09\/commercial_audio_obiekty_sportowe_BOSE_02-480x320.jpg 480w\" sizes=\"(min-width: 0px) and (max-width: 480px) 480px, (min-width: 481px) and (max-width: 980px) 980px, (min-width: 981px) 1024px, 100vw\" \/><\/figure>\n\n\n\n<h2 class=\"wp-block-heading\"><strong>\u00da\u010del syst\u00e9mu verejn\u00e9ho rozhlasu: Z\u00e1bava vs. bezpe\u010dnos\u0165<\/strong><\/h2>\n\n\n\n<p class=\"wp-block-paragraph\">Ozvu\u010denie \u0161tadi\u00f3na alebo in\u00e9ho \u0161portoviska mus\u00ed sp\u013a\u0148a\u0165 dva zdanlivo protichodn\u00e9 ciele. Na jednej strane je jeho hlavnou \u00falohou zabezpe\u010di\u0165 dokonal\u00fa zrozumite\u013enos\u0165 re\u010di pri bezpe\u010dnostn\u00fdch spr\u00e1vach, ozn\u00e1meniach a evakua\u010dn\u00fdch pokynoch. V podmienkach paniky, kde m\u00f4\u017ee by\u0165 hluk v pozad\u00ed extr\u00e9mne vysok\u00fd, mus\u00ed by\u0165 ka\u017ed\u00e1 spr\u00e1va kri\u0161t\u00e1\u013eovo \u010dist\u00e1. Na druhej strane mus\u00ed by\u0165 syst\u00e9m schopn\u00fd poskytova\u0165 vysokokvalitn\u00fa, dynamick\u00fa hudbu a \u0161peci\u00e1lne efekty, ktor\u00e9 zvy\u0161uj\u00fa \u00farove\u0148 energie a buduj\u00fa atmosf\u00e9ru. To si vy\u017eaduje schopnos\u0165 generova\u0165 vysok\u00fa hladinu akustick\u00e9ho tlaku (SPL) so silnou basovou zlo\u017ekou, ktor\u00e1 je k\u013e\u00fa\u010dov\u00e1 pre z\u00e1\u017eitok z hudobn\u00e9ho predstavenia. \u00dalohou kon\u0161trukcie je vytvori\u0165 syst\u00e9m, ktor\u00fd bude prec\u00edzny a jasn\u00fd pre re\u010d a z\u00e1rove\u0148 v\u00fdkonn\u00fd a dynamick\u00fd pre hudbu bez toho, aby sa v niektorej z t\u00fdchto oblast\u00ed robili kompromisy. To je d\u00f4vod, pre\u010do len nieko\u013eko spolo\u010dnost\u00ed na svete vyvinulo zvukov\u00e9 syst\u00e9my ur\u010den\u00e9 pre \u0161portov\u00e9 haly. Jednou z nich je <a href=\"https:\/\/boseprofessional.com\/product-category\/loudspeakers\/arrayable\/arenamatch\">S\u00e9ria Bose Professional ArenaMatch<\/a>.\u00a0\u00a0<\/p>\n\n\n\n<figure class=\"wp-block-embed is-type-video is-provider-youtube wp-block-embed-youtube wp-embed-aspect-16-9 wp-has-aspect-ratio\"><div class=\"wp-block-embed__wrapper\">\n<iframe loading=\"lazy\" title=\"BOSE Professional System na novom \u0161tadi\u00f3ne ITAKA ARENA v Opole\" width=\"1080\" height=\"608\" src=\"https:\/\/www.youtube.com\/embed\/4qV8MPOMOKA?feature=oembed\"  allow=\"accelerometer; autoplay; clipboard-write; encrypted-media; gyroscope; picture-in-picture; web-share\" referrerpolicy=\"strict-origin-when-cross-origin\" allowfullscreen><\/iframe>\n<\/div><\/figure>\n\n\n\n<h2 class=\"wp-block-heading\"><strong>Zabezpe\u010denie spr\u00e1vneho zvukov\u00e9ho pokrytia: V\u00fdzvy a rie\u0161enia<\/strong><\/h2>\n\n\n\n<p class=\"wp-block-paragraph\">K\u013e\u00fa\u010dov\u00fdm prvkom pri dokazovan\u00ed, \u017ee ozvu\u010denie \u0161tadi\u00f3na bolo spr\u00e1vne navrhnut\u00e9, je zabezpe\u010denie rovnomern\u00e9ho a konzistentn\u00e9ho zvukov\u00e9ho pokrytia v celom priestore. To znamen\u00e1, \u017ee ka\u017ed\u00fd fan\u00fa\u0161ik, \u010di u\u017e sed\u00ed bl\u00edzko ihriska alebo na hornej trib\u00fane, by mal ma\u0165 rovnak\u00fa kvalitu a podobn\u00fa hlasitos\u0165 zvuku. To pom\u00e1ha vytvori\u0165 konzistentn\u00fd a spravodliv\u00fd z\u00e1\u017eitok pre ka\u017ed\u00e9ho n\u00e1v\u0161tevn\u00edka podujatia.\u00a0\u00a0\u00a0<\/p>\n\n\n\n<p class=\"wp-block-paragraph\">Jednou z be\u017en\u00fdch v\u00fdziev pri ozvu\u010dovan\u00ed \u0161tadi\u00f3nov, najm\u00e4 na otvoren\u00fdch miestach, je \u201e\u00fanik zvuku\u201d mimo miesta konania. Zvuk, ktor\u00fd sa nekontrolovane \u0161\u00edri, m\u00f4\u017ee by\u0165 nepr\u00edjemn\u00fd pre obyvate\u013eov okolit\u00fdch obytn\u00fdch oblast\u00ed. \u00da\u010dinn\u00e1 strat\u00e9gia n\u00e1vrhu zah\u0155\u0148a presn\u00e9 zameranie reproduktorov s ve\u013ek\u00fdmi klaks\u00f3nmi tak, aby sa ich vy\u017earovanie s\u00fastredilo do oblasti trib\u00fan. Okrem toho by mali by\u0165 reproduktory namontovan\u00e9 so spr\u00e1vnym uhlom sklonu, ktor\u00fd pom\u00e1ha udr\u017ea\u0165 zvuk vo vn\u00fatri \u0161tadi\u00f3na a minimalizova\u0165 jeho vy\u017earovanie smerom k horizontu a mimo miesta konania. Syst\u00e9my na ozvu\u010denie, ktor\u00e9 pon\u00faka spolo\u010dnos\u0165 Commercial Audio, vyu\u017e\u00edvaj\u00fa technol\u00f3giu <a href=\"https:\/\/portalnaglosnieniowy.eu\/video\/1231\/bose-professional-arena-match-instalacyjny-stadionowy-system-liniowy-o-zmiennej-propagacji-poziomej-w-technologii-deltaq\">DeltaQ<\/a>, ktor\u00fd poskytuje jedine\u010dn\u00fa kombin\u00e1ciu v\u00fdkonu, presnosti, pokrytia a kontroly. S\u00fa s\u00fa\u010das\u0165ou kompletn\u00e9ho integrovan\u00e9ho ekosyst\u00e9mu, ktor\u00fd podporuj\u00fa doplnkov\u00e9 produkty, ako s\u00fa zosil\u0148ova\u010de Bose Professional PowerMatch a procesory ControlSpace DSP.\u00a0<\/p>\n\n\n\n<figure class=\"wp-block-embed is-type-video is-provider-youtube wp-block-embed-youtube wp-embed-aspect-16-9 wp-has-aspect-ratio\"><div class=\"wp-block-embed__wrapper\">\n<iframe loading=\"lazy\" title=\"Predstavujeme reproduktory Bose ArenaMatch DeltaQ\" width=\"1080\" height=\"608\" src=\"https:\/\/www.youtube.com\/embed\/_lV7QKgXZbM?feature=oembed\"  allow=\"accelerometer; autoplay; clipboard-write; encrypted-media; gyroscope; picture-in-picture; web-share\" referrerpolicy=\"strict-origin-when-cross-origin\" allowfullscreen><\/iframe>\n<\/div><\/figure>\n\n\n\n<h2 class=\"wp-block-heading\"><strong>K\u013e\u00fa\u010dov\u00fd parameter STI. \u010co je to a pre\u010do je merate\u013en\u00fd?<\/strong><\/h2>\n\n\n\n<p class=\"wp-block-paragraph\">Pokia\u013e ide o ozvu\u010denie \u0161tadi\u00f3na, najd\u00f4le\u017eitej\u0161\u00edm parametrom je STI. Index prenosu re\u010di (STI) je \u0161tandardizovan\u00fd, objekt\u00edvny a bezrozmern\u00fd parameter definovan\u00fd Medzin\u00e1rodnou elektrotechnickou komisiou (IEC) na hodnotenie zrozumite\u013enosti re\u010di v danom priestore. Bol vyvinut\u00fd v 70. rokoch 20. storo\u010dia na objekt\u00edvne pos\u00fadenie prenosov\u00fdch kan\u00e1lov.\u00a0\u00a0\u00a0<\/p>\n\n\n\n<p class=\"wp-block-paragraph\">STI je zalo\u017een\u00e1 na koncepcii funkcie prenosu modul\u00e1cie (MTF), ktor\u00e1 meria, do akej miery sa zachov\u00e1vaj\u00fa modul\u00e1cie re\u010dov\u00e9ho sign\u00e1lu po\u010das prenosu zo zdroja do prij\u00edma\u010da. \u013dudsk\u00e1 re\u010d, pova\u017eovan\u00e1 za nosn\u00fd sign\u00e1l na \u0161portovisku, je modulovan\u00e1 n\u00edzkymi frekvenciami, ktor\u00e9 s\u00fa zodpovedn\u00e9 za zvuky tvoren\u00e9 \u00fastami a jazykom. Syst\u00e9my, ktor\u00e9 tieto modul\u00e1cie zhor\u0161uj\u00fa, zni\u017euj\u00fa zrozumite\u013enos\u0165 spr\u00e1vy. STI, ktor\u00fd nadob\u00fada hodnoty od 0 (ve\u013emi slab\u00e1 zrozumite\u013enos\u0165) po 1 (v\u00fdborn\u00e1 zrozumite\u013enos\u0165), je presn\u00fdm ukazovate\u013eom vplyvu, ktor\u00fd m\u00e1 prenosov\u00fd kan\u00e1l (vr\u00e1tane akustiky miestnosti, hluku v pozad\u00ed a zariadenia) na zrozumite\u013enos\u0165 re\u010di. D\u00f4le\u017eit\u00e9 je, \u017ee ide o fyzik\u00e1lne meranie nez\u00e1visl\u00e9 od jazyka, \u010do z neho rob\u00ed univerz\u00e1lny n\u00e1stroj hodnotenia.&nbsp;&nbsp;&nbsp;<\/p>\n\n\n\n<h2 class=\"wp-block-heading\"><strong>Zrozumite\u013enos\u0165 re\u010di na \u0161tadi\u00f3ne a bezpe\u010dnos\u0165<\/strong><\/h2>\n\n\n\n<p class=\"wp-block-paragraph\">Hodnota STI je k\u013e\u00fa\u010dov\u00fdm ukazovate\u013eom kvality syst\u00e9mu verejn\u00e9ho rozhlasu, najm\u00e4 v s\u00favislosti s n\u00fadzov\u00fdmi spr\u00e1vami a ozn\u00e1meniami. V nasleduj\u00facej tabu\u013eke, ktor\u00e1 vych\u00e1dza z normy IEC 60268-16, s\u00fa \u010d\u00edseln\u00e9 hodnoty STI preveden\u00e9 na stupne zrozumite\u013enosti kvality a percentu\u00e1lnu \u0161ancu porozumie\u0165 slov\u00e1m.<\/p>\n\n\n\n<figure class=\"wp-block-table\"><table class=\"has-fixed-layout\"><tbody><tr><td>Hodnota STI<\/td><td>Kvalita (pod\u013ea IEC 60268-16)<\/td><td>Zrozumite\u013enos\u0165 viet (%)<\/td><td>Typick\u00e9 aplik\u00e1cie<\/td><\/tr><tr><td>&lt; 0.3<\/td><td>zl\u00e9<\/td><td>0-89<\/td><td>-<\/td><\/tr><tr><td>0.3-0.45<\/td><td>slab\u00fd<\/td><td>89-92<\/td><td>-<\/td><\/tr><tr><td>0.45-0.6<\/td><td>dostato\u010dn\u00fd<\/td><td>92-95<\/td><td>Hlu\u010dn\u00e9 a preplnen\u00e9 verejn\u00e9 priestory, n\u00e1kupn\u00e9 centr\u00e1<\/td><\/tr><tr><td>0.6-0.75<\/td><td>tovar<\/td><td>95-96<\/td><td>Predn\u00e1\u0161kov\u00e9 s\u00e1ly, koncertn\u00e9 s\u00e1ly, divadl\u00e1, \u0161portov\u00e9 zariadenia&nbsp;&nbsp;&nbsp;<\/td><\/tr><tr><td>&gt; 0.75<\/td><td>vynikaj\u00face<\/td><td>96-100<\/td><td>nahr\u00e1vacie \u0161t\u00fadi\u00e1, profesion\u00e1lne posluch\u00e1rne, s\u00fady&nbsp;&nbsp;&nbsp;<\/td><\/tr><\/tbody><\/table><\/figure>\n\n\n\n<p class=\"wp-block-paragraph\">Vy\u0161\u0161ie uveden\u00e1 tabu\u013eka je z\u00e1kladn\u00fdm usmernen\u00edm pre rozhodovacie org\u00e1ny, preto\u017ee transformuje abstraktn\u00fd technick\u00fd parameter na konkr\u00e9tne, merate\u013en\u00e9 ukazovatele v\u00fdkonnosti. Hodnota 0,60 - 0,75 sa pova\u017euje za dobr\u00fa. V kontexte bezpe\u010dnosti je pre evakua\u010dn\u00e9 syst\u00e9my nevyhnutn\u00e1 vysok\u00e1 hodnota STI, ktor\u00e1 znamen\u00e1 takmer 100 % zrozumite\u013enos\u0165 slov. Preto ako spolo\u010dnos\u0165 pon\u00fakaj\u00faca zvukov\u00e9 rie\u0161enia pre \u0161tadi\u00f3ny, ihrisk\u00e1 a \u0161portov\u00e9 haly db\u00e1me na to, aby sa kone\u010dn\u00e9 meranie STI prezentovalo u\u017e vo f\u00e1ze n\u00e1vrhu prostredn\u00edctvom softv\u00e9rovej simul\u00e1cie pr\u00edslu\u0161n\u00e9ho syst\u00e9mu verejn\u00e9ho rozhlasu. Proces n\u00e1vrhu a jeho prvky s\u00fa podrobne op\u00edsan\u00e9 <a href=\"https:\/\/commercialaudio.pl\/sk\/akusticke-a-elektroakusticke-projekty\/\">TU<\/a>. &nbsp;&nbsp;<\/p>\n\n\n\n<h2 class=\"wp-block-heading\"><strong>Faktory ovplyv\u0148uj\u00face STI<\/strong><\/h2>\n\n\n\n<p class=\"wp-block-paragraph\">Na zrozumite\u013enos\u0165 re\u010di, a t\u00fdm aj na hodnotu STI, m\u00e1 vplyv viacero faktorov:<\/p>\n\n\n\n<ul class=\"wp-block-list\">\n<li><strong>Dozvuk:<\/strong>&nbsp;Nadmern\u00fd dozvuk sp\u00f4sobuje prekr\u00fdvanie sign\u00e1lov, \u010do \u201erozmaz\u00e1va\u201d re\u010d a zni\u017euje STI.&nbsp;&nbsp;&nbsp;<\/li>\n\n\n\n<li><strong>Hluk na pozad\u00ed:<\/strong>&nbsp;Hluk, \u010di u\u017e sp\u00f4soben\u00fd publikom, ventila\u010dn\u00fdmi syst\u00e9mami alebo in\u00fdmi zdrojmi, maskuje re\u010dov\u00fd sign\u00e1l a s\u0165a\u017euje jeho vn\u00edmanie.&nbsp;&nbsp;&nbsp;<\/li>\n\n\n\n<li><strong>Echo:<\/strong>&nbsp;Odrazy zvuku od vzdialen\u00fdch tvrd\u00fdch povrchov, ktor\u00e9 sa k posluch\u00e1\u010dovi dostan\u00fa s oneskoren\u00edm viac ako 100 ms, v\u00fdrazne zni\u017euj\u00fa zrozumite\u013enos\u0165.&nbsp;<\/li>\n<\/ul>\n\n\n\n<figure class=\"wp-block-gallery has-nested-images columns-default is-cropped wp-block-gallery-1 is-layout-flex wp-block-gallery-is-layout-flex\">\n<figure class=\"wp-block-image size-large\"><img loading=\"lazy\" decoding=\"async\" width=\"1024\" height=\"434\" data-id=\"10912\" src=\"https:\/\/commercialaudio.pl\/wp-content\/uploads\/2025\/09\/Bad-STI-Example-1024x434.jpg\" alt=\"\" class=\"wp-image-10912\" srcset=\"https:\/\/commercialaudio.pl\/wp-content\/uploads\/2025\/09\/Bad-STI-Example-980x415.jpg 980w, https:\/\/commercialaudio.pl\/wp-content\/uploads\/2025\/09\/Bad-STI-Example-480x203.jpg 480w\" sizes=\"(min-width: 0px) and (max-width: 480px) 480px, (min-width: 481px) and (max-width: 980px) 980px, (min-width: 981px) 1024px, 100vw\" \/><figcaption class=\"wp-element-caption\"><strong>Pr\u00edklad nedostato\u010dnej zrozumite\u013enosti re\u010di.<\/strong><\/figcaption><\/figure>\n\n\n\n<figure class=\"wp-block-image size-large\"><img loading=\"lazy\" decoding=\"async\" width=\"1024\" height=\"619\" data-id=\"10911\" src=\"https:\/\/commercialaudio.pl\/wp-content\/uploads\/2025\/09\/Good-STI-Example-1024x619.jpg\" alt=\"\" class=\"wp-image-10911\" srcset=\"https:\/\/commercialaudio.pl\/wp-content\/uploads\/2025\/09\/Good-STI-Example-1024x619.jpg 1024w, https:\/\/commercialaudio.pl\/wp-content\/uploads\/2025\/09\/Good-STI-Example-980x593.jpg 980w, https:\/\/commercialaudio.pl\/wp-content\/uploads\/2025\/09\/Good-STI-Example-480x290.jpg 480w\" sizes=\"(min-width: 0px) and (max-width: 480px) 480px, (min-width: 481px) and (max-width: 980px) 980px, (min-width: 981px) 1024px, 100vw\" \/><figcaption class=\"wp-element-caption\"><strong>Pr\u00edklad zrozumite\u013enosti re\u010di na spr\u00e1vnej \u00farovni.<\/strong><\/figcaption><\/figure>\n<\/figure>\n\n\n\n<hr class=\"wp-block-separator has-alpha-channel-opacity\"\/>\n\n\n\n<h2 class=\"wp-block-heading\"><strong>STI v praxi<\/strong><\/h2>\n\n\n\n<p class=\"wp-block-paragraph\">Na \u0161portovisk\u00e1ch, kde m\u00f4\u017ee by\u0165 hluk davu obrovsk\u00fd a tvrd\u00e9 povrchy podporuj\u00fa dozvuk, je vysok\u00e1 zrozumite\u013enos\u0165 re\u010di k\u013e\u00fa\u010dovou po\u017eiadavkou, nielen po\u017eiadavkou na pohodlie. Spr\u00e1vne navrhnut\u00fd syst\u00e9m verejn\u00e9ho rozhlasu s vysokou hodnotou STI je z\u00e1kladom pl\u00e1nu kr\u00edzov\u00e9ho riadenia a evaku\u00e1cie. Evakua\u010dn\u00e9 spr\u00e1vy, pokyny a varovania musia by\u0165 po\u010dute\u013en\u00e9 a zrozumite\u013en\u00e9 aj v podmienkach paniky a zm\u00e4tku. Ozvu\u010denie \u0161tadi\u00f3na, ktor\u00e9 poskytuje toto minimum, nie je len ot\u00e1zkou splnenia noriem, ale predov\u0161etk\u00fdm zodpovednosti za \u017eivoty a zdravie tis\u00edcov \u013eud\u00ed.\u00a0\u00a0\u00a0<\/p>\n\n\n\n<hr class=\"wp-block-separator has-alpha-channel-opacity\"\/>\n\n\n\n<h2 class=\"wp-block-heading\"><strong>\u010eal\u0161ie zvukov\u00e9 syst\u00e9my potrebn\u00e9 na \u0161portovisk\u00e1ch<\/strong><\/h2>\n\n\n\n<figure class=\"wp-block-gallery has-nested-images columns-default is-cropped wp-block-gallery-2 is-layout-flex wp-block-gallery-is-layout-flex\">\n<figure class=\"wp-block-image size-large\"><img loading=\"lazy\" decoding=\"async\" width=\"1024\" height=\"683\" data-id=\"10900\" src=\"https:\/\/commercialaudio.pl\/wp-content\/uploads\/2025\/09\/commercial_audio_obiekty_sportowe_FOTO_04-1024x683.jpg\" alt=\"\" class=\"wp-image-10900\" srcset=\"https:\/\/commercialaudio.pl\/wp-content\/uploads\/2025\/09\/commercial_audio_obiekty_sportowe_FOTO_04-980x654.jpg 980w, https:\/\/commercialaudio.pl\/wp-content\/uploads\/2025\/09\/commercial_audio_obiekty_sportowe_FOTO_04-480x320.jpg 480w\" sizes=\"(min-width: 0px) and (max-width: 480px) 480px, (min-width: 481px) and (max-width: 980px) 980px, (min-width: 981px) 1024px, 100vw\" \/><\/figure>\n\n\n\n<figure class=\"wp-block-image size-large\"><img loading=\"lazy\" decoding=\"async\" width=\"1024\" height=\"683\" data-id=\"10901\" src=\"https:\/\/commercialaudio.pl\/wp-content\/uploads\/2025\/09\/commercial_audio_obiekty_sportowe_FOTO_05-1024x683.jpg\" alt=\"\" class=\"wp-image-10901\" srcset=\"https:\/\/commercialaudio.pl\/wp-content\/uploads\/2025\/09\/commercial_audio_obiekty_sportowe_FOTO_05-980x653.jpg 980w, https:\/\/commercialaudio.pl\/wp-content\/uploads\/2025\/09\/commercial_audio_obiekty_sportowe_FOTO_05-480x320.jpg 480w\" sizes=\"(min-width: 0px) and (max-width: 480px) 480px, (min-width: 481px) and (max-width: 980px) 980px, (min-width: 981px) 1024px, 100vw\" \/><\/figure>\n<\/figure>\n\n\n\n<hr class=\"wp-block-separator has-alpha-channel-opacity\"\/>\n\n\n\n<h2 class=\"wp-block-heading\"><strong>Interkomov\u00e9 syst\u00e9my: Nevidite\u013en\u00e1 sie\u0165 pre opera\u010dn\u00fa komunik\u00e1ciu<\/strong><\/h2>\n\n\n\n<p class=\"wp-block-paragraph\">Interkomov\u00fd syst\u00e9m je viac ako len hovoriace zariadenie, je to nez\u00e1visl\u00e1 komunika\u010dn\u00e1 sie\u0165, ktor\u00e1 je k\u013e\u00fa\u010dov\u00e1 pre ka\u017edodenn\u00fa prev\u00e1dzku a bezpe\u010dnos\u0165 objektu. Interkomy umo\u017e\u0148uj\u00fa r\u00fdchlu a efekt\u00edvnu komunik\u00e1ciu medzi k\u013e\u00fa\u010dov\u00fdmi skupinami zamestnancov, ako s\u00fa ochranka, technick\u00fd person\u00e1l, z\u00e1chran\u00e1ri a vysielacie vozidlo. Na rozdiel od mobiln\u00fdch telef\u00f3nov, ktor\u00e9 m\u00f4\u017eu by\u0165 pri ve\u013ekom po\u010dte pou\u017e\u00edvate\u013eov po\u010das podujatia pre\u0165a\u017een\u00e9, interkomov\u00e9 syst\u00e9my poskytuj\u00fa spo\u013eahliv\u00fd komunika\u010dn\u00fd kan\u00e1l, ktor\u00fd funguje aj pri zlyhan\u00ed in\u00fdch siet\u00ed.<\/p>\n\n\n\n<figure class=\"wp-block-image size-large\"><img loading=\"lazy\" decoding=\"async\" width=\"1024\" height=\"531\" src=\"https:\/\/commercialaudio.pl\/wp-content\/uploads\/2025\/09\/commercial_audio_obiekty_sportowe_FOTO_06-1024x531.jpg\" alt=\"\" class=\"wp-image-10902\" srcset=\"https:\/\/commercialaudio.pl\/wp-content\/uploads\/2025\/09\/commercial_audio_obiekty_sportowe_FOTO_06-980x508.jpg 980w, https:\/\/commercialaudio.pl\/wp-content\/uploads\/2025\/09\/commercial_audio_obiekty_sportowe_FOTO_06-480x249.jpg 480w\" sizes=\"(min-width: 0px) and (max-width: 480px) 480px, (min-width: 481px) and (max-width: 980px) 980px, (min-width: 981px) 1024px, 100vw\" \/><\/figure>\n\n\n\n<p class=\"wp-block-paragraph\">Intercom, \u010dasto ozna\u010dovan\u00fd hovorovo ako <a href=\"https:\/\/commercialaudio.pl\/sk\/clear-com-4\/\">Clear-Com<\/a> sa d\u00e1 \u013eahko integrova\u0165 s in\u00fdmi syst\u00e9mami, napr. po\u017eiarnou signaliz\u00e1ciou, verejn\u00fdm rozhlasom, hl\u00e1si\u010dmi, umo\u017e\u0148uje okam\u017eit\u00e9 odosielanie spr\u00e1v na pagery alebo vysiela\u010dky, \u010do umo\u017e\u0148uje overi\u0165 poplach pred rozhodnut\u00edm o evaku\u00e1cii a zabra\u0148uje zbyto\u010dn\u00fdm n\u00e1kladom vypl\u00fdvaj\u00facim z falo\u0161n\u00fdch poplachov.&nbsp;&nbsp;&nbsp;<\/p>\n\n\n\n<h2 class=\"wp-block-heading\"><strong>Infra\u0161trukt\u00fara pripojenia pre vozidl\u00e1 OB Vans Remote Production<\/strong><\/h2>\n\n\n\n<p class=\"wp-block-paragraph\">Modern\u00e9 \u0161portovisko mus\u00ed by\u0165 atrakt\u00edvne nielen pre verejnos\u0165, ale aj pre m\u00e9di\u00e1. Vysielacie dod\u00e1vky (OB Vans) s\u00fa mobiln\u00e9 r\u00e9\u017eie, ktor\u00e9 umo\u017e\u0148uj\u00fa vytv\u00e1ra\u0165 priame prenosy mimo telev\u00edzneho \u0161t\u00fadia. Aby bolo mo\u017en\u00e9 efekt\u00edvne a bezprobl\u00e9movo produkova\u0165 \u0161portov\u00e9 prenosy, mali by by\u0165 \u0161portovisk\u00e1 vybaven\u00e9 st\u00e1lou, stiahnute\u013enou infra\u0161trukt\u00farou pre zvukov\u00e9 a komunika\u010dn\u00e9 sign\u00e1ly. Nedostatok takejto infra\u0161trukt\u00fary n\u00fati t\u00edmy vytv\u00e1ra\u0165 \u010dasovo n\u00e1ro\u010dn\u00e9 a n\u00e1kladn\u00e9 do\u010dasn\u00e9 spojenia, \u010do s\u0165a\u017euje organiz\u00e1ciu \u0161portov\u00fdch a medi\u00e1lnych podujat\u00ed.<\/p>\n\n\n\n<figure class=\"wp-block-image size-large\"><img loading=\"lazy\" decoding=\"async\" width=\"1024\" height=\"683\" src=\"https:\/\/commercialaudio.pl\/wp-content\/uploads\/2025\/09\/commercial_audio_obiekty_sportowe_FOTO_07-1024x683.jpg\" alt=\"\" class=\"wp-image-10903\" srcset=\"https:\/\/commercialaudio.pl\/wp-content\/uploads\/2025\/09\/commercial_audio_obiekty_sportowe_FOTO_07-980x653.jpg 980w, https:\/\/commercialaudio.pl\/wp-content\/uploads\/2025\/09\/commercial_audio_obiekty_sportowe_FOTO_07-480x320.jpg 480w\" sizes=\"(min-width: 0px) and (max-width: 480px) 480px, (min-width: 481px) and (max-width: 980px) 980px, (min-width: 981px) 1024px, 100vw\" \/><\/figure>\n\n\n\n<p class=\"wp-block-paragraph\">Potrebn\u00e9 body pripojenia zah\u0155\u0148aj\u00fa r\u00f4zne konektory na audio, video a interkomov\u00fa komunik\u00e1ciu a ich umiestnenie je ve\u013emi d\u00f4le\u017eit\u00e9. Existencia takejto infra\u0161trukt\u00fary nie je len prev\u00e1dzkov\u00fdm komfortom, ale aj strategick\u00fdm obchodn\u00fdm pr\u00ednosom, ktor\u00fd zvy\u0161uje hodnotu zariadenia a jeho atrakt\u00edvnos\u0165 pre vysielate\u013eov, \u010d\u00edm sa generuj\u00fa \u010fal\u0161ie pr\u00edjmy.&nbsp;<\/p>\n\n\n\n<h2 class=\"wp-block-heading\"><strong>Ako je to s v\u00fdrobou na dia\u013eku?<\/strong><\/h2>\n\n\n\n<p class=\"wp-block-paragraph\">Na \u0161portovom podujat\u00ed je tradi\u010dne pr\u00edtomn\u00fd cel\u00fd produk\u010dn\u00fd t\u00edm vr\u00e1tane re\u017eis\u00e9rov, zvuk\u00e1rov, technikov pracuj\u00facich na vysielac\u00edch vozidl\u00e1ch. V pr\u00edpade <a href=\"https:\/\/www.directout.eu\/nep-sweden-launched-three-new-remote-operation-centres-in-2023-leveraging-directout-for-comprehensive-audio-solutions\/\">Vzdialen\u00e1 v\u00fdroba<\/a>, kamery a mikrof\u00f3ny s\u00fa nain\u0161talovan\u00e9 na \u0161tadi\u00f3ne, ale sign\u00e1l z nich sa posiela prostredn\u00edctvom optick\u00fdch vl\u00e1kien alebo in\u00fdch vysokor\u00fdchlostn\u00fdch spojen\u00ed do centr\u00e1lneho produk\u010dn\u00e9ho centra. Tam, v pohodl\u00ed \u0161t\u00fadia, prebieha mixovanie zvuku, prep\u00ednanie kamier a strih z\u00e1berov, \u010do umo\u017e\u0148uje r\u00fdchlej\u0161iu a flexibilnej\u0161iu produkciu.<\/p>\n\n\n\n<figure class=\"wp-block-image size-large\"><img loading=\"lazy\" decoding=\"async\" width=\"1024\" height=\"374\" src=\"https:\/\/commercialaudio.pl\/wp-content\/uploads\/2025\/09\/DirectoutRemoteProduction-1024x374.jpg\" alt=\"\" class=\"wp-image-10913\" srcset=\"https:\/\/commercialaudio.pl\/wp-content\/uploads\/2025\/09\/DirectoutRemoteProduction-980x358.jpg 980w, https:\/\/commercialaudio.pl\/wp-content\/uploads\/2025\/09\/DirectoutRemoteProduction-480x176.jpg 480w\" sizes=\"(min-width: 0px) and (max-width: 480px) 480px, (min-width: 481px) and (max-width: 980px) 980px, (min-width: 981px) 1024px, 100vw\" \/><\/figure>\n\n\n\n<p class=\"wp-block-paragraph\">Hlavnou v\u00fdhodou tejto technol\u00f3gie je&nbsp;<strong>optimaliz\u00e1cia n\u00e1kladov<\/strong>&nbsp;i&nbsp;<strong>logistika<\/strong>. V\u010faka tomu, \u017ee v\u00e4\u010d\u0161ina \u013eud\u00ed a zariaden\u00ed nemus\u00ed cestova\u0165, m\u00f4\u017eu telev\u00edzne stanice pokr\u00fdva\u0165 viac podujat\u00ed v rovnakom \u010dase a na miesto vysla\u0165 men\u0161ie \u0161t\u00e1by pozost\u00e1vaj\u00face len z kameramanov a report\u00e9rov. Spolo\u010dnos\u0165 Commercial Audio bola prvou spolo\u010dnos\u0165ou v Po\u013esku, ktor\u00e1 tak\u00e9to rie\u0161enie zaviedla pre jednu z telev\u00edznych stan\u00edc s pou\u017eit\u00edm zariaden\u00ed zna\u010dky <a href=\"https:\/\/commercialaudio.pl\/sk\/directout-3\/\">DirectOut<\/a>, ktor\u00e1 okrem mo\u017enosti pou\u017e\u00edvania viacer\u00fdch zvukov\u00fdch form\u00e1tov a ich konverzie do in\u00fdch zvukov\u00fdch form\u00e1tov, \u010do bude ve\u013emi u\u017eito\u010dn\u00e9 pri pr\u00edprave infra\u0161trukt\u00fary pripojenia, pon\u00faka aj rie\u0161enia pre vzdialen\u00fa produkciu.<\/p>\n\n\n\n<h2 class=\"wp-block-heading\"><strong>Pre\u010do spolupracova\u0165 s firmou Commercial Audio?<\/strong><\/h2>\n\n\n\n<p class=\"wp-block-paragraph\">Najatie odborn\u00edkov na elektroakustiku a integr\u00e1ciu AV syst\u00e9mov u\u017e v prv\u00fdch f\u00e1zach projektu je strategick\u00e9 rozhodnutie, ktor\u00e9 z dlhodob\u00e9ho h\u013eadiska minimalizuje rizik\u00e1 a n\u00e1klady. Ako spolo\u010dnos\u0165, ktor\u00e1 pon\u00faka najosved\u010denej\u0161ie interkomov\u00e9 zariadenia, n\u00e1stroje na prenos a konverziu sign\u00e1lu a syst\u00e9my verejn\u00e9ho rozhlasu, sa postar\u00e1me nielen o spr\u00e1vny v\u00fdber rie\u0161en\u00ed, ale aj o vytvorenie k\u013e\u00fa\u010dov\u00fdch dokumentov, ako s\u00fa v\u00fdkazy v\u00fdmer a odhady n\u00e1kladov, ktor\u00e9 s\u00fa z\u00e1kladom pre stanovenie ceny a harmonogramu pr\u00e1c. Na\u0161e sk\u00fasenosti n\u00e1m umo\u017e\u0148uj\u00fa vyhn\u00fa\u0165 sa n\u00e1kladn\u00fdm chyb\u00e1m, ktor\u00e9 v pr\u00edpade tak\u00fdchto zlo\u017eit\u00fdch in\u0161tal\u00e1ci\u00ed m\u00f4\u017eu vies\u0165 k potrebe n\u00e1kladnej rekon\u0161trukcie syst\u00e9mu po uveden\u00ed do prev\u00e1dzky. Spolupr\u00e1ca s nami zaru\u010duje, \u017ee projekt je v s\u00falade s najnov\u0161\u00edmi normami, optimalizuje n\u00e1klady a v\u00fdkon a je prisp\u00f4soben\u00fd \u0161pecifick\u00fdm po\u017eiadavk\u00e1m zariadenia.<\/p>\n\n\n\n<figure class=\"wp-block-image size-large\"><img loading=\"lazy\" decoding=\"async\" width=\"1024\" height=\"683\" src=\"https:\/\/commercialaudio.pl\/wp-content\/uploads\/2025\/09\/commercial_audio_obiekty_sportowe_FOTO_09-1024x683.jpg\" alt=\"\" class=\"wp-image-10904\" srcset=\"https:\/\/commercialaudio.pl\/wp-content\/uploads\/2025\/09\/commercial_audio_obiekty_sportowe_FOTO_09-980x653.jpg 980w, https:\/\/commercialaudio.pl\/wp-content\/uploads\/2025\/09\/commercial_audio_obiekty_sportowe_FOTO_09-480x320.jpg 480w\" sizes=\"(min-width: 0px) and (max-width: 480px) 480px, (min-width: 481px) and (max-width: 980px) 980px, (min-width: 981px) 1024px, 100vw\" \/><\/figure>\n\n\n\n<p class=\"wp-block-paragraph\">Na\u0161e syst\u00e9my funguj\u00fa okrem in\u00e9ho na miestach ako Stadium of Light, Shanghai Stadium, Allianz Stadium (domov futbalov\u00e9ho klubu Juventus), Ithaca Arena Opole, O2 Arena, Porto Stadium a mnoh\u00fdch \u010fal\u0161\u00edch. Tak\u00e9to prest\u00ed\u017ene miesta sved\u010dia o \u00fa\u010dinnosti a spo\u013eahlivosti \u0161pecializovan\u00fdch rie\u0161en\u00ed v re\u00e1lnom, n\u00e1ro\u010dnom prostred\u00ed. V\u00fdber ucelen\u00e9ho ekosyst\u00e9mu je invest\u00edciou, ktor\u00e1 zabezpe\u010duje dlhodob\u00fd v\u00fdkon, spo\u013eahlivos\u0165 a jednoduch\u00fa \u00fadr\u017ebu, \u010do je v pr\u00edpade ve\u013ek\u00fdch \u0161portov\u00edsk z\u00e1sadn\u00e9.&nbsp;&nbsp;&nbsp;<\/p>\n\n\n\n<hr class=\"wp-block-separator has-alpha-channel-opacity\"\/>\n\n\n\n<h2 class=\"wp-block-heading has-text-align-center\"><strong>Kontaktujte n\u00e1s a dozviete sa viac:<\/strong><\/h2>\n\n\n\n<figure class=\"wp-block-image aligncenter\"><img loading=\"lazy\" decoding=\"async\" width=\"300\" height=\"300\" src=\"https:\/\/commercialaudio.pl\/wp-content\/uploads\/2023\/10\/commercial-audio-tomasz-nowicki.png\" alt=\"Tomasz Nowicki\" class=\"wp-image-6407\" srcset=\"https:\/\/commercialaudio.pl\/wp-content\/uploads\/2023\/10\/commercial-audio-tomasz-nowicki.png 300w, https:\/\/commercialaudio.pl\/wp-content\/uploads\/2023\/10\/commercial-audio-tomasz-nowicki-150x150.png 150w, https:\/\/commercialaudio.pl\/wp-content\/uploads\/2023\/10\/commercial-audio-tomasz-nowicki-100x100.png 100w, https:\/\/commercialaudio.pl\/wp-content\/uploads\/2023\/10\/commercial-audio-tomasz-nowicki-64x64.png 64w\" sizes=\"(max-width: 300px) 100vw, 300px\" \/><\/figure>\n\n\n\n<h3 class=\"wp-block-heading has-text-align-center\">Tomasz Nowicki<\/h3>\n\n\n\n<p class=\"has-text-align-center wp-block-paragraph\">Bose Professional \/ Amadeus<br><a href=\"tel:+48516502225\/\" target=\"_blank\" rel=\"noreferrer noopener\"><mark style=\"background-color:rgba(0, 0, 0, 0)\" class=\"has-inline-color has-vivid-cyan-blue-color\">+48 516 502 225<\/mark><\/a><br><a href=\"mailto:t.nowicki@commercialaudio.pl\" target=\"_blank\" rel=\"noreferrer noopener\"><mark style=\"background-color:rgba(0, 0, 0, 0)\" class=\"has-inline-color has-vivid-cyan-blue-color\">t.nowicki@caudio.pl<\/mark><\/a><\/p>","protected":false},"excerpt":{"rendered":"<p>Zvuk, imid\u017e a komunik\u00e1cia s\u00fa dnes z\u00e1kladn\u00fdmi piliermi, ktor\u00e9 rozhoduj\u00fa o \u00faspechu podniku. <\/p>","protected":false},"author":5,"featured_media":10916,"comment_status":"open","ping_status":"closed","sticky":false,"template":"","format":"standard","meta":{"_acf_changed":false,"_et_pb_use_builder":"off","_et_pb_old_content":"","_et_gb_content_width":"","inline_featured_image":false,"footnotes":""},"categories":[68],"tags":[],"class_list":["post-10895","post","type-post","status-publish","format-standard","has-post-thumbnail","hentry","category-wiedza-studio-broadcast-live-instal"],"acf":[],"_links":{"self":[{"href":"https:\/\/commercialaudio.pl\/sk\/wp-json\/wp\/v2\/posts\/10895","targetHints":{"allow":["GET"]}}],"collection":[{"href":"https:\/\/commercialaudio.pl\/sk\/wp-json\/wp\/v2\/posts"}],"about":[{"href":"https:\/\/commercialaudio.pl\/sk\/wp-json\/wp\/v2\/types\/post"}],"author":[{"embeddable":true,"href":"https:\/\/commercialaudio.pl\/sk\/wp-json\/wp\/v2\/users\/5"}],"replies":[{"embeddable":true,"href":"https:\/\/commercialaudio.pl\/sk\/wp-json\/wp\/v2\/comments?post=10895"}],"version-history":[{"count":9,"href":"https:\/\/commercialaudio.pl\/sk\/wp-json\/wp\/v2\/posts\/10895\/revisions"}],"predecessor-version":[{"id":12383,"href":"https:\/\/commercialaudio.pl\/sk\/wp-json\/wp\/v2\/posts\/10895\/revisions\/12383"}],"wp:featuredmedia":[{"embeddable":true,"href":"https:\/\/commercialaudio.pl\/sk\/wp-json\/wp\/v2\/media\/10916"}],"wp:attachment":[{"href":"https:\/\/commercialaudio.pl\/sk\/wp-json\/wp\/v2\/media?parent=10895"}],"wp:term":[{"taxonomy":"category","embeddable":true,"href":"https:\/\/commercialaudio.pl\/sk\/wp-json\/wp\/v2\/categories?post=10895"},{"taxonomy":"post_tag","embeddable":true,"href":"https:\/\/commercialaudio.pl\/sk\/wp-json\/wp\/v2\/tags?post=10895"}],"curies":[{"name":"wp","href":"https:\/\/api.w.org\/{rel}","templated":true}]}}