{"id":11121,"date":"2025-11-24T12:19:45","date_gmt":"2025-11-24T11:19:45","guid":{"rendered":"https:\/\/commercialaudio.pl\/?p=11121"},"modified":"2025-11-24T12:19:46","modified_gmt":"2025-11-24T11:19:46","slug":"nowe-subwoofery-studyjne-atc-loudspeakers","status":"publish","type":"post","link":"https:\/\/commercialaudio.pl\/sk\/nowe-subwoofery-studyjne-atc-loudspeakers\/","title":{"rendered":"Nov\u00e9 15\u201d \u0161t\u00fadiov\u00e9 subwoofery od spolo\u010dnosti ATC Loudspeakers v akt\u00edvnej a in\u0161tala\u010dnej verzii."},"content":{"rendered":"<figure class=\"wp-block-image size-full\"><img loading=\"lazy\" decoding=\"async\" width=\"15491\" height=\"12050\" src=\"https:\/\/commercialaudio.pl\/wp-content\/uploads\/2025\/11\/commercial_audio_ATC_SCS120_Pro_Feature-Image_1.jpg\" alt=\"\" class=\"wp-image-11107\"\/><\/figure>\n\n\n\n<p class=\"wp-block-paragraph\">Spolo\u010dnos\u0165 <a href=\"https:\/\/atc.audio\/professional\/\">ATC Loudspeakers<\/a> s hrdos\u0165ou predstavuje dva nov\u00e9, vysoko v\u00fdkonn\u00e9 akt\u00edvne \u0161t\u00fadiov\u00e9 subwoofery s priemerom 15\u2033\/375 mm: SCS120 Pro a SCS120iW Pro. Tieto dva nov\u00e9 modely s rozmermi 15\u2033\/375 mm pon\u00fakaj\u00fa funkcie 12\u2033\/314 mm subwoofera SCS70 Pro, ktor\u00fd bol uveden\u00fd na trh v roku 2022, av\u0161ak s v\u00e4\u010d\u0161\u00edm dynamick\u00fdm rozsahom\/headroomom a roz\u0161\u00edrenou odozvou v n\u00edzkych frekvenci\u00e1ch. V\u010faka svojmu v\u00fdkonu a funkci\u00e1m s\u00fa ide\u00e1lne pre stereo, viackan\u00e1lov\u00fd priestorov\u00fd zvuk a imerzn\u00e9 audio form\u00e1ty, ako je Dolby Atmos. Model SCS120 Pro bol navrhnut\u00fd pre vo\u013ene umiestnenie, zatia\u013e \u010do model SCS120iW Pro disponuje funkciami ide\u00e1lnymi pre zapusten\u00fa mont\u00e1\u017e alebo mont\u00e1\u017e na stenu.<\/p>\n\n\n\n<hr class=\"wp-block-separator has-alpha-channel-opacity\"\/>\n\n\n\n<div class=\"wp-block-buttons is-content-justification-center is-layout-flex wp-container-core-buttons-is-layout-fe48e5de wp-block-buttons-is-layout-flex\">\n<div class=\"wp-block-button\"><a class=\"wp-block-button__link has-text-align-center wp-element-button\" href=\"https:\/\/commercialaudio.pl\/sk\/produkt\/aktywny-subwoofer-atc-scs120-pro\/\" target=\"_blank\" rel=\"noreferrer noopener\">Zozn\u00e1mte sa s modelom SCS120 Pro<\/a><\/div>\n\n\n\n<div class=\"wp-block-button\"><a class=\"wp-block-button__link has-text-align-center wp-element-button\" href=\"https:\/\/commercialaudio.pl\/sk\/produkt\/instalacyjny-subwoofer-atc-scs120iw\/\" target=\"_blank\" rel=\"noreferrer noopener\">Zozn\u00e1mte sa s modelom SCS120iW Pro<\/a><\/div>\n<\/div>\n\n\n\n<figure class=\"wp-block-image size-large\"><img loading=\"lazy\" decoding=\"async\" width=\"1024\" height=\"803\" src=\"https:\/\/commercialaudio.pl\/wp-content\/uploads\/2025\/11\/commercial_audio_ATC_SCS120iW-Pro_Front_5940px-1024x803.jpg\" alt=\"\" class=\"wp-image-11116\" srcset=\"https:\/\/commercialaudio.pl\/wp-content\/uploads\/2025\/11\/commercial_audio_ATC_SCS120iW-Pro_Front_5940px-980x768.jpg 980w, https:\/\/commercialaudio.pl\/wp-content\/uploads\/2025\/11\/commercial_audio_ATC_SCS120iW-Pro_Front_5940px-480x376.jpg 480w\" sizes=\"(min-width: 0px) and (max-width: 480px) 480px, (min-width: 481px) and (max-width: 980px) 980px, (min-width: 981px) 1024px, 100vw\" \/><\/figure>\n\n\n\n<p class=\"wp-block-paragraph\">Oba subwoofery s\u00fa vybaven\u00e9 nov\u00fdm 15-palcov\u00fdm\/375 mm subbasov\u00fdm meni\u010dom, ktor\u00fd je vylep\u0161enou verziou 12-palcov\u00e9ho\/314 mm meni\u010da pou\u017eit\u00e9ho v subwoofere SCS70. Tento v\u00fdnimo\u010dn\u00fd nov\u00fd meni\u010d bol vyvinut\u00fd v\u00fdskumn\u00fdm a v\u00fdvojov\u00fdm t\u00edmom spolo\u010dnosti ATC a ru\u010dne sa vyr\u00e1ba v z\u00e1vode spolo\u010dnosti v Gloucestershire vo Ve\u013ekej Brit\u00e1nii. S klesaj\u00facou frekvenciou je na udr\u017eanie ur\u010ditej \u00farovne hlasitosti potrebn\u00e9 premiestni\u0165 v\u00e4\u010d\u0161ie mno\u017estvo vzduchu, \u010doho mo\u017eno dosiahnu\u0165 zv\u00e4\u010d\u0161en\u00edm plochy membr\u00e1ny, v\u00e4\u010d\u0161\u00edm zdvihom meni\u010da alebo kombin\u00e1ciou t\u00fdchto dvoch faktorov. V\u00fdsledkom je, \u017ee nov\u00fd meni\u010d kombinuje najnov\u0161\u00ed magnetick\u00fd syst\u00e9m ATC s kr\u00e1tkou cievkou a dlhou medzerou \u2013 optimalizovan\u00fd pre reprodukciu subbasu \u2013 s novou kompozitnou membr\u00e1nou z uhl\u00edkov\u00e9ho papiera s priemerom 15 palcov\/375 mm, \u010d\u00edm zabezpe\u010duje zv\u00fd\u0161en\u00fd dynamick\u00fd rozsah, roz\u0161\u00edren\u00fa frekven\u010dn\u00fa charakteristiku v oblasti n\u00edzkych frekvenci\u00ed a ve\u013emi n\u00edzke skreslenie od 120 Hz do menej ako 20 Hz. V\u010faka d\u00f4kladnej optimaliz\u00e1cii pr\u00fadenia vzduchu v kon\u0161trukcii motora je hluk sp\u00f4soben\u00fd turbulenciami vzduchu v meni\u010dovi minimalizovan\u00fd a \u010fal\u0161ou v\u00fdhodou je lep\u0161ie chladenie cievky a magnetick\u00e9ho syst\u00e9mu.<\/p>\n\n\n\n<figure class=\"wp-block-image size-large\"><img loading=\"lazy\" decoding=\"async\" width=\"1024\" height=\"801\" src=\"https:\/\/commercialaudio.pl\/wp-content\/uploads\/2025\/11\/commercial_audio_ATC_SCS120_Pro_Rear_5940px-1024x801.jpg\" alt=\"\" class=\"wp-image-11108\" srcset=\"https:\/\/commercialaudio.pl\/wp-content\/uploads\/2025\/11\/commercial_audio_ATC_SCS120_Pro_Rear_5940px-980x766.jpg 980w, https:\/\/commercialaudio.pl\/wp-content\/uploads\/2025\/11\/commercial_audio_ATC_SCS120_Pro_Rear_5940px-480x375.jpg 480w\" sizes=\"(min-width: 0px) and (max-width: 480px) 480px, (min-width: 481px) and (max-width: 980px) 980px, (min-width: 981px) 1024px, 100vw\" \/><\/figure>\n\n\n\n<p class=\"wp-block-paragraph\">Subwoofery SCS120 Pro poskytuj\u00fa roz\u0161\u00edren\u00fa frekven\u010dn\u00fa charakteristiku v oblasti n\u00edzkych frekvenci\u00ed bez zlo\u017eitej elektronickej korekcie alebo spracovania. Namiesto toho sa vyu\u017eilo elegantnej\u0161ie spojenie v\u00fdnimo\u010dnej kon\u0161trukcie meni\u010da a mierne v\u00e4\u010d\u0161ieho objemu skrine. Jednoduchos\u0165 tohto rie\u0161enia zni\u017euje f\u00e1zov\u00fd posun a skupinov\u00e9 oneskorenie, \u010d\u00edm u\u013eah\u010duje integr\u00e1ciu subwoofera s kompatibiln\u00fdmi monitorov\u00fdmi reproduktormi. V kone\u010dnom d\u00f4sledku to posluch\u00e1\u010dovi poskytuje vyv\u00e1\u017eenej\u0161\u00ed a ucelenej\u0161\u00ed z\u00e1\u017eitok, pri\u010dom pon\u00faka nielen roz\u0161\u00edren\u00fa odozvu v oblasti n\u00edzkych frekvenci\u00ed, ale aj v\u00fdnimo\u010dn\u00fa \u010distotu v hornej \u010dasti basov a v dolnej \u010dasti stredov\u00e9ho p\u00e1sma.<\/p>\n\n\n\n<figure class=\"wp-block-image size-large\"><img loading=\"lazy\" decoding=\"async\" width=\"1024\" height=\"798\" src=\"https:\/\/commercialaudio.pl\/wp-content\/uploads\/2025\/11\/commercial_audio_ATC_R1-300_PRO_SMT_5940px-1024x798.jpg\" alt=\"\" class=\"wp-image-11113\" srcset=\"https:\/\/commercialaudio.pl\/wp-content\/uploads\/2025\/11\/commercial_audio_ATC_R1-300_PRO_SMT_5940px-980x764.jpg 980w, https:\/\/commercialaudio.pl\/wp-content\/uploads\/2025\/11\/commercial_audio_ATC_R1-300_PRO_SMT_5940px-480x374.jpg 480w\" sizes=\"(min-width: 0px) and (max-width: 480px) 480px, (min-width: 481px) and (max-width: 980px) 980px, (min-width: 981px) 1024px, 100vw\" \/><\/figure>\n\n\n\n<p class=\"wp-block-paragraph\">Zosil\u0148ova\u010d je zariadenie triedy AB s v\u00fdkonom 300 W, ru\u010dne vyr\u00e1ban\u00e9 spolo\u010dnos\u0165ou ATC v jej z\u00e1vode vo Ve\u013ekej Brit\u00e1nii a presne optimalizovan\u00e9 pre po\u017eiadavky reproduktora, \u010do zais\u0165uje r\u00fdchle a dynamick\u00e9 basy. Dva symetrick\u00e9 vstupy zabezpe\u010duj\u00fa pripojenie tak pre stereo syst\u00e9my, ako aj pre viackan\u00e1lov\u00e9\/imers\u00edvne audio syst\u00e9my, a dva symetrick\u00e9 v\u00fdstupy umo\u017e\u0148uj\u00fa pripojenie monitorov\u00fdch reproduktorov alebo s\u00e9riov\u00e9 zapojenie viacer\u00fdch subwooferov. N\u00edzko-priepustn\u00e9 filtre s\u00fa anal\u00f3gov\u00e9, \u0161tvrt\u00e9ho r\u00e1du typu Linkwitz-Riley, a mo\u017enosti nastavenia frekvencie zabezpe\u010duj\u00fa optim\u00e1lnu integr\u00e1ciu so \u0161irokou \u0161k\u00e1lou \u0161t\u00fadiov\u00fdch monitorov. Okrem toho s\u00fa k dispoz\u00edcii aj \u0161tandardn\u00e9 80 Hz dolnopriepustn\u00e9 filtre a nastavenia \u201ebypass\u201d (pre pou\u017eitie s extern\u00fdm spracovan\u00edm). Prep\u00edna\u010d polarity a jej plynul\u00e9 nastavenie v rozsahu 180\u00b0 umo\u017e\u0148uj\u00fa \u010fal\u0161iu optimaliz\u00e1ciu deli\u010da frekvenci\u00ed subwoofera, zatia\u013e \u010do postupn\u00fd atenu\u00e1tor s rozsahom 21 dB zabezpe\u010duje presn\u00e9 nastavenie \u00farovne. V\u00fdstup zosil\u0148ova\u010da SCS120 Pro je mo\u017en\u00e9 stlmi\u0165 pomocou jedin\u00e9ho no\u017en\u00e9ho prep\u00edna\u010da pripojen\u00e9ho k vstupnej z\u00e1suvke na stlmenie \u00bc\u201d \/ 6,35 mm. \u010eal\u0161ie subwoofery je mo\u017en\u00e9 stlmi\u0165 pomocou toho ist\u00e9ho no\u017en\u00e9ho prep\u00edna\u010da pripojen\u00e9ho k stlmiacej z\u00e1suvke \u201eThru\u201d.<\/p>\n\n\n\n<figure class=\"wp-block-image size-large\"><img loading=\"lazy\" decoding=\"async\" width=\"1024\" height=\"796\" src=\"https:\/\/commercialaudio.pl\/wp-content\/uploads\/2025\/11\/commercial_audio_ATC_SCS120iW_Pro_30_Deg_5940px-1024x796.jpg\" alt=\"\" class=\"wp-image-11117\" srcset=\"https:\/\/commercialaudio.pl\/wp-content\/uploads\/2025\/11\/commercial_audio_ATC_SCS120iW_Pro_30_Deg_5940px-980x762.jpg 980w, https:\/\/commercialaudio.pl\/wp-content\/uploads\/2025\/11\/commercial_audio_ATC_SCS120iW_Pro_30_Deg_5940px-480x373.jpg 480w\" sizes=\"(min-width: 0px) and (max-width: 480px) 480px, (min-width: 481px) and (max-width: 980px) 980px, (min-width: 981px) 1024px, 100vw\" \/><\/figure>\n\n\n\n<p class=\"wp-block-paragraph\">Model SCS120iW Pro (in-wall) je optimalizovan\u00fd pre mont\u00e1\u017e do steny a disponuje plyt\u0161\u00edm puzdrom a zapusten\u00fdm panelom vstupn\u00fdch konektorov, \u010d\u00edm sa maximalizuje podlahov\u00e1 plocha. Prilo\u017een\u00fd zosil\u0148ova\u010d R1-300 Pro pre vzdialen\u00fa mont\u00e1\u017e 7U\/19\u201d poskytuje pou\u017e\u00edvate\u013eovi flexibilitu pri in\u0161tal\u00e1cii zosil\u0148ova\u010da v bl\u00edzkosti subwoofera v pr\u00edslu\u0161nej stene, v rozv\u00e1dza\u010di alebo v strojovni. Prepojenie medzi subwooferom ur\u010den\u00fdm na mont\u00e1\u017e do steny a vzdialen\u00fdm zosil\u0148ova\u010dom sa realizuje pomocou reproduktorov\u00e9ho k\u00e1bla NL4 a 5-pinov\u00e9ho k\u00e1bla XLR (pred\u00e1vaj\u00fa sa samostatne a s\u00fa k dispoz\u00edcii v r\u00f4znych d\u013a\u017ekach). V\u010faka svojim rozmerom a v\u00fdkonu s\u00fa modely SCM120 Pro a SCS120iW Pro prirodzen\u00fdmi partnermi pre \u0161t\u00fadiov\u00e9 monitory ATC SCM100\/110\/150A Pro. Na zv\u00fd\u0161enie v\u00fdkonu, pokrytie v\u00e4\u010d\u0161\u00edch priestorov a v kombin\u00e1cii s v\u00e4\u010d\u0161\u00edmi modelmi reproduktorov, ako s\u00fa hlavn\u00e9 monitory ATC SCM200\/300A Pro, je mo\u017en\u00e9 pou\u017ei\u0165 viacero subwooferov. Bufferovan\u00e9 vstupy a v\u00fdstupy u\u013eah\u010duj\u00fa pripojenie viacer\u00fdch subwooferov, rovnako ako obvod na potla\u010denie \u0161umu. Form\u00e1ty priestorov\u00e9ho a imerz\u00edvneho zvuku m\u00f4\u017eu by\u0165 pre subwoofery obzvl\u00e1\u0161\u0165 n\u00e1ro\u010dn\u00e9, a tieto dva nov\u00e9 modely pon\u00fakaj\u00fa lep\u0161\u00ed dynamick\u00fd rozsah v porovnan\u00ed s 12-palcov\u00fdm\/314 mm modelom SCS70 a modelom SCM0.1\/15, ktor\u00fd sa u\u017e prest\u00e1va vyr\u00e1ba\u0165. Odpor\u00fa\u010da sa pou\u017e\u00edva\u0165 n\u00e1stroj Dolby Audio Room Design Tool (DARDT) ako pom\u00f4cku pri navrhovan\u00ed monitorovac\u00edch syst\u00e9mov ATC pre Dolby Atmos, aby sa zabezpe\u010dila zhoda s usmerneniami t\u00fdkaj\u00facimi sa form\u00e1tu a dosiahla sa najlep\u0161ia mo\u017en\u00e1 v\u00fdkonnos\u0165.<\/p>\n\n\n\n<figure class=\"wp-block-image size-large\"><img loading=\"lazy\" decoding=\"async\" width=\"1024\" height=\"640\" src=\"https:\/\/commercialaudio.pl\/wp-content\/uploads\/2025\/11\/commercial_audio_ATC_R1-300_PRO_SMT_Wall_Render-1024x640.jpg\" alt=\"\" class=\"wp-image-11115\" srcset=\"https:\/\/commercialaudio.pl\/wp-content\/uploads\/2025\/11\/commercial_audio_ATC_R1-300_PRO_SMT_Wall_Render-980x612.jpg 980w, https:\/\/commercialaudio.pl\/wp-content\/uploads\/2025\/11\/commercial_audio_ATC_R1-300_PRO_SMT_Wall_Render-480x300.jpg 480w\" sizes=\"(min-width: 0px) and (max-width: 480px) 480px, (min-width: 481px) and (max-width: 980px) 980px, (min-width: 981px) 1024px, 100vw\" \/><\/figure>\n\n\n\n<p class=\"wp-block-paragraph\">V\u010faka pou\u017eitiu nov\u00fdch, k\u013e\u00fa\u010dov\u00fdch technol\u00f3gi\u00ed meni\u010dov a zosil\u0148ova\u010dov pon\u00fakaj\u00fa nov\u00e9 subwoofery SCS120 a SCS120iW Pro v\u00e4\u010d\u0161\u00ed dynamick\u00fd rozsah a roz\u0161\u00edrenie n\u00edzkych frekvenci\u00ed, \u010d\u00edm posil\u0148uj\u00fa \u0161pi\u010dku profesion\u00e1lnej produktovej ponuky spolo\u010dnosti ATC. Predstavuj\u00fa vylep\u0161en\u00e9 rie\u0161enie pre pou\u017e\u00edvate\u013eov stredn\u00fdch a ve\u013ek\u00fdch monitorov, ako aj pre t\u00fdch, ktor\u00ed pracuj\u00fa vo v\u00e4\u010d\u0161\u00edch re\u017eis\u00e9rskych miestnostiach. Zv\u00fd\u0161en\u00fd dynamick\u00fd rozsah je obzvl\u00e1\u0161\u0165 u\u017eito\u010dn\u00fd v aplik\u00e1ci\u00e1ch s\u00favisiacich s imerzn\u00fdm zvukom a postprodukciou, kde efekty n\u00edzkych frekvenci\u00ed (LFE) klad\u00fa na subwoofery vysok\u00e9 n\u00e1roky.<\/p>\n\n\n\n<hr class=\"wp-block-separator has-alpha-channel-opacity\"\/>\n\n\n\n<div class=\"wp-block-buttons is-content-justification-center is-layout-flex wp-container-core-buttons-is-layout-fe48e5de wp-block-buttons-is-layout-flex\">\n<div class=\"wp-block-button\"><a class=\"wp-block-button__link has-text-align-center wp-element-button\" href=\"https:\/\/commercialaudio.pl\/sk\/produkt\/aktywny-subwoofer-atc-scs120-pro\/\" target=\"_blank\" rel=\"noreferrer noopener\">Zozn\u00e1mte sa s modelom SCS120 Pro<\/a><\/div>\n\n\n\n<div class=\"wp-block-button\"><a class=\"wp-block-button__link has-text-align-center wp-element-button\" href=\"https:\/\/commercialaudio.pl\/sk\/produkt\/instalacyjny-subwoofer-atc-scs120iw\/\" target=\"_blank\" rel=\"noreferrer noopener\">Zozn\u00e1mte sa s modelom SCS120iW Pro<\/a><\/div>\n<\/div>","protected":false},"excerpt":{"rendered":"<p>SCS120 Pro a SCS120iW Pro<\/p>","protected":false},"author":5,"featured_media":11122,"comment_status":"open","ping_status":"closed","sticky":false,"template":"","format":"standard","meta":{"_acf_changed":false,"_et_pb_use_builder":"off","_et_pb_old_content":"","_et_gb_content_width":"","inline_featured_image":false,"footnotes":""},"categories":[67],"tags":[],"class_list":["post-11121","post","type-post","status-publish","format-standard","has-post-thumbnail","hentry","category-aktualnosci-ssl-atc-clearcom-bose"],"acf":[],"_links":{"self":[{"href":"https:\/\/commercialaudio.pl\/sk\/wp-json\/wp\/v2\/posts\/11121","targetHints":{"allow":["GET"]}}],"collection":[{"href":"https:\/\/commercialaudio.pl\/sk\/wp-json\/wp\/v2\/posts"}],"about":[{"href":"https:\/\/commercialaudio.pl\/sk\/wp-json\/wp\/v2\/types\/post"}],"author":[{"embeddable":true,"href":"https:\/\/commercialaudio.pl\/sk\/wp-json\/wp\/v2\/users\/5"}],"replies":[{"embeddable":true,"href":"https:\/\/commercialaudio.pl\/sk\/wp-json\/wp\/v2\/comments?post=11121"}],"version-history":[{"count":2,"href":"https:\/\/commercialaudio.pl\/sk\/wp-json\/wp\/v2\/posts\/11121\/revisions"}],"predecessor-version":[{"id":11124,"href":"https:\/\/commercialaudio.pl\/sk\/wp-json\/wp\/v2\/posts\/11121\/revisions\/11124"}],"wp:featuredmedia":[{"embeddable":true,"href":"https:\/\/commercialaudio.pl\/sk\/wp-json\/wp\/v2\/media\/11122"}],"wp:attachment":[{"href":"https:\/\/commercialaudio.pl\/sk\/wp-json\/wp\/v2\/media?parent=11121"}],"wp:term":[{"taxonomy":"category","embeddable":true,"href":"https:\/\/commercialaudio.pl\/sk\/wp-json\/wp\/v2\/categories?post=11121"},{"taxonomy":"post_tag","embeddable":true,"href":"https:\/\/commercialaudio.pl\/sk\/wp-json\/wp\/v2\/tags?post=11121"}],"curies":[{"name":"wp","href":"https:\/\/api.w.org\/{rel}","templated":true}]}}