{"id":11372,"date":"2026-01-22T20:28:23","date_gmt":"2026-01-22T19:28:23","guid":{"rendered":"https:\/\/commercialaudio.pl\/?p=11372"},"modified":"2026-01-22T20:28:24","modified_gmt":"2026-01-22T19:28:24","slug":"instalacyjne-subwoofery-studyjne-atc","status":"publish","type":"post","link":"https:\/\/commercialaudio.pl\/sk\/instalacyjne-subwoofery-studyjne-atc\/","title":{"rendered":"Nov\u00e9 in\u0161tala\u010dn\u00e9 \u0161t\u00fadiov\u00e9 subwoofery od spolo\u010dnosti ATC Loudspeakers"},"content":{"rendered":"<figure class=\"wp-block-image size-full\"><img loading=\"lazy\" decoding=\"async\" width=\"1910\" height=\"1000\" src=\"https:\/\/commercialaudio.pl\/wp-content\/uploads\/2026\/01\/subwoofery_atc_loudspeakers.jpg\" alt=\"\u0161t\u00fadiov\u00e9 subwoofery na in\u0161tal\u00e1ciu\" class=\"wp-image-11373\" srcset=\"https:\/\/commercialaudio.pl\/wp-content\/uploads\/2026\/01\/subwoofery_atc_loudspeakers.jpg 1910w, https:\/\/commercialaudio.pl\/wp-content\/uploads\/2026\/01\/subwoofery_atc_loudspeakers-1280x670.jpg 1280w, https:\/\/commercialaudio.pl\/wp-content\/uploads\/2026\/01\/subwoofery_atc_loudspeakers-980x513.jpg 980w, https:\/\/commercialaudio.pl\/wp-content\/uploads\/2026\/01\/subwoofery_atc_loudspeakers-480x251.jpg 480w\" sizes=\"(min-width: 0px) and (max-width: 480px) 480px, (min-width: 481px) and (max-width: 980px) 980px, (min-width: 981px) and (max-width: 1280px) 1280px, (min-width: 1281px) 1910px, 100vw\" \/><\/figure>\n\n\n\n<p class=\"wp-block-paragraph\"><a href=\"https:\/\/atc.audio\/professional\/\" target=\"_blank\" rel=\"noreferrer noopener\">ATC Loudspeakers<\/a> SCS140iW Pro a SCS240iW Pro s\u00fa in\u0161tala\u010dn\u00e9 \u0161t\u00fadiov\u00e9 subwoofery s rozmermi 2\u00d712\u2033 a 2\u00d715\u2033 ur\u010den\u00e9 na mont\u00e1\u017e do steny. Vynikaj\u00faco spolupracuj\u00fa s hlavn\u00fdmi monitormi SCM200AiW Pro a SCM300AiW Pro v stereo, viackan\u00e1lov\u00fdch a imerzn\u00fdch konfigur\u00e1ci\u00e1ch. \u0160\u00edrka skr\u00ed\u0148 je prisp\u00f4soben\u00e1 pr\u00edslu\u0161n\u00fdm hlavn\u00fdm monitorom, \u010do po in\u0161tal\u00e1cii oboch zariaden\u00ed zaru\u010duje estetick\u00fd a jednotn\u00fd vzh\u013ead. Subwoofery m\u00f4\u017eu sl\u00fa\u017ei\u0165 aj ako doplnok k men\u0161\u00edm monitorom, pri ktor\u00fdch je potrebn\u00e9 roz\u0161\u00edren\u00e9 basov\u00e9 p\u00e1smo a vysok\u00e1 \u00farove\u0148 akustick\u00e9ho tlaku.<\/p>\n\n\n\n<hr class=\"wp-block-separator has-alpha-channel-opacity\"\/>\n\n\n\n<div class=\"wp-block-buttons is-content-justification-center is-layout-flex wp-container-core-buttons-is-layout-fe48e5de wp-block-buttons-is-layout-flex\">\n<div class=\"wp-block-button\"><a class=\"wp-block-button__link has-text-align-center wp-element-button\" href=\"https:\/\/commercialaudio.pl\/sk\/produkt\/instalacyjny-subwoofer-atc-scs140iw\/\" target=\"_blank\" rel=\"noreferrer noopener\">Zozn\u00e1mte sa s modelom SCS140iW Pro<\/a><\/div>\n\n\n\n<div class=\"wp-block-button\"><a class=\"wp-block-button__link has-text-align-center wp-element-button\" href=\"https:\/\/commercialaudio.pl\/sk\/produkt\/instalacia-subwoofera-atc-scs240iw-pro\/\" target=\"_blank\" rel=\"noreferrer noopener\">Zozn\u00e1mte sa s modelom SCS240iW Pro<\/a><\/div>\n<\/div>","protected":false},"excerpt":{"rendered":"<p>Na mont\u00e1\u017e na stenu<\/p>","protected":false},"author":5,"featured_media":11374,"comment_status":"open","ping_status":"closed","sticky":false,"template":"","format":"standard","meta":{"_acf_changed":false,"_et_pb_use_builder":"off","_et_pb_old_content":"","_et_gb_content_width":"","inline_featured_image":false,"footnotes":""},"categories":[67],"tags":[],"class_list":["post-11372","post","type-post","status-publish","format-standard","has-post-thumbnail","hentry","category-aktualnosci-ssl-atc-clearcom-bose"],"acf":[],"_links":{"self":[{"href":"https:\/\/commercialaudio.pl\/sk\/wp-json\/wp\/v2\/posts\/11372","targetHints":{"allow":["GET"]}}],"collection":[{"href":"https:\/\/commercialaudio.pl\/sk\/wp-json\/wp\/v2\/posts"}],"about":[{"href":"https:\/\/commercialaudio.pl\/sk\/wp-json\/wp\/v2\/types\/post"}],"author":[{"embeddable":true,"href":"https:\/\/commercialaudio.pl\/sk\/wp-json\/wp\/v2\/users\/5"}],"replies":[{"embeddable":true,"href":"https:\/\/commercialaudio.pl\/sk\/wp-json\/wp\/v2\/comments?post=11372"}],"version-history":[{"count":1,"href":"https:\/\/commercialaudio.pl\/sk\/wp-json\/wp\/v2\/posts\/11372\/revisions"}],"predecessor-version":[{"id":11375,"href":"https:\/\/commercialaudio.pl\/sk\/wp-json\/wp\/v2\/posts\/11372\/revisions\/11375"}],"wp:featuredmedia":[{"embeddable":true,"href":"https:\/\/commercialaudio.pl\/sk\/wp-json\/wp\/v2\/media\/11374"}],"wp:attachment":[{"href":"https:\/\/commercialaudio.pl\/sk\/wp-json\/wp\/v2\/media?parent=11372"}],"wp:term":[{"taxonomy":"category","embeddable":true,"href":"https:\/\/commercialaudio.pl\/sk\/wp-json\/wp\/v2\/categories?post=11372"},{"taxonomy":"post_tag","embeddable":true,"href":"https:\/\/commercialaudio.pl\/sk\/wp-json\/wp\/v2\/tags?post=11372"}],"curies":[{"name":"wp","href":"https:\/\/api.w.org\/{rel}","templated":true}]}}