{"id":11387,"date":"2026-01-27T11:41:25","date_gmt":"2026-01-27T10:41:25","guid":{"rendered":"https:\/\/commercialaudio.pl\/?p=11387"},"modified":"2026-01-27T11:41:26","modified_gmt":"2026-01-27T10:41:26","slug":"monitory-studyjne-surround-atc-seria-ssm","status":"publish","type":"post","link":"https:\/\/commercialaudio.pl\/sk\/monitory-studyjne-surround-atc-seria-ssm\/","title":{"rendered":"Priestorov\u00e9 \u0161t\u00fadiov\u00e9 monitory ATC Loudspeakers SSM12i Pro a SSM25i Pro"},"content":{"rendered":"<figure class=\"wp-block-image size-full\"><img loading=\"lazy\" decoding=\"async\" width=\"1910\" height=\"1000\" src=\"https:\/\/commercialaudio.pl\/wp-content\/uploads\/2026\/01\/Monitory-studyjne-surround-ATC-Loudspeakers-2.jpg\" alt=\"\" class=\"wp-image-11389\" srcset=\"https:\/\/commercialaudio.pl\/wp-content\/uploads\/2026\/01\/Monitory-studyjne-surround-ATC-Loudspeakers-2.jpg 1910w, https:\/\/commercialaudio.pl\/wp-content\/uploads\/2026\/01\/Monitory-studyjne-surround-ATC-Loudspeakers-2-1280x670.jpg 1280w, https:\/\/commercialaudio.pl\/wp-content\/uploads\/2026\/01\/Monitory-studyjne-surround-ATC-Loudspeakers-2-980x513.jpg 980w, https:\/\/commercialaudio.pl\/wp-content\/uploads\/2026\/01\/Monitory-studyjne-surround-ATC-Loudspeakers-2-480x251.jpg 480w\" sizes=\"(min-width: 0px) and (max-width: 480px) 480px, (min-width: 481px) and (max-width: 980px) 980px, (min-width: 981px) and (max-width: 1280px) 1280px, (min-width: 1281px) 1910px, 100vw\" \/><\/figure>\n\n\n\n<hr class=\"wp-block-separator has-alpha-channel-opacity\"\/>\n\n\n\n<div class=\"wp-block-buttons is-content-justification-center is-layout-flex wp-container-core-buttons-is-layout-fe48e5de wp-block-buttons-is-layout-flex\">\n<div class=\"wp-block-button\"><a class=\"wp-block-button__link has-text-align-center wp-element-button\" href=\"https:\/\/commercialaudio.pl\/sk\/produkt\/monitor-studyjny-surround-atc-ssm12i-pro\/\" target=\"_blank\" rel=\"noreferrer noopener\">Zozn\u00e1mte sa s modelom SSM12i Pro<\/a><\/div>\n\n\n\n<div class=\"wp-block-button\"><a class=\"wp-block-button__link has-text-align-center wp-element-button\" href=\"https:\/\/commercialaudio.pl\/sk\/produkt\/monitor-studyjny-surround-atc-ssm25i-pro\/\" target=\"_blank\" rel=\"noreferrer noopener\">Zozn\u00e1mte sa s modelom SSM25i Pro<\/a><\/div>\n<\/div>\n\n\n\n<hr class=\"wp-block-separator has-alpha-channel-opacity\"\/>\n\n\n\n<p class=\"wp-block-paragraph\"><a href=\"https:\/\/atc.audio\/professional\/\" target=\"_blank\" rel=\"noreferrer noopener\">ATC <\/a>roz\u0161iruje svoju ponuku o \u0161t\u00fadiov\u00e9 surround monitory a uv\u00e1dza na trh s\u00e9riu SSM \u2013 nov\u00fa gener\u00e1ciu ploch\u00fdch pas\u00edvnych \u0161t\u00fadiov\u00fdch monitorov ur\u010den\u00fdch na mont\u00e1\u017e na stenu a strop, navrhnut\u00fdch pre modern\u00e9 re\u017eis\u00e9rske pulty, surround syst\u00e9my a imerz\u00edvne zvukov\u00e9 prostredia. S\u00e9ria debutuje s dvoma modelmi \u2013 SSM12i Pro a SSM25i Pro. S\u00fa navrhnut\u00e9 pre in\u0161tal\u00e1cie s obmedzen\u00fdm priestorom. Oba modely SSM maj\u00fa ve\u013emi tenk\u00e9 skrine \u2013 147 mm \/ 5 13\/16\u201d pre dvojp\u00e1smov\u00fd model SSM12i Pro a 198 mm \/ 7 13\/16\u201d pre trojcestn\u00fd model SSM25i Pro \u2014 vr\u00e1tane mont\u00e1\u017enych prvkov. To umo\u017e\u0148uje integr\u00e1ciu do riadiacich miestnost\u00ed, kde \u0161\u00edrka, h\u013abka a v\u00fd\u0161ka stropu predstavuj\u00fa v\u00fdznamn\u00e9 obmedzenia. <\/p>\n\n\n\n<figure class=\"wp-block-image size-large\"><img loading=\"lazy\" decoding=\"async\" width=\"1024\" height=\"576\" src=\"https:\/\/commercialaudio.pl\/wp-content\/uploads\/2026\/01\/commercial_audio_ATC-SSM12i-Pro-Portrait-FLAT-CONFIG-A-30-Degrees-1024x576.jpg\" alt=\"\" class=\"wp-image-11385\" srcset=\"https:\/\/commercialaudio.pl\/wp-content\/uploads\/2026\/01\/commercial_audio_ATC-SSM12i-Pro-Portrait-FLAT-CONFIG-A-30-Degrees-980x551.jpg 980w, https:\/\/commercialaudio.pl\/wp-content\/uploads\/2026\/01\/commercial_audio_ATC-SSM12i-Pro-Portrait-FLAT-CONFIG-A-30-Degrees-480x270.jpg 480w\" sizes=\"(min-width: 0px) and (max-width: 480px) 480px, (min-width: 481px) and (max-width: 980px) 980px, (min-width: 981px) 1024px, 100vw\" \/><\/figure>\n\n\n\n<p class=\"wp-block-paragraph\">Korpusy je mo\u017en\u00e9 in\u0161talova\u0165 vo vertik\u00e1lnej alebo horizont\u00e1lnej polohe pomocou robustn\u00e9ho mont\u00e1\u017eneho syst\u00e9mu, ktor\u00fd sa pripev\u0148uje priamo na stenu alebo strop. Oto\u010dn\u00fd mechanizmus umo\u017e\u0148uje presn\u00e9 nastavenie smerom k mieste mixovania, \u010do zais\u0165uje lep\u0161\u00ed obraz a odozvu v miestnosti. Obe skrine obsahuj\u00fa vn\u00fatorn\u00e9 oce\u013eov\u00e9 v\u00fdstuhy a bezpe\u010dnostn\u00fd upev\u0148ovac\u00ed bod, aby sp\u013a\u0148ali praktick\u00e9 po\u017eiadavky na bezpe\u010dn\u00fa profesion\u00e1lnu in\u0161tal\u00e1ciu, najm\u00e4 v pr\u00edpade mont\u00e1\u017ee nad hlavou.<\/p>\n\n\n\n<figure class=\"wp-block-image size-large\"><img loading=\"lazy\" decoding=\"async\" width=\"1024\" height=\"576\" src=\"https:\/\/commercialaudio.pl\/wp-content\/uploads\/2026\/01\/commercial_audio_ATC-SSM12i-Pro-Landscape-ANGLED-CONFIG-B-Ceiling-1024x576.jpg\" alt=\"\" class=\"wp-image-11383\" srcset=\"https:\/\/commercialaudio.pl\/wp-content\/uploads\/2026\/01\/commercial_audio_ATC-SSM12i-Pro-Landscape-ANGLED-CONFIG-B-Ceiling-980x551.jpg 980w, https:\/\/commercialaudio.pl\/wp-content\/uploads\/2026\/01\/commercial_audio_ATC-SSM12i-Pro-Landscape-ANGLED-CONFIG-B-Ceiling-480x270.jpg 480w\" sizes=\"(min-width: 0px) and (max-width: 480px) 480px, (min-width: 481px) and (max-width: 980px) 980px, (min-width: 981px) 1024px, 100vw\" \/><\/figure>\n\n\n\n<p class=\"wp-block-paragraph\">SSM12i Pro je pas\u00edvny dvojp\u00e1smov\u00fd reproduktor, navrhnut\u00fd na z\u00e1klade patentovanej technol\u00f3gie meni\u010dov ATC a umiestnen\u00fd v uzavretej skrinke optimalizovanej pre mont\u00e1\u017e na stenu alebo strop. N\u00edzke a stredn\u00e9 t\u00f3ny zabezpe\u010duje 150 mm meni\u010d SB45-150CLD, ktor\u00e9ho membr\u00e1na s technol\u00f3giou Constrained Layer Damping (CLD) minimalizuje rozptyl zvuku a zachov\u00e1va linearitu v celom pracovnom p\u00e1sme. Nad deliacou frekvenciou 2,2 kHz zabezpe\u010duje 25-milimetrov\u00fd v\u00fd\u0161kov\u00fd reproduktor ATC SH25-76 s dvojit\u00fdm zavesen\u00edm a m\u00e4kkou kalotou n\u00edzke skreslenie a vynikaj\u00facu rozl\u00ed\u0161ite\u013enos\u0165 vysok\u00fdch frekvenci\u00ed. V kombin\u00e1cii s novo vyvinut\u00fdm deli\u010dom frekvenci\u00ed \u2013 navrhnut\u00fdm a vyladen\u00fdm \u0161peci\u00e1lne pre in\u0161tal\u00e1ciu na stenu \u2013 model SSM12i Pro zais\u0165uje vysok\u00fa rozl\u00ed\u0161ite\u013enos\u0165, kontrolovan\u00e9 rozptylovanie a presn\u00e9 reprodukovanie zvuku v kompaktn\u00fdch kontroln\u00fdch a mix\u00e1\u017enych miestnostiach.<\/p>\n\n\n\n<figure class=\"wp-block-image size-large\"><img loading=\"lazy\" decoding=\"async\" width=\"1024\" height=\"576\" src=\"https:\/\/commercialaudio.pl\/wp-content\/uploads\/2026\/01\/commercial_audio_ATC-SSM25i-Pro-Landscape-ANGLED-CONFIG-B-Ceiling-1024x576.jpg\" alt=\"\" class=\"wp-image-11378\" srcset=\"https:\/\/commercialaudio.pl\/wp-content\/uploads\/2026\/01\/commercial_audio_ATC-SSM25i-Pro-Landscape-ANGLED-CONFIG-B-Ceiling-980x551.jpg 980w, https:\/\/commercialaudio.pl\/wp-content\/uploads\/2026\/01\/commercial_audio_ATC-SSM25i-Pro-Landscape-ANGLED-CONFIG-B-Ceiling-480x270.jpg 480w\" sizes=\"(min-width: 0px) and (max-width: 480px) 480px, (min-width: 481px) and (max-width: 980px) 980px, (min-width: 981px) 1024px, 100vw\" \/><\/figure>\n\n\n\n<p class=\"wp-block-paragraph\">SSM25i Pro je 3-p\u00e1smov\u00fd model ur\u010den\u00fd pre stredn\u00e9 a ve\u013ek\u00e9 re\u017eis\u00e9rske pulty, vr\u00e1tane t\u00fdch, ktor\u00e9 sa pou\u017e\u00edvaj\u00fa na mixovanie form\u00e1tu Dolby Atmos a in\u00fdch form\u00e1tov imerzn\u00e9ho zvuku, SSM25i Pro pon\u00faka vy\u0161\u0161iu priepustnos\u0165 a v\u00fdstupn\u00fd v\u00fdkon v\u010faka trojcestnej uzavretej kon\u0161trukcii a trom patentovan\u00fdm meni\u010dom ATC. <\/p>\n\n\n\n<figure class=\"wp-block-image size-large\"><img loading=\"lazy\" decoding=\"async\" width=\"1024\" height=\"576\" src=\"https:\/\/commercialaudio.pl\/wp-content\/uploads\/2026\/01\/commercial_audio_ATC-SSM25i-Pro-Portrait-ANGLED-CONFIG-30-Degrees-1024x576.jpg\" alt=\"\" class=\"wp-image-11379\" srcset=\"https:\/\/commercialaudio.pl\/wp-content\/uploads\/2026\/01\/commercial_audio_ATC-SSM25i-Pro-Portrait-ANGLED-CONFIG-30-Degrees-980x551.jpg 980w, https:\/\/commercialaudio.pl\/wp-content\/uploads\/2026\/01\/commercial_audio_ATC-SSM25i-Pro-Portrait-ANGLED-CONFIG-30-Degrees-480x270.jpg 480w\" sizes=\"(min-width: 0px) and (max-width: 480px) 480px, (min-width: 481px) and (max-width: 980px) 980px, (min-width: 981px) 1024px, 100vw\" \/><\/figure>\n\n\n\n<p class=\"wp-block-paragraph\">N\u00edzke frekvencie zabezpe\u010duje meni\u010d SB50-164SC s priemerom 164 mm\/6,5\u201d s motorom s kr\u00e1tkou cievkou a dlhou \u0161trbinou a membr\u00e1nou z papierovo-uhl\u00edkov\u00e9ho kompozitu. Za stredn\u00e9 frekvencie zodpoved\u00e1 renomovan\u00fd m\u00e4kk\u00fd kopulkov\u00fd meni\u010d SM75-150 s priemerom 75 mm\/3\u201d od spolo\u010dnosti ATC, zn\u00e1my svojou v\u00fdnimo\u010dnou \u010distotou a minim\u00e1lnym zafarben\u00edm, zatia\u013e \u010do vysok\u00e9 frekvencie zabezpe\u010duje v\u00fd\u0161kov\u00fd reproduktor SH25-76S, vybaven\u00fd motorom s vysok\u00fdm magnetick\u00fdm tokom, ktor\u00fd zaru\u010duje roz\u0161\u00edren\u00fa charakteristiku vysok\u00fdch frekvenci\u00ed a ve\u013emi n\u00edzke skreslenie. Rozde\u013eova\u010d bol prepracovan\u00fd \u0161peci\u00e1lne pre mont\u00e1\u017e na stenu, \u010d\u00edm reproduktoru zabezpe\u010duje pre ATC charakteristick\u00fa neutralitu a presnos\u0165 prechodov aj pri in\u0161tal\u00e1cii bl\u00edzko povrchu, ako aj vynikaj\u00facu integr\u00e1ciu s radom akt\u00edvnych reproduktorov a subwooferov ATC.<\/p>\n\n\n\n<hr class=\"wp-block-separator has-alpha-channel-opacity\"\/>\n\n\n\n<div class=\"wp-block-buttons is-content-justification-center is-layout-flex wp-container-core-buttons-is-layout-fe48e5de wp-block-buttons-is-layout-flex\">\n<div class=\"wp-block-button\"><a class=\"wp-block-button__link has-text-align-center wp-element-button\" href=\"https:\/\/commercialaudio.pl\/sk\/produkt\/monitor-studyjny-surround-atc-ssm12i-pro\/\" target=\"_blank\" rel=\"noreferrer noopener\">Zozn\u00e1mte sa s modelom SSM12i Pro<\/a><\/div>\n\n\n\n<div class=\"wp-block-button\"><a class=\"wp-block-button__link has-text-align-center wp-element-button\" href=\"https:\/\/commercialaudio.pl\/sk\/produkt\/monitor-studyjny-surround-atc-ssm25i-pro\/\" target=\"_blank\" rel=\"noreferrer noopener\">Zozn\u00e1mte sa s modelom SSM25i Pro<\/a><\/div>\n<\/div>","protected":false},"excerpt":{"rendered":"<p>Pre syst\u00e9my Dolby Atmos<\/p>","protected":false},"author":5,"featured_media":11388,"comment_status":"open","ping_status":"closed","sticky":false,"template":"","format":"standard","meta":{"_acf_changed":false,"_et_pb_use_builder":"off","_et_pb_old_content":"","_et_gb_content_width":"","inline_featured_image":false,"footnotes":""},"categories":[67],"tags":[],"class_list":["post-11387","post","type-post","status-publish","format-standard","has-post-thumbnail","hentry","category-aktualnosci-ssl-atc-clearcom-bose"],"acf":[],"_links":{"self":[{"href":"https:\/\/commercialaudio.pl\/sk\/wp-json\/wp\/v2\/posts\/11387","targetHints":{"allow":["GET"]}}],"collection":[{"href":"https:\/\/commercialaudio.pl\/sk\/wp-json\/wp\/v2\/posts"}],"about":[{"href":"https:\/\/commercialaudio.pl\/sk\/wp-json\/wp\/v2\/types\/post"}],"author":[{"embeddable":true,"href":"https:\/\/commercialaudio.pl\/sk\/wp-json\/wp\/v2\/users\/5"}],"replies":[{"embeddable":true,"href":"https:\/\/commercialaudio.pl\/sk\/wp-json\/wp\/v2\/comments?post=11387"}],"version-history":[{"count":4,"href":"https:\/\/commercialaudio.pl\/sk\/wp-json\/wp\/v2\/posts\/11387\/revisions"}],"predecessor-version":[{"id":11393,"href":"https:\/\/commercialaudio.pl\/sk\/wp-json\/wp\/v2\/posts\/11387\/revisions\/11393"}],"wp:featuredmedia":[{"embeddable":true,"href":"https:\/\/commercialaudio.pl\/sk\/wp-json\/wp\/v2\/media\/11388"}],"wp:attachment":[{"href":"https:\/\/commercialaudio.pl\/sk\/wp-json\/wp\/v2\/media?parent=11387"}],"wp:term":[{"taxonomy":"category","embeddable":true,"href":"https:\/\/commercialaudio.pl\/sk\/wp-json\/wp\/v2\/categories?post=11387"},{"taxonomy":"post_tag","embeddable":true,"href":"https:\/\/commercialaudio.pl\/sk\/wp-json\/wp\/v2\/tags?post=11387"}],"curies":[{"name":"wp","href":"https:\/\/api.w.org\/{rel}","templated":true}]}}