{"id":12706,"date":"2026-07-09T16:13:18","date_gmt":"2026-07-09T14:13:18","guid":{"rendered":"https:\/\/commercialaudio.pl\/?p=12706"},"modified":"2026-07-23T16:48:57","modified_gmt":"2026-07-23T14:48:57","slug":"nowy-subwoofer-bose-pro-showtime-sts118e","status":"publish","type":"post","link":"https:\/\/commercialaudio.pl\/sk\/nowy-subwoofer-bose-pro-showtime-sts118e\/","title":{"rendered":"Nov\u00fd subwoofer v ponuke spolo\u010dnosti Bose Professional \u2013 ShowTime STS118E"},"content":{"rendered":"<figure class=\"wp-block-image size-full\"><img loading=\"lazy\" decoding=\"async\" width=\"1910\" height=\"1000\" src=\"https:\/\/commercialaudio.pl\/wp-content\/uploads\/2026\/07\/STS118E_web.jpg\" alt=\"\" class=\"wp-image-12737\" srcset=\"https:\/\/commercialaudio.pl\/wp-content\/uploads\/2026\/07\/STS118E_web.jpg 1910w, https:\/\/commercialaudio.pl\/wp-content\/uploads\/2026\/07\/STS118E_web-1280x670.jpg 1280w, https:\/\/commercialaudio.pl\/wp-content\/uploads\/2026\/07\/STS118E_web-980x513.jpg 980w, https:\/\/commercialaudio.pl\/wp-content\/uploads\/2026\/07\/STS118E_web-480x251.jpg 480w\" sizes=\"(min-width: 0px) and (max-width: 480px) 480px, (min-width: 481px) and (max-width: 980px) 980px, (min-width: 981px) and (max-width: 1280px) 1280px, (min-width: 1281px) 1910px, 100vw\" \/><\/figure>\n\n\n\n<hr class=\"wp-block-separator has-alpha-channel-opacity\"\/>\n\n\n\n<h3 class=\"wp-block-heading\">Bose Professional ShowTime STS118E je nov\u00fd 18-palcov\u00fd in\u0161tala\u010dn\u00fd subwoofer navrhnut\u00fd pre pou\u017eitie vo vysoko v\u00fdkonn\u00fdch syst\u00e9moch Bose Professional, a to ako v interi\u00e9ri, tak aj v exteri\u00e9ri. Tam, kde z\u00e1le\u017e\u00ed na kvalite zvuku, model ShowTime STS118E poskytuje v\u00fdkonn\u00fa podporu n\u00edzkych frekvenci\u00ed v hudobn\u00fdch aplik\u00e1ci\u00e1ch vy\u017eaduj\u00facich vysok\u00fa energiu a z\u00e1rove\u0148 je  jednoduch\u00fd na mont\u00e1\u017e a integr\u00e1ciu.<\/h3>\n\n\n\n<hr class=\"wp-block-separator has-alpha-channel-opacity\"\/>\n\n\n\n<div class=\"wp-block-buttons is-content-justification-center is-layout-flex wp-container-core-buttons-is-layout-fe48e5de wp-block-buttons-is-layout-flex\">\n<div class=\"wp-block-button\"><a class=\"wp-block-button__link has-text-align-center wp-element-button\" href=\"https:\/\/commercialaudio.pl\/sk\/produkt\/subwoofer-bose-pro-showtime-sts118e\/\" target=\"_blank\" rel=\"noreferrer noopener\">Zozn\u00e1mte sa s modelom STS118E<\/a><\/div>\n<\/div>\n\n\n\n<hr class=\"wp-block-separator has-alpha-channel-opacity\"\/>\n\n\n\n<p class=\"wp-block-paragraph\">ShowTime STS118E je ide\u00e1lnym doplnkom reproduktorov\u00fdch syst\u00e9mov <a href=\"https:\/\/boseprofessional.com\/\" target=\"_blank\" rel=\"noreferrer noopener\">Bose Professional<\/a>, ako napr\u00edklad AMU, <a href=\"https:\/\/commercialaudio.pl\/sk\/produkt\/bose-amm\/\" target=\"_blank\" rel=\"noreferrer noopener\">AMM<\/a> i <a href=\"https:\/\/commercialaudio.pl\/sk\/produkt\/bose-professional-forum-bodovy-zdroj\/\" target=\"_blank\" rel=\"noreferrer noopener\">F\u00f3rum<\/a>. Od zariaden\u00ed vy\u017eaduj\u00facich vy\u0161\u0161\u00ed v\u00fdkon a\u017e po vonkaj\u0161ie priestory, kde je d\u00f4le\u017eit\u00e1 spo\u013eahlivos\u0165, sa model STS118E prirodzene integruje do platforiem Bose Professional, \u010do umo\u017e\u0148uje projektantom zachova\u0165 kontrolu, jednotnos\u0165 a predv\u00eddate\u013enos\u0165.<\/p>\n\n\n\n<figure class=\"wp-block-embed is-type-video is-provider-youtube wp-block-embed-youtube wp-embed-aspect-16-9 wp-has-aspect-ratio\"><div class=\"wp-block-embed__wrapper\">\n<iframe loading=\"lazy\" title=\"ShowTime STS118E \u2013 Basy, ktor\u00e9 v\u00e1\u0161 syst\u00e9m potrebuje\" width=\"1080\" height=\"608\" src=\"https:\/\/www.youtube.com\/embed\/V9wWYPICY3A?feature=oembed\"  allow=\"accelerometer; autoplay; clipboard-write; encrypted-media; gyroscope; picture-in-picture; web-share\" referrerpolicy=\"strict-origin-when-cross-origin\" allowfullscreen><\/iframe>\n<\/div><\/figure>\n\n\n\n<hr class=\"wp-block-separator has-alpha-channel-opacity\"\/>\n\n\n\n<p class=\"wp-block-paragraph\">\u201eShowTime STS118E pon\u00faka na\u0161im z\u00e1kazn\u00edkom jednoduch\u00fd sp\u00f4sob, ako doplni\u0165 syst\u00e9my, ktor\u00fdm u\u017e d\u00f4veruj\u00fa, o v\u00fdkonn\u00fa energiu v oblasti n\u00edzkych frekvenci\u00ed,\u201d povedal John Maier, gener\u00e1lny riadite\u013e spolo\u010dnosti Bose Professional. \u201eRoz\u0161iruje existuj\u00face in\u0161tal\u00e1cie na\u0161ich z\u00e1kazn\u00edkov sp\u00f4sobom, ktor\u00fd p\u00f4sob\u00ed plynulo, a bezprobl\u00e9movo spolupracuje s na\u0161imi reproduktormi, procesormi a zosil\u0148ova\u010dmi, v\u010faka \u010domu m\u00f4\u017eu projektanti \u0161k\u00e1lova\u0165 v\u00fdkon bez nutnosti prehodnocova\u0165 cel\u00fa platformu.\u201d 18-palcov\u00fd basov\u00fd meni\u010d zais\u0165uje v\u00fdkonn\u00fd bas a skri\u0148a ur\u010den\u00e1 na in\u0161tal\u00e1ciu umo\u017e\u0148uje moduly nielen stohova\u0165, ale aj zavesi\u0165. Integrovan\u00e9 mont\u00e1\u017ene body a odn\u00edmate\u013en\u00e9 no\u017ei\u010dky zaru\u010duj\u00fa flexibilitu prisp\u00f4sobenia sa dispoz\u00edcii miestnosti a mont\u00e1\u017enym po\u017eiadavk\u00e1m. Univerz\u00e1lny dr\u017eiak na stat\u00edv je kompatibiln\u00fd so stat\u00edvmi s priemerom 35 mm, ako aj so stat\u00edvmi so z\u00e1vitom M20, \u010do v pr\u00edpade potreby umo\u017e\u0148uje bezpe\u010dn\u00fa mont\u00e1\u017e na hornej \u010dasti skrine.<\/p>\n\n\n\n<figure class=\"wp-block-image size-full\"><img loading=\"lazy\" decoding=\"async\" width=\"2000\" height=\"1125\" src=\"https:\/\/commercialaudio.pl\/wp-content\/uploads\/2026\/07\/commercial_audio_STS118E-WT_i_isoRightFacing_GrilleOff.avif\" alt=\"STS118E\" class=\"wp-image-12725\" srcset=\"https:\/\/commercialaudio.pl\/wp-content\/uploads\/2026\/07\/commercial_audio_STS118E-WT_i_isoRightFacing_GrilleOff.avif 2000w, https:\/\/commercialaudio.pl\/wp-content\/uploads\/2026\/07\/commercial_audio_STS118E-WT_i_isoRightFacing_GrilleOff-800x450.jpg 800w, https:\/\/commercialaudio.pl\/wp-content\/uploads\/2026\/07\/commercial_audio_STS118E-WT_i_isoRightFacing_GrilleOff-1920x1080.jpg 1920w, https:\/\/commercialaudio.pl\/wp-content\/uploads\/2026\/07\/commercial_audio_STS118E-WT_i_isoRightFacing_GrilleOff-768x432.jpg 768w, https:\/\/commercialaudio.pl\/wp-content\/uploads\/2026\/07\/commercial_audio_STS118E-WT_i_isoRightFacing_GrilleOff-1536x864.jpg 1536w, https:\/\/commercialaudio.pl\/wp-content\/uploads\/2026\/07\/commercial_audio_STS118E-WT_i_isoRightFacing_GrilleOff-18x10.jpg 18w, https:\/\/commercialaudio.pl\/wp-content\/uploads\/2026\/07\/commercial_audio_STS118E-WT_i_isoRightFacing_GrilleOff-1080x608.jpg 1080w, https:\/\/commercialaudio.pl\/wp-content\/uploads\/2026\/07\/commercial_audio_STS118E-WT_i_isoRightFacing_GrilleOff-1280x720.jpg 1280w, https:\/\/commercialaudio.pl\/wp-content\/uploads\/2026\/07\/commercial_audio_STS118E-WT_i_isoRightFacing_GrilleOff-980x551.jpg 980w, https:\/\/commercialaudio.pl\/wp-content\/uploads\/2026\/07\/commercial_audio_STS118E-WT_i_isoRightFacing_GrilleOff-480x270.jpg 480w, https:\/\/commercialaudio.pl\/wp-content\/uploads\/2026\/07\/commercial_audio_STS118E-WT_i_isoRightFacing_GrilleOff-300x169.jpg 300w, https:\/\/commercialaudio.pl\/wp-content\/uploads\/2026\/07\/commercial_audio_STS118E-WT_i_isoRightFacing_GrilleOff-600x338.jpg 600w, https:\/\/commercialaudio.pl\/wp-content\/uploads\/2026\/07\/commercial_audio_STS118E-WT_i_isoRightFacing_GrilleOff-64x36.jpg 64w\" sizes=\"(max-width: 2000px) 100vw, 2000px\" \/><\/figure>\n\n\n\n<p class=\"wp-block-paragraph\">Model ShowTime STS118E, navrhnut\u00fd pre pou\u017eitie v interi\u00e9ri aj exteri\u00e9ri budov, sa vyzna\u010duje kon\u0161trukciou s stup\u0148om ochrany IP55, ur\u010denou na pou\u017eitie v otvoren\u00fdch a \u010diasto\u010dne otvoren\u00fdch prostrediach. Kryt, dostupn\u00fd v \u010diernom alebo bielom vyhotoven\u00ed, harmonicky zapad\u00e1 do \u0161irokej \u0161k\u00e1ly architektonick\u00fdch a divadeln\u00fdch priestorov.<\/p>\n\n\n\n<figure class=\"wp-block-image size-full\"><img loading=\"lazy\" decoding=\"async\" width=\"2000\" height=\"1125\" src=\"https:\/\/commercialaudio.pl\/wp-content\/uploads\/2026\/07\/commercial_audio_STS118E-BK_i_isoRightFacing_PoleMount.avif\" alt=\"\" class=\"wp-image-12719\" srcset=\"https:\/\/commercialaudio.pl\/wp-content\/uploads\/2026\/07\/commercial_audio_STS118E-BK_i_isoRightFacing_PoleMount.avif 2000w, https:\/\/commercialaudio.pl\/wp-content\/uploads\/2026\/07\/commercial_audio_STS118E-BK_i_isoRightFacing_PoleMount-800x450.jpg 800w, https:\/\/commercialaudio.pl\/wp-content\/uploads\/2026\/07\/commercial_audio_STS118E-BK_i_isoRightFacing_PoleMount-1920x1080.jpg 1920w, https:\/\/commercialaudio.pl\/wp-content\/uploads\/2026\/07\/commercial_audio_STS118E-BK_i_isoRightFacing_PoleMount-768x432.jpg 768w, https:\/\/commercialaudio.pl\/wp-content\/uploads\/2026\/07\/commercial_audio_STS118E-BK_i_isoRightFacing_PoleMount-1536x864.jpg 1536w, https:\/\/commercialaudio.pl\/wp-content\/uploads\/2026\/07\/commercial_audio_STS118E-BK_i_isoRightFacing_PoleMount-18x10.jpg 18w, https:\/\/commercialaudio.pl\/wp-content\/uploads\/2026\/07\/commercial_audio_STS118E-BK_i_isoRightFacing_PoleMount-1080x608.jpg 1080w, https:\/\/commercialaudio.pl\/wp-content\/uploads\/2026\/07\/commercial_audio_STS118E-BK_i_isoRightFacing_PoleMount-1280x720.jpg 1280w, https:\/\/commercialaudio.pl\/wp-content\/uploads\/2026\/07\/commercial_audio_STS118E-BK_i_isoRightFacing_PoleMount-980x551.jpg 980w, https:\/\/commercialaudio.pl\/wp-content\/uploads\/2026\/07\/commercial_audio_STS118E-BK_i_isoRightFacing_PoleMount-480x270.jpg 480w, https:\/\/commercialaudio.pl\/wp-content\/uploads\/2026\/07\/commercial_audio_STS118E-BK_i_isoRightFacing_PoleMount-300x169.jpg 300w, https:\/\/commercialaudio.pl\/wp-content\/uploads\/2026\/07\/commercial_audio_STS118E-BK_i_isoRightFacing_PoleMount-600x338.jpg 600w, https:\/\/commercialaudio.pl\/wp-content\/uploads\/2026\/07\/commercial_audio_STS118E-BK_i_isoRightFacing_PoleMount-64x36.jpg 64w\" sizes=\"(max-width: 2000px) 100vw, 2000px\" \/><\/figure>\n\n\n\n<p class=\"wp-block-paragraph\">\u201eNa\u0161i z\u00e1kazn\u00edci a in\u0161talat\u00e9ri ur\u010dite ocenia skuto\u010dnos\u0165, \u017ee model STS118E bol od sam\u00e9ho za\u010diatku navrhnut\u00fd s oh\u013eadom na trval\u00e9 in\u0161tal\u00e1cie,\u201d povedal Shawn Watts, viceprezident pre predaj v Amerike v spolo\u010dnosti Bose Professional. \u201eOd kon\u0161trukcie s kryt\u00edm IP55 a integrovan\u00fdmi z\u00e1vesn\u00fdmi bodmi a\u017e po univerz\u00e1lny dr\u017eiak na st\u013apy a predv\u00eddate\u013en\u00fd zvuk v kombin\u00e1cii s modelmi AMU, AMM a Forum \u2013 ka\u017ed\u00fd detail bol navrhnut\u00fd tak, aby u\u013eah\u010dil v\u00fdber zariadenia, zabezpe\u010dil flexibilitu mont\u00e1\u017ee a zaru\u010dil spo\u013eahliv\u00fa prev\u00e1dzku.\u201d.<\/p>\n\n\n\n<p class=\"wp-block-paragraph\">Model ShowTime STS118E bude k dispoz\u00edcii od okt\u00f3bra 2026.<\/p>\n\n\n\n<hr class=\"wp-block-separator has-alpha-channel-opacity\"\/>\n\n\n\n<div class=\"wp-block-buttons is-content-justification-center is-layout-flex wp-container-core-buttons-is-layout-fe48e5de wp-block-buttons-is-layout-flex\">\n<div class=\"wp-block-button\"><a class=\"wp-block-button__link has-text-align-center wp-element-button\" href=\"https:\/\/commercialaudio.pl\/sk\/produkt\/subwoofer-bose-pro-showtime-sts118e\/\" target=\"_blank\" rel=\"noreferrer noopener\">Zozn\u00e1mte sa s modelom STS118E<\/a><\/div>\n<\/div>","protected":false},"excerpt":{"rendered":"<p>It&#8217;s ShowTime<\/p>","protected":false},"author":5,"featured_media":12762,"comment_status":"open","ping_status":"closed","sticky":false,"template":"","format":"standard","meta":{"_acf_changed":false,"_et_pb_use_builder":"off","_et_pb_old_content":"","_et_gb_content_width":"","inline_featured_image":false,"footnotes":""},"categories":[67],"tags":[],"class_list":["post-12706","post","type-post","status-publish","format-standard","has-post-thumbnail","hentry","category-aktualnosci-ssl-atc-clearcom-bose"],"acf":[],"_links":{"self":[{"href":"https:\/\/commercialaudio.pl\/sk\/wp-json\/wp\/v2\/posts\/12706","targetHints":{"allow":["GET"]}}],"collection":[{"href":"https:\/\/commercialaudio.pl\/sk\/wp-json\/wp\/v2\/posts"}],"about":[{"href":"https:\/\/commercialaudio.pl\/sk\/wp-json\/wp\/v2\/types\/post"}],"author":[{"embeddable":true,"href":"https:\/\/commercialaudio.pl\/sk\/wp-json\/wp\/v2\/users\/5"}],"replies":[{"embeddable":true,"href":"https:\/\/commercialaudio.pl\/sk\/wp-json\/wp\/v2\/comments?post=12706"}],"version-history":[{"count":13,"href":"https:\/\/commercialaudio.pl\/sk\/wp-json\/wp\/v2\/posts\/12706\/revisions"}],"predecessor-version":[{"id":12759,"href":"https:\/\/commercialaudio.pl\/sk\/wp-json\/wp\/v2\/posts\/12706\/revisions\/12759"}],"wp:featuredmedia":[{"embeddable":true,"href":"https:\/\/commercialaudio.pl\/sk\/wp-json\/wp\/v2\/media\/12762"}],"wp:attachment":[{"href":"https:\/\/commercialaudio.pl\/sk\/wp-json\/wp\/v2\/media?parent=12706"}],"wp:term":[{"taxonomy":"category","embeddable":true,"href":"https:\/\/commercialaudio.pl\/sk\/wp-json\/wp\/v2\/categories?post=12706"},{"taxonomy":"post_tag","embeddable":true,"href":"https:\/\/commercialaudio.pl\/sk\/wp-json\/wp\/v2\/tags?post=12706"}],"curies":[{"name":"wp","href":"https:\/\/api.w.org\/{rel}","templated":true}]}}