{"id":12850,"date":"2026-08-10T12:26:53","date_gmt":"2026-08-10T10:26:53","guid":{"rendered":"https:\/\/commercialaudio.pl\/?p=12850"},"modified":"2026-08-10T12:28:38","modified_gmt":"2026-08-10T10:28:38","slug":"glosniki-bose-professional-showtime-sk","status":"publish","type":"post","link":"https:\/\/commercialaudio.pl\/sk\/glosniki-bose-professional-showtime-sk\/","title":{"rendered":"Spolo\u010dnos\u0165 Bose Professional predstavuje s\u00e9riu ShowTime SK ur\u010den\u00fa pre z\u00e1bavn\u00e9 zariadenia"},"content":{"rendered":"<figure class=\"wp-block-image size-full\"><img loading=\"lazy\" decoding=\"async\" width=\"1910\" height=\"1000\" src=\"https:\/\/commercialaudio.pl\/wp-content\/uploads\/2026\/08\/Bose-Professional-ShowTime-SK-web.jpg\" alt=\"ShowTime\" class=\"wp-image-12853\" srcset=\"https:\/\/commercialaudio.pl\/wp-content\/uploads\/2026\/08\/Bose-Professional-ShowTime-SK-web.jpg 1910w, https:\/\/commercialaudio.pl\/wp-content\/uploads\/2026\/08\/Bose-Professional-ShowTime-SK-web-1280x670.jpg 1280w, https:\/\/commercialaudio.pl\/wp-content\/uploads\/2026\/08\/Bose-Professional-ShowTime-SK-web-980x513.jpg 980w, https:\/\/commercialaudio.pl\/wp-content\/uploads\/2026\/08\/Bose-Professional-ShowTime-SK-web-480x251.jpg 480w\" sizes=\"(min-width: 0px) and (max-width: 480px) 480px, (min-width: 481px) and (max-width: 980px) 980px, (min-width: 981px) and (max-width: 1280px) 1280px, (min-width: 1281px) 1910px, 100vw\" \/><\/figure>\n\n\n\n<hr class=\"wp-block-separator has-alpha-channel-opacity\"\/>\n\n\n\n<h2 class=\"wp-block-heading\">S\u00e9ria ShowTime SK, dostupn\u00e1 v prevedeniach 10\u2033 a 12\u2033, zais\u0165uje mohutn\u00fd a \u010dist\u00fd zvuk v priestoroch, kde hudba zohr\u00e1va k\u013e\u00fa\u010dov\u00fa \u00falohu.<\/h2>\n\n\n\n<hr class=\"wp-block-separator has-alpha-channel-opacity\"\/>\n\n\n\n<div class=\"wp-block-buttons is-content-justification-center is-layout-flex wp-container-core-buttons-is-layout-fe48e5de wp-block-buttons-is-layout-flex\">\n<div class=\"wp-block-button\"><a class=\"wp-block-button__link has-text-align-center wp-element-button\" href=\"https:\/\/commercialaudio.pl\/sk\/produkt\/glosnik-szerokopasmowy-bose-pro-sk10\/\" target=\"_blank\" rel=\"noreferrer noopener\">Zozn\u00e1mte sa s modelom SK10<\/a><\/div>\n\n\n\n<div class=\"wp-block-button\"><a class=\"wp-block-button__link has-text-align-center wp-element-button\" href=\"https:\/\/commercialaudio.pl\/sk\/produkt\/glosnik-szerokopasmowy-bose-pro-sk12\/\">Zozn\u00e1mte sa s modelom SK12<\/a><\/div>\n<\/div>\n\n\n\n<hr class=\"wp-block-separator has-alpha-channel-opacity\"\/>\n\n\n\n<p class=\"wp-block-paragraph\">Spolo\u010dnos\u0165 <a href=\"https:\/\/boseprofessional.com\/\" target=\"_blank\" rel=\"noreferrer noopener\">Bose Professional<\/a> predstavila pas\u00edvne \u0161irokop\u00e1smov\u00e9 reproduktory zo s\u00e9rie ShowTime SK. Modely SK10 s 10-palcov\u00fdm reproduktorom a SK12 s 12-palcov\u00fdm reproduktorom, navrhnut\u00e9 pre uzavret\u00e9 z\u00e1bavn\u00e9 priestory, poskytuj\u00fa v\u00fdkonn\u00fd zvuk Bose Professional v miestach pln\u00fdch \u017eivota \u2013 v baroch, kluboch, re\u0161taur\u00e1ci\u00e1ch \u010di zariadeniach typu KTV\/karaoke.<\/p>\n\n\n\n<figure class=\"wp-block-gallery has-nested-images columns-default is-cropped wp-block-gallery-1 is-layout-flex wp-block-gallery-is-layout-flex\">\n<figure class=\"wp-block-image size-large\"><img loading=\"lazy\" decoding=\"async\" width=\"1920\" height=\"1080\" data-id=\"12839\" src=\"https:\/\/commercialaudio.pl\/wp-content\/uploads\/2026\/08\/commercial_audio_ShowTime_i_Front-GrillOff-1920x1080.jpg\" alt=\"\" class=\"wp-image-12839\" srcset=\"https:\/\/commercialaudio.pl\/wp-content\/uploads\/2026\/08\/commercial_audio_ShowTime_i_Front-GrillOff-1920x1080.jpg 1920w, https:\/\/commercialaudio.pl\/wp-content\/uploads\/2026\/08\/commercial_audio_ShowTime_i_Front-GrillOff-1280x720.jpg 1280w, https:\/\/commercialaudio.pl\/wp-content\/uploads\/2026\/08\/commercial_audio_ShowTime_i_Front-GrillOff-980x551.jpg 980w, https:\/\/commercialaudio.pl\/wp-content\/uploads\/2026\/08\/commercial_audio_ShowTime_i_Front-GrillOff-480x270.jpg 480w\" sizes=\"(min-width: 0px) and (max-width: 480px) 480px, (min-width: 481px) and (max-width: 980px) 980px, (min-width: 981px) and (max-width: 1280px) 1280px, (min-width: 1281px) 1920px, 100vw\" \/><\/figure>\n\n\n\n<figure class=\"wp-block-image size-large\"><img loading=\"lazy\" decoding=\"async\" width=\"1920\" height=\"1080\" data-id=\"12823\" src=\"https:\/\/commercialaudio.pl\/wp-content\/uploads\/2026\/08\/commercial_audio_SK10_i_FrontFacing-GrilleOff-1920x1080.jpg\" alt=\"\" class=\"wp-image-12823\" srcset=\"https:\/\/commercialaudio.pl\/wp-content\/uploads\/2026\/08\/commercial_audio_SK10_i_FrontFacing-GrilleOff-1920x1080.jpg 1920w, https:\/\/commercialaudio.pl\/wp-content\/uploads\/2026\/08\/commercial_audio_SK10_i_FrontFacing-GrilleOff-1280x720.jpg 1280w, https:\/\/commercialaudio.pl\/wp-content\/uploads\/2026\/08\/commercial_audio_SK10_i_FrontFacing-GrilleOff-980x551.jpg 980w, https:\/\/commercialaudio.pl\/wp-content\/uploads\/2026\/08\/commercial_audio_SK10_i_FrontFacing-GrilleOff-480x270.jpg 480w\" sizes=\"(min-width: 0px) and (max-width: 480px) 480px, (min-width: 481px) and (max-width: 980px) 980px, (min-width: 981px) and (max-width: 1280px) 1280px, (min-width: 1281px) 1920px, 100vw\" \/><\/figure>\n<\/figure>\n\n\n\n<p class=\"wp-block-paragraph\">S\u00e9ria ShowTime SK sp\u00e1ja vysok\u00fd v\u00fdstupn\u00fd v\u00fdkon so selekt\u00edvnym zvukom, na ktor\u00fd sa spoliehaj\u00fa hudobn\u00e9 kluby, a jej zvukov\u00fd charakter bol \u0161peci\u00e1lne prisp\u00f4soben\u00fd pre z\u00e1bavn\u00e9 \u00fa\u010dely. Ka\u017ed\u00fd model kombinuje vysokov\u00fdkonn\u00fd basov\u00fd reproduktor s tlakov\u00fdm meni\u010dom Bose Professional EMB2S a kon\u0161trukciu so zadn\u00fdm portom, \u010do zais\u0165uje v\u00fdkonnos\u0165 v n\u00edzkych frekvenci\u00e1ch a vyv\u00e1\u017een\u00fd zvuk.<\/p>\n\n\n\n<figure class=\"wp-block-gallery has-nested-images columns-default is-cropped wp-block-gallery-2 is-layout-flex wp-block-gallery-is-layout-flex\">\n<figure class=\"wp-block-image size-large\"><img loading=\"lazy\" decoding=\"async\" width=\"1920\" height=\"1080\" data-id=\"12841\" src=\"https:\/\/commercialaudio.pl\/wp-content\/uploads\/2026\/08\/commercial_audio_ShowTime_i_IsoRightFacing-GrillOn-Dimensions-1920x1080.jpg\" alt=\"\" class=\"wp-image-12841\" srcset=\"https:\/\/commercialaudio.pl\/wp-content\/uploads\/2026\/08\/commercial_audio_ShowTime_i_IsoRightFacing-GrillOn-Dimensions-1920x1080.jpg 1920w, https:\/\/commercialaudio.pl\/wp-content\/uploads\/2026\/08\/commercial_audio_ShowTime_i_IsoRightFacing-GrillOn-Dimensions-1280x720.jpg 1280w, https:\/\/commercialaudio.pl\/wp-content\/uploads\/2026\/08\/commercial_audio_ShowTime_i_IsoRightFacing-GrillOn-Dimensions-980x551.jpg 980w, https:\/\/commercialaudio.pl\/wp-content\/uploads\/2026\/08\/commercial_audio_ShowTime_i_IsoRightFacing-GrillOn-Dimensions-480x270.jpg 480w\" sizes=\"(min-width: 0px) and (max-width: 480px) 480px, (min-width: 481px) and (max-width: 980px) 980px, (min-width: 981px) and (max-width: 1280px) 1280px, (min-width: 1281px) 1920px, 100vw\" \/><\/figure>\n\n\n\n<figure class=\"wp-block-image size-large\"><img loading=\"lazy\" decoding=\"async\" width=\"1920\" height=\"1080\" data-id=\"12827\" src=\"https:\/\/commercialaudio.pl\/wp-content\/uploads\/2026\/08\/commercial_audio_SK10_i_isoRightFacing-GrilleOn-Dims-1920x1080.jpg\" alt=\"\" class=\"wp-image-12827\" srcset=\"https:\/\/commercialaudio.pl\/wp-content\/uploads\/2026\/08\/commercial_audio_SK10_i_isoRightFacing-GrilleOn-Dims-1920x1080.jpg 1920w, https:\/\/commercialaudio.pl\/wp-content\/uploads\/2026\/08\/commercial_audio_SK10_i_isoRightFacing-GrilleOn-Dims-1280x720.jpg 1280w, https:\/\/commercialaudio.pl\/wp-content\/uploads\/2026\/08\/commercial_audio_SK10_i_isoRightFacing-GrilleOn-Dims-980x551.jpg 980w, https:\/\/commercialaudio.pl\/wp-content\/uploads\/2026\/08\/commercial_audio_SK10_i_isoRightFacing-GrilleOn-Dims-480x270.jpg 480w\" sizes=\"(min-width: 0px) and (max-width: 480px) 480px, (min-width: 481px) and (max-width: 980px) 980px, (min-width: 981px) and (max-width: 1280px) 1280px, (min-width: 1281px) 1920px, 100vw\" \/><\/figure>\n<\/figure>\n\n\n\n<p class=\"wp-block-paragraph\">\u201eZ\u00e1bavn\u00e9 zariadenia maj\u00fa najr\u00f4znej\u0161ie tvary a rozmery a ka\u017ed\u00e1 in\u0161tal\u00e1cia so sebou prin\u00e1\u0161a in\u00fd s\u00fabor projektov\u00fdch obmedzen\u00ed,\u201d povedal Hans Vereecken, viceprezident pre medzin\u00e1rodn\u00fd predaj v spolo\u010dnosti Bose Professional. \u201eNa\u0161i z\u00e1kazn\u00edci potrebuj\u00fa rie\u0161enia, ktor\u00e9 zabezpe\u010duj\u00fa rovnak\u00fd v\u00fdkon a zvuk bez oh\u013eadu na priestor, a modely ShowTime SK10 a SK12 poskytuj\u00fa integr\u00e1torom flexibilitu potrebn\u00fa na navrhovanie syst\u00e9mov prisp\u00f4soben\u00fdch konkr\u00e9tnym priestorom, pri\u010dom zachov\u00e1vaj\u00fa v\u00fdstupn\u00fd v\u00fdkon, n\u00edzke skreslenie a konzistentn\u00fd zvuk, ktor\u00e9 charakterizuj\u00fa s\u00e9riu ShowTime SK.\u201d.<\/p>\n\n\n\n<figure class=\"wp-block-image size-large\"><img loading=\"lazy\" decoding=\"async\" width=\"1920\" height=\"1080\" src=\"https:\/\/commercialaudio.pl\/wp-content\/uploads\/2026\/08\/commercial_audio_SK10_i_rightFacing-PanTilt-1920x1080.jpg\" alt=\"\" class=\"wp-image-12833\" srcset=\"https:\/\/commercialaudio.pl\/wp-content\/uploads\/2026\/08\/commercial_audio_SK10_i_rightFacing-PanTilt-1920x1080.jpg 1920w, https:\/\/commercialaudio.pl\/wp-content\/uploads\/2026\/08\/commercial_audio_SK10_i_rightFacing-PanTilt-1280x720.jpg 1280w, https:\/\/commercialaudio.pl\/wp-content\/uploads\/2026\/08\/commercial_audio_SK10_i_rightFacing-PanTilt-980x551.jpg 980w, https:\/\/commercialaudio.pl\/wp-content\/uploads\/2026\/08\/commercial_audio_SK10_i_rightFacing-PanTilt-480x270.jpg 480w\" sizes=\"(min-width: 0px) and (max-width: 480px) 480px, (min-width: 481px) and (max-width: 980px) 980px, (min-width: 981px) and (max-width: 1280px) 1280px, (min-width: 1281px) 1920px, 100vw\" \/><\/figure>\n\n\n\n<p class=\"wp-block-paragraph\">S\u00e9ria ShowTime SK bola navrhnut\u00e1 s oh\u013eadom na integr\u00e1torov. Dva vstupn\u00e9 a priechodn\u00e9 konektory Neutrik speakON NL4MP umo\u017e\u0148uj\u00fa r\u00fdchle pripojenie zosil\u0148ova\u010da a jednoduch\u00e9 s\u00e9riov\u00e9 zapojenie; z\u00e1vitov\u00e9 z\u00e1suvky M8 umo\u017e\u0148uj\u00fa vertik\u00e1lnu alebo horizont\u00e1lnu mont\u00e1\u017e; a oto\u010dn\u00e1 trubica s uhlom 90\u00b0 \u00d7 60\u00b0 umo\u017e\u0148uje integr\u00e1torom prisp\u00f4sobi\u0165 pokrytie syst\u00e9mu konkr\u00e9tnej \u010dasti miestnosti. Volite\u013en\u00e9 pr\u00edslu\u0161enstvo pre mont\u00e1\u017e na stat\u00edv a s funkciou ot\u00e1\u010dania a nakl\u00e1pania zvy\u0161uje flexibilitu tak v pevn\u00fdch, ako aj v prenosn\u00fdch in\u0161tal\u00e1ci\u00e1ch. Model SK12 poskytuje maxim\u00e1lny v\u00fdstupn\u00fd v\u00fdkon vo v\u00e4\u010d\u0161\u00edch priestoroch, zatia\u013e \u010do model SK10 sa vyzna\u010duje kompaktnej\u0161\u00edmi rozmermi, \u010do je d\u00f4le\u017eit\u00e9 v miestach s obmedzen\u00fdm priestorom.<\/p>\n\n\n\n<figure class=\"wp-block-image size-large\"><img loading=\"lazy\" decoding=\"async\" width=\"1920\" height=\"1080\" src=\"https:\/\/commercialaudio.pl\/wp-content\/uploads\/2026\/08\/commercial_audio_SK10_i_rightFacing-PanTiltOnly-1920x1080.jpg\" alt=\"\" class=\"wp-image-12834\" srcset=\"https:\/\/commercialaudio.pl\/wp-content\/uploads\/2026\/08\/commercial_audio_SK10_i_rightFacing-PanTiltOnly-1920x1080.jpg 1920w, https:\/\/commercialaudio.pl\/wp-content\/uploads\/2026\/08\/commercial_audio_SK10_i_rightFacing-PanTiltOnly-1280x720.jpg 1280w, https:\/\/commercialaudio.pl\/wp-content\/uploads\/2026\/08\/commercial_audio_SK10_i_rightFacing-PanTiltOnly-980x551.jpg 980w, https:\/\/commercialaudio.pl\/wp-content\/uploads\/2026\/08\/commercial_audio_SK10_i_rightFacing-PanTiltOnly-480x270.jpg 480w\" sizes=\"(min-width: 0px) and (max-width: 480px) 480px, (min-width: 481px) and (max-width: 980px) 980px, (min-width: 981px) and (max-width: 1280px) 1280px, (min-width: 1281px) 1920px, 100vw\" \/><\/figure>\n\n\n\n<p class=\"wp-block-paragraph\">S\u00e9ria SK je najnov\u0161\u00edm pr\u00edrastkom do neust\u00e1le sa rozrastaj\u00facej rodiny reproduktorov ShowTime, vytvorenej s oh\u013eadom na z\u00e1bavn\u00e9 a p\u00f3diov\u00e9 pou\u017eitie, ku ktorej patr\u00ed aj model ShowTime STS118E \u2013 pas\u00edvny 18-palcov\u00fd in\u0161tala\u010dn\u00fd subwoofer prisp\u00f4soben\u00fd na vonkaj\u0161ie pou\u017eitie. Model STS118E podporuje vysokov\u00fdkonn\u00e9 reproduktorov\u00e9 syst\u00e9my, ako s\u00fa AMU, AMM a Forum, pri\u010dom zais\u0165uje vysok\u00fa \u00fa\u010dinnos\u0165 v n\u00edzkych frekvenci\u00e1ch, ktor\u00e1 je nevyhnutn\u00e1 v priestoroch ur\u010den\u00fdch na p\u00f3diov\u00e9 vyst\u00fapenia, a navy\u0161e je praktick\u00fd pri v\u00fdbere, mont\u00e1\u017ei a integr\u00e1cii do st\u00e1lych syst\u00e9mov.<\/p>\n\n\n\n<div class=\"wp-block-buttons is-content-justification-center is-layout-flex wp-container-core-buttons-is-layout-fe48e5de wp-block-buttons-is-layout-flex\">\n<div class=\"wp-block-button\"><a class=\"wp-block-button__link has-text-align-center wp-element-button\" href=\"https:\/\/commercialaudio.pl\/sk\/produkt\/glosnik-szerokopasmowy-bose-pro-sk10\/\" target=\"_blank\" rel=\"noreferrer noopener\">Zozn\u00e1mte sa s modelom SK10<\/a><\/div>\n\n\n\n<div class=\"wp-block-button\"><a class=\"wp-block-button__link has-text-align-center wp-element-button\" href=\"https:\/\/commercialaudio.pl\/sk\/produkt\/glosnik-szerokopasmowy-bose-pro-sk12\/\">Zozn\u00e1mte sa s modelom SK12<\/a><\/div>\n<\/div>\n\n\n\n<p class=\"wp-block-paragraph\"><\/p>","protected":false},"excerpt":{"rendered":"<p>Seria ShowTime SK, dost\u0119pna w wersjach 10&#8243; i 12&#8243;, zapewnia pot\u0119\u017cny i klarowny d\u017awi\u0119k w miejscach gdzie muzyka odgrywa kluczow\u0105 rol\u0119. Firma Bose Professional zaprezentowa\u0142a pasywne g\u0142o\u015bniki szerokopasmowe z serii ShowTime SK. Modele SK10 z 10-calowym g\u0142o\u015bnikiem i SK12 z 12-calowym g\u0142o\u015bnikiem, zaprojektowane z my\u015bl\u0105 o zamkni\u0119tych obiektach rozrywkowych, zapewniaj\u0105 pot\u0119\u017cny d\u017awi\u0119k Bose Professional w [&hellip;]<\/p>\n","protected":false},"author":5,"featured_media":12853,"comment_status":"open","ping_status":"closed","sticky":false,"template":"","format":"standard","meta":{"_acf_changed":false,"_et_pb_use_builder":"off","_et_pb_old_content":"","_et_gb_content_width":"","inline_featured_image":false,"footnotes":""},"categories":[67],"tags":[],"class_list":["post-12850","post","type-post","status-publish","format-standard","has-post-thumbnail","hentry","category-aktualnosci-ssl-atc-clearcom-bose"],"acf":[],"_links":{"self":[{"href":"https:\/\/commercialaudio.pl\/sk\/wp-json\/wp\/v2\/posts\/12850","targetHints":{"allow":["GET"]}}],"collection":[{"href":"https:\/\/commercialaudio.pl\/sk\/wp-json\/wp\/v2\/posts"}],"about":[{"href":"https:\/\/commercialaudio.pl\/sk\/wp-json\/wp\/v2\/types\/post"}],"author":[{"embeddable":true,"href":"https:\/\/commercialaudio.pl\/sk\/wp-json\/wp\/v2\/users\/5"}],"replies":[{"embeddable":true,"href":"https:\/\/commercialaudio.pl\/sk\/wp-json\/wp\/v2\/comments?post=12850"}],"version-history":[{"count":4,"href":"https:\/\/commercialaudio.pl\/sk\/wp-json\/wp\/v2\/posts\/12850\/revisions"}],"predecessor-version":[{"id":12856,"href":"https:\/\/commercialaudio.pl\/sk\/wp-json\/wp\/v2\/posts\/12850\/revisions\/12856"}],"wp:featuredmedia":[{"embeddable":true,"href":"https:\/\/commercialaudio.pl\/sk\/wp-json\/wp\/v2\/media\/12853"}],"wp:attachment":[{"href":"https:\/\/commercialaudio.pl\/sk\/wp-json\/wp\/v2\/media?parent=12850"}],"wp:term":[{"taxonomy":"category","embeddable":true,"href":"https:\/\/commercialaudio.pl\/sk\/wp-json\/wp\/v2\/categories?post=12850"},{"taxonomy":"post_tag","embeddable":true,"href":"https:\/\/commercialaudio.pl\/sk\/wp-json\/wp\/v2\/tags?post=12850"}],"curies":[{"name":"wp","href":"https:\/\/api.w.org\/{rel}","templated":true}]}}