{"id":2127,"date":"2021-04-28T22:51:22","date_gmt":"2021-04-28T20:51:22","guid":{"rendered":"https:\/\/commercialaudio.pl\/?p=2127"},"modified":"2021-04-28T22:53:49","modified_gmt":"2021-04-28T20:53:49","slug":"nowa-seria-bose-amm","status":"publish","type":"post","link":"https:\/\/commercialaudio.pl\/sk\/nowa-seria-bose-amm\/","title":{"rendered":"Nov\u00fd rad Bose AMM"},"content":{"rendered":"<p class=\"has-drop-cap wp-block-paragraph\">Spolo\u010dnos\u0165 Bose Professional roz\u0161iruje svoju ponuku ozvu\u010dovac\u00edch syst\u00e9mov o s\u00e9riu AMM. V\u00fdrobca definuje tento nov\u00fd produkt ako viac\u00fa\u010delov\u00e9 roz\u0161\u00edrenie najv\u00e4\u010d\u0161ieho syst\u00e9mu ArenaMatch. S\u00e9ria AMM \u2013 spolu s reproduktormi s\u00e9rie AMU, ktor\u00e9 s\u00fa v ponuke u\u017e dlh\u0161\u00ed \u010das \u2013 tvor\u00ed kompletn\u00e9 doplnenie vlajkovej lode line\u00e1rnych syst\u00e9mov spolo\u010dnosti Bose.S\u00e9riu AMM tvoria tri reproduktory: \u0161irokop\u00e1smov\u00e9 modely AMM108 a AMM112, ktor\u00e9 ako prv\u00e9 v ponuke spolo\u010dnosti BOSE m\u00f4\u017eu fungova\u0165 ako&nbsp;<strong>podlahov\u00e9 p\u00f3diov\u00e9 monitory (wedge)&nbsp;<\/strong>a subwoofer AMS115. Ich kon\u0161trukcia a zvuk boli vyladen\u00e9 tak, aby boli kompatibiln\u00e9 so s\u00e9riami AM a AMU.<\/p>\n\n\n\n<div style=\"height:20px\" aria-hidden=\"true\" class=\"wp-block-spacer\"><\/div>\n\n\n\n<h2 class=\"wp-block-heading\">AMS115<\/h2>\n\n\n\n<div style=\"height:20px\" aria-hidden=\"true\" class=\"wp-block-spacer\"><\/div>\n\n\n\n<p class=\"wp-block-paragraph\">Multifunk\u010dn\u00fd pas\u00edvny subwoofer postaven\u00fd na 15-palcovom meni\u010dovi s menovitou impedanciou 8 \u03a9. Pon\u00faka frekven\u010dn\u00fd rozsah 40 Hz \u2013 100 Hz (-3 dB). Pri v\u00fdkone 500 W dosahuje hladinu akustick\u00e9ho tlaku 90 dB SPL vo vo\u013enom priestore. V\u010faka n\u00edzkej hmotnosti (28 kg) a vynikaj\u00facim parametrom je ide\u00e1lny pre pou\u017eitie v mnoh\u00fdch aplik\u00e1ci\u00e1ch:<\/p>\n\n\n\n<div class=\"wp-block-columns is-layout-flex wp-container-core-columns-is-layout-8f761849 wp-block-columns-is-layout-flex\">\n<div class=\"wp-block-column is-layout-flow wp-block-column-is-layout-flow\">\n<ul class=\"wp-block-list\"><li>do\u010dasn\u00e9 in\u0161tal\u00e1cie \u2013 ako basov\u00fd prvok mobiln\u00e9ho syst\u00e9mu v kombin\u00e1cii s modelmi AMM108 alebo AMM112 (montovan\u00e9 na st\u013apiku v integrovanom z\u00e1vite M20)<\/li><li>pou\u017eitie na p\u00f3diu \u2013 ako basov\u00fd prvok plnofrekven\u010dn\u00e9ho p\u00f3diov\u00e9ho sidefill syst\u00e9mu v kombin\u00e1cii s modelmi AMM108 alebo AMM112<\/li><li>trval\u00e1 in\u0161tal\u00e1cia \u2013 ako basov\u00fd modul ur\u010den\u00fd na postavenie alebo zavesenie pomocou okov\u00fdch \u00fachytov pripevnen\u00fdch do z\u00e1vitov\u00fdch otvorov M10<\/li><\/ul>\n<\/div>\n\n\n\n<div class=\"wp-block-column is-layout-flow wp-block-column-is-layout-flow\">\n<figure class=\"wp-block-image size-large\"><img loading=\"lazy\" decoding=\"async\" width=\"1024\" height=\"683\" src=\"https:\/\/commercialaudio.pl\/wp-content\/uploads\/2021\/04\/commercial-audio-bose-professional-amms115-1024x683.jpg\" alt=\"\" class=\"wp-image-2128\" srcset=\"https:\/\/commercialaudio.pl\/wp-content\/uploads\/2021\/04\/commercial-audio-bose-professional-amms115-1024x683.jpg 1024w, https:\/\/commercialaudio.pl\/wp-content\/uploads\/2021\/04\/commercial-audio-bose-professional-amms115-980x654.jpg 980w, https:\/\/commercialaudio.pl\/wp-content\/uploads\/2021\/04\/commercial-audio-bose-professional-amms115-480x320.jpg 480w\" sizes=\"(min-width: 0px) and (max-width: 480px) 480px, (min-width: 481px) and (max-width: 980px) 980px, (min-width: 981px) 1024px, 100vw\" \/><\/figure>\n<\/div>\n<\/div>\n\n\n\n<h2 class=\"wp-block-heading\">AMM108<\/h2>\n\n\n\n<div style=\"height:20px\" aria-hidden=\"true\" class=\"wp-block-spacer\"><\/div>\n\n\n\n<p class=\"wp-block-paragraph\">Multifunk\u010dn\u00fd pas\u00edvny \u0161irokop\u00e1smov\u00fd dvojcestn\u00fd reproduktor s koaxi\u00e1lne namontovan\u00fdm 8\u2033 basov\u00fdm reproduktorom a 1,7\u2033 meni\u010dom s menovitou impedanciou 8 \u03a9. Jeho frekven\u010dn\u00fd rozsah sa pohybuje v rozmedz\u00ed 88 Hz \u2013 17 kHz (-3 dB). Pri v\u00fdkone 150 W generuje 94 dB SPL. Uhly vy\u017earovania modelu AMM108 s\u00fa 110\u00b0H x 60\u00b0V. V\u010faka pou\u017eitiu unik\u00e1tnej technol\u00f3gie prisp\u00f4sobenia vlnovodu sta\u010d\u00ed na zmenu uhlov iba oto\u010di\u0165 reproduktor, bez nutnosti rozobratia a z\u00e1sahu do kon\u0161trukcie. <\/p>\n\n\n\n<div style=\"height:20px\" aria-hidden=\"true\" class=\"wp-block-spacer\"><\/div>\n\n\n\n<div class=\"wp-block-columns is-layout-flex wp-container-core-columns-is-layout-8f761849 wp-block-columns-is-layout-flex\">\n<div class=\"wp-block-column is-layout-flow wp-block-column-is-layout-flow\">\n<p class=\"wp-block-paragraph\">Model AMM108 je vybaven\u00fd tromi tov\u00e1rensk\u00fdmi sadami predvolieb pre zosil\u0148ova\u010de PowerMatch na prev\u00e1dzku v nasleduj\u00facich konfigur\u00e1ci\u00e1ch:<\/p>\n\n\n\n<ul class=\"wp-block-list\"><li>podlahov\u00fd sc\u00e9nick\u00fd monitor<\/li><li>v\u00fd\u0161kov\u00fd reproduktor mobilnej s\u00fapravy spolu so subwooferom AMS115<\/li><li>plnofrekven\u010dn\u00fd predn\u00fd reproduktor<\/li><\/ul>\n\n\n\n<p class=\"wp-block-paragraph\">AMM108 je mal\u00fd, elegantn\u00fd reproduktor, ktor\u00fd sa v\u00fdborne osved\u010d\u00ed nielen ako mal\u00fd monitor, ale aj ako diskr\u00e9tny ozvu\u010dovac\u00ed syst\u00e9m, frontfill alebo bodov\u00fd zdroj v z\u00f3novom syst\u00e9me pevnej in\u0161tal\u00e1cie.<\/p>\n<\/div>\n\n\n\n<div class=\"wp-block-column is-layout-flow wp-block-column-is-layout-flow\">\n<figure class=\"wp-block-image size-large\"><img loading=\"lazy\" decoding=\"async\" width=\"1024\" height=\"683\" src=\"https:\/\/commercialaudio.pl\/wp-content\/uploads\/2021\/04\/commercial-audio-bose-professional-amm8-1024x683.jpg\" alt=\"\" class=\"wp-image-2130\" srcset=\"https:\/\/commercialaudio.pl\/wp-content\/uploads\/2021\/04\/commercial-audio-bose-professional-amm8-1024x683.jpg 1024w, https:\/\/commercialaudio.pl\/wp-content\/uploads\/2021\/04\/commercial-audio-bose-professional-amm8-980x654.jpg 980w, https:\/\/commercialaudio.pl\/wp-content\/uploads\/2021\/04\/commercial-audio-bose-professional-amm8-480x320.jpg 480w\" sizes=\"(min-width: 0px) and (max-width: 480px) 480px, (min-width: 481px) and (max-width: 980px) 980px, (min-width: 981px) 1024px, 100vw\" \/><\/figure>\n\n\n\n<p class=\"wp-block-paragraph\"><\/p>\n<\/div>\n<\/div>\n\n\n\n<h2 class=\"wp-block-heading\">AMM112<\/h2>\n\n\n\n<div style=\"height:20px\" aria-hidden=\"true\" class=\"wp-block-spacer\"><\/div>\n\n\n\n<p class=\"wp-block-paragraph\">AMM112 je \u201estar\u0161\u00ed brat\u201d modelu AMM108. 12-palcov\u00fd basov\u00fd reproduktor spolu s koaxi\u00e1lne namontovan\u00fdm 3-palcov\u00fdm meni\u010dom poskytuje frekven\u010dn\u00fd rozsah 70 Hz \u2013 18 kHz. Ide o kon\u0161trukciu, ktor\u00fa je mo\u017en\u00e9 nap\u00e1ja\u0165 pas\u00edvne alebo v re\u017eime bi-amp. Pri trvalom v\u00fdkone 300 W pon\u00faka v priemere 96 dB SPL (131 dB \u0161pi\u010dkov\u00fd). Podobne ako model AMM108 m\u00e1 uhly vy\u017earovania 110\u00b0H x 60\u00b0V. Aj tu bola pou\u017eit\u00e1 technol\u00f3gia prisp\u00f4sobenia vlnovodu.<\/p>\n\n\n\n<div style=\"height:20px\" aria-hidden=\"true\" class=\"wp-block-spacer\"><\/div>\n\n\n\n<div class=\"wp-block-columns is-layout-flex wp-container-core-columns-is-layout-8f761849 wp-block-columns-is-layout-flex\">\n<div class=\"wp-block-column is-layout-flow wp-block-column-is-layout-flow\">\n<p class=\"wp-block-paragraph\">Model AMM112 je tie\u017e vybaven\u00fd tromi tov\u00e1rensk\u00fdmi sadami predvolieb pre zosil\u0148ova\u010de PowerMatch na prev\u00e1dzku v nasleduj\u00facich konfigur\u00e1ci\u00e1ch:<\/p>\n\n\n\n<ul class=\"wp-block-list\"><li>podlahov\u00fd sc\u00e9nick\u00fd monitor<\/li><li>v\u00fd\u0161kov\u00fd reproduktor mobilnej s\u00fapravy spolu so subwooferom AMS115<\/li><li>plnofrekven\u010dn\u00fd predn\u00fd reproduktor<\/li><\/ul>\n\n\n\n<p class=\"wp-block-paragraph\">AMM112 je predov\u0161etk\u00fdm plnohodnotn\u00fd, v\u00fdkonn\u00fd p\u00f3diov\u00fd monitor s bi-ampov\u00fdm nap\u00e1jan\u00edm. V\u00fdborne sa hod\u00ed aj ako mobiln\u00fd ozvu\u010dovac\u00ed syst\u00e9m alebo ako bodov\u00fd zdroj v st\u00e1lom ozvu\u010den\u00ed. Skvele sa osved\u010d\u00ed aj ako sidefill v kombin\u00e1cii s AMS115.<\/p>\n<\/div>\n\n\n\n<div class=\"wp-block-column is-layout-flow wp-block-column-is-layout-flow\">\n<figure class=\"wp-block-image size-large\"><img loading=\"lazy\" decoding=\"async\" width=\"1024\" height=\"683\" src=\"https:\/\/commercialaudio.pl\/wp-content\/uploads\/2021\/04\/commercial-audio-bose-professional-amm12-1024x683.jpg\" alt=\"\" class=\"wp-image-2132\" srcset=\"https:\/\/commercialaudio.pl\/wp-content\/uploads\/2021\/04\/commercial-audio-bose-professional-amm12-1024x683.jpg 1024w, https:\/\/commercialaudio.pl\/wp-content\/uploads\/2021\/04\/commercial-audio-bose-professional-amm12-980x654.jpg 980w, https:\/\/commercialaudio.pl\/wp-content\/uploads\/2021\/04\/commercial-audio-bose-professional-amm12-480x320.jpg 480w\" sizes=\"(min-width: 0px) and (max-width: 480px) 480px, (min-width: 481px) and (max-width: 980px) 980px, (min-width: 981px) 1024px, 100vw\" \/><\/figure>\n<\/div>\n<\/div>","protected":false},"excerpt":{"rendered":"<p>Bose Professional wprowadza do oferty system\u00f3w nag\u0142o\u015bnieniowych seri\u0119 AMM. Producent definiuje nowy produkt jako wielozadaniowe rozszerzenie najwi\u0119kszego systemu&nbsp; ArenaMatch. AMM \u2013&nbsp; wraz z b\u0119d\u0105cymi od d\u0142u\u017cszego czasu w ofercie g\u0142o\u015bnikami serii AMU tworzy kompletne dope\u0142nienie flagowego systemu liniowego Bose.Seri\u0119 AMM tworz\u0105 trzy g\u0142o\u015bniki: pe\u0142nopasmowe AMM108 i AMM112 , kt\u00f3re jako&nbsp;pierwsze w ofercie BOSE mog\u0105 pracowa\u0107 [&hellip;]<\/p>\n","protected":false},"author":10,"featured_media":2134,"comment_status":"open","ping_status":"closed","sticky":false,"template":"","format":"standard","meta":{"_acf_changed":false,"_et_pb_use_builder":"off","_et_pb_old_content":"","_et_gb_content_width":"","inline_featured_image":false,"footnotes":""},"categories":[67],"tags":[],"class_list":["post-2127","post","type-post","status-publish","format-standard","has-post-thumbnail","hentry","category-aktualnosci-ssl-atc-clearcom-bose"],"acf":[],"_links":{"self":[{"href":"https:\/\/commercialaudio.pl\/sk\/wp-json\/wp\/v2\/posts\/2127","targetHints":{"allow":["GET"]}}],"collection":[{"href":"https:\/\/commercialaudio.pl\/sk\/wp-json\/wp\/v2\/posts"}],"about":[{"href":"https:\/\/commercialaudio.pl\/sk\/wp-json\/wp\/v2\/types\/post"}],"author":[{"embeddable":true,"href":"https:\/\/commercialaudio.pl\/sk\/wp-json\/wp\/v2\/users\/10"}],"replies":[{"embeddable":true,"href":"https:\/\/commercialaudio.pl\/sk\/wp-json\/wp\/v2\/comments?post=2127"}],"version-history":[{"count":0,"href":"https:\/\/commercialaudio.pl\/sk\/wp-json\/wp\/v2\/posts\/2127\/revisions"}],"wp:featuredmedia":[{"embeddable":true,"href":"https:\/\/commercialaudio.pl\/sk\/wp-json\/wp\/v2\/media\/2134"}],"wp:attachment":[{"href":"https:\/\/commercialaudio.pl\/sk\/wp-json\/wp\/v2\/media?parent=2127"}],"wp:term":[{"taxonomy":"category","embeddable":true,"href":"https:\/\/commercialaudio.pl\/sk\/wp-json\/wp\/v2\/categories?post=2127"},{"taxonomy":"post_tag","embeddable":true,"href":"https:\/\/commercialaudio.pl\/sk\/wp-json\/wp\/v2\/tags?post=2127"}],"curies":[{"name":"wp","href":"https:\/\/api.w.org\/{rel}","templated":true}]}}