{"id":5828,"date":"2023-04-18T18:50:05","date_gmt":"2023-04-18T16:50:05","guid":{"rendered":"https:\/\/commercialaudio.pl\/?p=5828"},"modified":"2023-09-13T23:08:38","modified_gmt":"2023-09-13T21:08:38","slug":"videobar-s-certifikaciou-timov-microsoft","status":"publish","type":"post","link":"https:\/\/commercialaudio.pl\/sk\/videobar-z-certyfikatem-microsoft-teams\/","title":{"rendered":"Videobar Bose Professional VB-S s certifik\u00e1ciou Microsoft Teams"},"content":{"rendered":"<h2 class=\"wp-block-heading has-text-align-center\"><strong>S pote\u0161en\u00edm oznamujeme, \u017ee videobar Bose Professional VB-S bol certifikovan\u00fd pre Microsoft Teams.<\/strong><\/h2>\n\n\n\n<figure class=\"wp-block-image size-large\"><img loading=\"lazy\" decoding=\"async\" width=\"1024\" height=\"576\" src=\"https:\/\/commercialaudio.pl\/wp-content\/uploads\/2022\/12\/VB-S_I-Studio_FrontElevation_WithOutStand_1920x1080-1024x576.jpg\" alt=\"videobar\" class=\"wp-image-4438\" srcset=\"https:\/\/commercialaudio.pl\/wp-content\/uploads\/2022\/12\/VB-S_I-Studio_FrontElevation_WithOutStand_1920x1080-980x551.jpg 980w, https:\/\/commercialaudio.pl\/wp-content\/uploads\/2022\/12\/VB-S_I-Studio_FrontElevation_WithOutStand_1920x1080-480x270.jpg 480w\" sizes=\"(min-width: 0px) and (max-width: 480px) 480px, (min-width: 481px) and (max-width: 980px) 980px, (min-width: 981px) 1024px, 100vw\" \/><\/figure>\n\n\n\n<h3 class=\"wp-block-heading has-text-align-center\">Odteraz m\u00f4\u017eu \u00fa\u010dastn\u00edci videokonferenci\u00ed na platforme <a href=\"https:\/\/www.microsoft.com\/pl-pl\/microsoft-teams\/log-in\" target=\"_blank\" rel=\"noreferrer noopener\">T\u00edmy<\/a> si budete m\u00f4c\u0165 vychutna\u0165 e\u0161te lep\u0161iu kvalitu zvuku a obrazu. <\/h3>\n\n\n\n<figure class=\"wp-block-image size-full\"><img loading=\"lazy\" decoding=\"async\" width=\"1024\" height=\"576\" src=\"https:\/\/commercialaudio.pl\/wp-content\/uploads\/2023\/09\/image.jpeg\" alt=\"Obr\u00e1zok m\u00e1 pr\u00e1zdny atrib\u00fat alt; n\u00e1zov s\u00faboru je VB-S_I-Studio_LeftFacing_GrilleSeeThru_1920x1080-1024x576.jpg\" class=\"wp-image-6260\" srcset=\"https:\/\/commercialaudio.pl\/wp-content\/uploads\/2023\/09\/image.jpeg 1024w, https:\/\/commercialaudio.pl\/wp-content\/uploads\/2023\/09\/image-980x551.jpeg 980w, https:\/\/commercialaudio.pl\/wp-content\/uploads\/2023\/09\/image-480x270.jpeg 480w\" sizes=\"(min-width: 0px) and (max-width: 480px) 480px, (min-width: 481px) and (max-width: 980px) 980px, (min-width: 981px) 1024px, 100vw\" \/><\/figure>\n\n\n\n<p class=\"has-text-align-center wp-block-paragraph\"><a href=\"https:\/\/commercialaudio.pl\/sk\/produkt\/videobar-vb-s\/\" target=\"_blank\" rel=\"noreferrer noopener\">Bose Videobar\u2122 VB-S<\/a> je ide\u00e1lnym komplexn\u00fdm videokonferen\u010dn\u00fdm rie\u0161en\u00edm pre miestnos\u0165 s rozmermi 3x3 m. Jeho in\u0161tal\u00e1cia je hra\u010dka a funk\u010dnos\u0165, ktor\u00fa pon\u00faka, je p\u00f4sobiv\u00e1. V kompaktnom a elegantnom puzdre VB-S n\u00e1jdete kameru s rozl\u00ed\u0161en\u00edm 4K UHD, s\u00fastavu \u0161tyroch mikrof\u00f3nov a reproduktor, v\u0161etko v najvy\u0161\u0161ej kvalite Bose. Sple\u0165 k\u00e1blov? V\u00f4bec nie! Teraz v\u00e1m sta\u010d\u00ed jedin\u00fd k\u00e1bel USB-C.<\/p>\n\n\n\n<p class=\"wp-block-paragraph\"> <\/p>\n\n\n\n<div class=\"wp-block-buttons is-content-justification-center is-layout-flex wp-container-core-buttons-is-layout-fe48e5de wp-block-buttons-is-layout-flex\">\n<div class=\"wp-block-button\"><a class=\"wp-block-button__link wp-element-button\" href=\"https:\/\/commercialaudio.pl\/sk\/produkt\/videobar-vb-s\/\" target=\"_blank\" rel=\"noreferrer noopener\">Zozn\u00e1mte sa s VB-S<\/a><\/div>\n<\/div>","protected":false},"excerpt":{"rendered":"<p>Z nieskrywan\u0105 przyjemno\u015bci\u0105 pragniemy poinformowa\u0107, \u017ce Videobar Bose Professional VB-S uzyska\u0142 certyfikat Microsoft Teams. Od tej chwili uczestnicy wideokonferencji na platformie Teams b\u0119d\u0105 mogli si\u0119 cieszy\u0107 jeszcze lepsz\u0105 jako\u015bci\u0105 d\u017awi\u0119ku i obrazu. Bose Videobar\u2122 VB-S to idealne rozwi\u0105zanie wideokonferencyjne all-in-one dla pomieszcze\u0144 o wymiarach 3x3m. Jego instalacja jest dziecinnie prosta, a funkcjonalno\u015b\u0107 jak\u0105 oferuje robi [&hellip;]<\/p>\n","protected":false},"author":5,"featured_media":5829,"comment_status":"open","ping_status":"closed","sticky":false,"template":"","format":"standard","meta":{"_acf_changed":false,"_et_pb_use_builder":"off","_et_pb_old_content":"","_et_gb_content_width":"","inline_featured_image":false,"footnotes":""},"categories":[67],"tags":[87,177,100,176,174,88,175],"class_list":["post-5828","post","type-post","status-publish","format-standard","has-post-thumbnail","hentry","category-aktualnosci-ssl-atc-clearcom-bose","tag-bose-professional","tag-certyfikat","tag-dzwiek","tag-microsoft-teams","tag-obraz","tag-videobar","tag-wideokonferencja"],"acf":[],"_links":{"self":[{"href":"https:\/\/commercialaudio.pl\/sk\/wp-json\/wp\/v2\/posts\/5828","targetHints":{"allow":["GET"]}}],"collection":[{"href":"https:\/\/commercialaudio.pl\/sk\/wp-json\/wp\/v2\/posts"}],"about":[{"href":"https:\/\/commercialaudio.pl\/sk\/wp-json\/wp\/v2\/types\/post"}],"author":[{"embeddable":true,"href":"https:\/\/commercialaudio.pl\/sk\/wp-json\/wp\/v2\/users\/5"}],"replies":[{"embeddable":true,"href":"https:\/\/commercialaudio.pl\/sk\/wp-json\/wp\/v2\/comments?post=5828"}],"version-history":[{"count":4,"href":"https:\/\/commercialaudio.pl\/sk\/wp-json\/wp\/v2\/posts\/5828\/revisions"}],"predecessor-version":[{"id":6261,"href":"https:\/\/commercialaudio.pl\/sk\/wp-json\/wp\/v2\/posts\/5828\/revisions\/6261"}],"wp:featuredmedia":[{"embeddable":true,"href":"https:\/\/commercialaudio.pl\/sk\/wp-json\/wp\/v2\/media\/5829"}],"wp:attachment":[{"href":"https:\/\/commercialaudio.pl\/sk\/wp-json\/wp\/v2\/media?parent=5828"}],"wp:term":[{"taxonomy":"category","embeddable":true,"href":"https:\/\/commercialaudio.pl\/sk\/wp-json\/wp\/v2\/categories?post=5828"},{"taxonomy":"post_tag","embeddable":true,"href":"https:\/\/commercialaudio.pl\/sk\/wp-json\/wp\/v2\/tags?post=5828"}],"curies":[{"name":"wp","href":"https:\/\/api.w.org\/{rel}","templated":true}]}}