{"id":6365,"date":"2023-09-22T11:11:37","date_gmt":"2023-09-22T09:11:37","guid":{"rendered":"https:\/\/commercialaudio.pl\/?p=6365"},"modified":"2023-10-23T11:27:59","modified_gmt":"2023-10-23T09:27:59","slug":"profesionalny-zvukovy-system-bose","status":"publish","type":"post","link":"https:\/\/commercialaudio.pl\/sk\/instalacja-bose-professional-naglosnienie\/","title":{"rendered":"In\u0161tal\u00e1cia syst\u00e9mu Bose Professional v re\u0161taur\u00e1cii Terrace vo Vroclave"},"content":{"rendered":"<h2 class=\"wp-block-heading\">W <a href=\"https:\/\/restauracjatarasowa.pl\/\" target=\"_blank\" rel=\"noreferrer noopener\">Re\u0161taur\u00e1cia Terasa<\/a> v Kongresovom centre vo Vroclave, ktor\u00e9 je s\u00fa\u010das\u0165ou komplexu Centennial Hall zap\u00edsan\u00e9ho na zozname svetov\u00e9ho dedi\u010dstva UNESCO, bola realizovan\u00e1 in\u0161tal\u00e1cia Bose Professional.<\/h2>\n\n\n\n<figure class=\"wp-block-embed is-type-video is-provider-youtube wp-block-embed-youtube wp-embed-aspect-16-9 wp-has-aspect-ratio\"><div class=\"wp-block-embed__wrapper\">\n<iframe loading=\"lazy\" title=\"Terasov\u00e1 re\u0161taur\u00e1cia vo Vroclave s ozvu\u010den\u00edm BOSE Professional | Commercial Audio | sound system\" width=\"1080\" height=\"608\" src=\"https:\/\/www.youtube.com\/embed\/E4RgyYWX_Dw?feature=oembed\"  allow=\"accelerometer; autoplay; clipboard-write; encrypted-media; gyroscope; picture-in-picture; web-share\" allowfullscreen><\/iframe>\n<\/div><\/figure>\n\n\n\n<p class=\"wp-block-paragraph\">Rozsah na\u0161ej z\u00e1kazky zah\u0155\u0148al pr\u00edpravu koncepcie, projekt, vypracovanie odhadu n\u00e1kladov, technick\u00e9 \u0161pecifik\u00e1cie a dod\u00e1vku zariadenia, t. j. cel\u00fd investi\u010dn\u00fd proces okrem realiz\u00e1cie. Dod\u00e1vka zah\u0155\u0148ala stropn\u00e9 reproduktory z radu Bose Professional <a href=\"https:\/\/commercialaudio.pl\/sk\/produkt\/dizajn-max\/\" target=\"_blank\" rel=\"noreferrer noopener\">DesignMax<\/a>, modely <a href=\"https:\/\/commercialaudio.pl\/wp-content\/uploads\/2021\/05\/tds_designmax_dm5c_en.pdf\" target=\"_blank\" rel=\"noreferrer noopener\">DM5C<\/a> a subwoofery <a href=\"https:\/\/commercialaudio.pl\/wp-content\/uploads\/2021\/05\/tds_designmax_dm8c-sub_en.pdf\" target=\"_blank\" rel=\"noreferrer noopener\">DM8C SUB<\/a>. Spr\u00e1vu syst\u00e9mu sme zverili spracovate\u013eovi <a href=\"https:\/\/commercialaudio.pl\/wp-content\/uploads\/2021\/05\/TDS_CSP-1248_A4_1.pdf\">Bose CSP428<\/a>, a nap\u00e1janie zabezpe\u010duje zosil\u0148ova\u010d <a href=\"https:\/\/commercialaudio.pl\/wp-content\/uploads\/2021\/05\/tds_PowerSpace-p4300-en.pdf\">Bose PowerSpace 4300+<\/a>. Komunik\u00e1cia medzi zosil\u0148ova\u010dom a procesorom prebieha prostredn\u00edctvom prepojenia AmpLik, digit\u00e1lneho prenosov\u00e9ho \u0161tandardu spolo\u010dnosti Bose. Okrem toho sme dodali dva n\u00e1stenn\u00e9 ovl\u00e1da\u010de z radu CC a vzdialen\u00e1 spr\u00e1va syst\u00e9mu sa vykon\u00e1va prostredn\u00edctvom aplik\u00e1cie ControlSpace remote. <\/p>\n\n\n\n<figure class=\"wp-block-image aligncenter size-full is-resized\"><img loading=\"lazy\" decoding=\"async\" width=\"800\" height=\"800\" src=\"https:\/\/commercialaudio.pl\/wp-content\/uploads\/2021\/05\/commercial-audio-bose-designmax-dm5c.jpg\" alt=\"in\u0161tal\u00e1cia zariaden\u00ed bose\" class=\"wp-image-2563\" style=\"width:300px;height:undefinedpx\" srcset=\"https:\/\/commercialaudio.pl\/wp-content\/uploads\/2021\/05\/commercial-audio-bose-designmax-dm5c.jpg 800w, https:\/\/commercialaudio.pl\/wp-content\/uploads\/2021\/05\/commercial-audio-bose-designmax-dm5c-480x480.jpg 480w\" sizes=\"(min-width: 0px) and (max-width: 480px) 480px, (min-width: 481px) 800px, 100vw\" \/><figcaption class=\"wp-element-caption\">Bose DesignMax DM5C<\/figcaption><\/figure>\n\n\n\n<p class=\"wp-block-paragraph\">Predpokladom projektu bolo, \u017ee zvukov\u00fd syst\u00e9m sa d\u00e1 vyu\u017ei\u0165 v\u0161estranne. In\u0161tal\u00e1cia sa preto vyu\u017e\u00edva na ozvu\u010denie hudobn\u00e9ho pozadia, ozvu\u010denie konferenci\u00ed, predn\u00e1\u0161ok, tla\u010dov\u00fdch konferenci\u00ed, \u017eiv\u00fdch vyst\u00fapen\u00ed mal\u00fdch s\u00faborov alebo ozvu\u010denie DJ. Tak\u00e9to v\u0161estrann\u00e9 vyu\u017eitie umo\u017e\u0148uje n\u00e1stenn\u00fd ovl\u00e1da\u010d CC3D, ktor\u00fd umo\u017e\u0148uje v\u00fdber jedn\u00e9ho zo 4 extern\u00fdch zdrojov zvuku. <\/p>\n\n\n\n<figure class=\"wp-block-image aligncenter size-full is-resized\"><img loading=\"lazy\" decoding=\"async\" width=\"800\" height=\"800\" src=\"https:\/\/commercialaudio.pl\/wp-content\/uploads\/2021\/05\/commercial-audio-bose-designmax-dm8c-sub.jpg\" alt=\"Bose DesignMax DM8C-SUB\" class=\"wp-image-2569\" style=\"width:300px;height:undefinedpx\" srcset=\"https:\/\/commercialaudio.pl\/wp-content\/uploads\/2021\/05\/commercial-audio-bose-designmax-dm8c-sub.jpg 800w, https:\/\/commercialaudio.pl\/wp-content\/uploads\/2021\/05\/commercial-audio-bose-designmax-dm8c-sub-480x480.jpg 480w\" sizes=\"(min-width: 0px) and (max-width: 480px) 480px, (min-width: 481px) 800px, 100vw\" \/><figcaption class=\"wp-element-caption\">Bose DesignMax DM8C-SUB<\/figcaption><\/figure>\n\n\n\n<p class=\"wp-block-paragraph\">Pou\u017eitie stropn\u00fdch reproduktorov bolo sp\u00f4soben\u00e9 t\u00fdm, \u017ee budova podlieha pr\u00edsnej pamiatkovej kontrole, ktor\u00e1 znemo\u017e\u0148ovala in\u0161tal\u00e1ciu ak\u00fdchko\u013evek \u201evy\u010dnievaj\u00facich kon\u0161trukci\u00ed\u201d, ako s\u00fa napr\u00edklad reproduktory v sten\u00e1ch. Medzi k\u013e\u00fa\u010dov\u00e9 vlastnosti reproduktorov Bose Professional DesignMax patr\u00ed ich kon\u0161trukcia, preto\u017ee maj\u00fa kryty, \u010do znamen\u00e1, \u017ee ich zvukov\u00e9 vlastnosti nie s\u00fa z\u00e1visl\u00e9 od toho, ako je skon\u0161truovan\u00fd strop. Reproduktory Bose sa navy\u0161e dod\u00e1vaj\u00fa v dvoch z\u00e1kladn\u00fdch farb\u00e1ch, \u010diernej a bielej, ale mo\u017eno ich aj natrie\u0165 \u013eubovo\u013enou farbou, \u010do pri in\u0161tala\u010dn\u00fdch zariadeniach nie je zanedbate\u013en\u00e9. V\u010faka tomu bola vo\u013eba reproduktorov Bose Professional tou najlep\u0161ou mo\u017enou vo\u013ebou.<\/p>\n\n\n\n<figure class=\"wp-block-image aligncenter size-full is-resized\"><img loading=\"lazy\" decoding=\"async\" width=\"800\" height=\"800\" src=\"https:\/\/commercialaudio.pl\/wp-content\/uploads\/2021\/05\/Procesor-Bose-Betacon-CSP-428.jpg\" alt=\"Procesor Bose Betacon CSP 428\" class=\"wp-image-2483\" style=\"width:300px;height:undefinedpx\"\/><figcaption class=\"wp-element-caption\">Procesor Bose Betacon CSP 428<\/figcaption><\/figure>\n\n\n\n<p class=\"wp-block-paragraph\">Na po\u010diato\u010dn\u00fa simul\u00e1ciu sme pou\u017eili dva modely DesignMax DM3C a DM5C, ktor\u00e9 fungovali ve\u013emi dobre. Nakoniec sme sa rozhodli pre model DM5C, ktor\u00fd sme v\u010faka jeho akustick\u00fdm \u0161pecifik\u00e1ci\u00e1m mohli in\u0161talova\u0165 v men\u0161om po\u010dte pri zachovan\u00ed presn\u00e9ho pokrytia cel\u00e9ho priestoru a \u0161pi\u010dkovej kvality zvuku. V\u00fdsledkom tejto vo\u013eby bolo aj menej z\u00e1sahov do stropu, a teda r\u00fdchlej\u0161ia a lacnej\u0161ia in\u0161tal\u00e1cia. Okrem toho sme nain\u0161talovali po jednom subwooferi DM8C v re\u0161taura\u010dnej \u010dasti a vo VIP z\u00f3ne. Vzh\u013eadom na zvukov\u00e9 kvality reproduktorov DM5C nebolo pou\u017eitie subwooferov potrebn\u00e9 pre hudbu v pozad\u00ed, ale s oh\u013eadom na podujatia s DJ-om alebo \u017eiv\u00e9 vyst\u00fapenia, teda situ\u00e1cie vy\u017eaduj\u00face viac n\u00edzkych frekvenci\u00ed, sme sa rozhodli zahrn\u00fa\u0165 ich do n\u00e1vrhu. <\/p>\n\n\n\n<figure class=\"wp-block-image aligncenter size-full is-resized\"><img loading=\"lazy\" decoding=\"async\" width=\"800\" height=\"800\" src=\"https:\/\/commercialaudio.pl\/wp-content\/uploads\/2021\/05\/commercial-audio-wzmacniacz-bose-powerspace-p4300plus.jpg\" alt=\"Bose PowerSpace 4300+\" class=\"wp-image-2475\" style=\"width:300px;height:undefinedpx\" srcset=\"https:\/\/commercialaudio.pl\/wp-content\/uploads\/2021\/05\/commercial-audio-wzmacniacz-bose-powerspace-p4300plus.jpg 800w, https:\/\/commercialaudio.pl\/wp-content\/uploads\/2021\/05\/commercial-audio-wzmacniacz-bose-powerspace-p4300plus-480x480.jpg 480w\" sizes=\"(min-width: 0px) and (max-width: 480px) 480px, (min-width: 481px) 800px, 100vw\" \/><figcaption class=\"wp-element-caption\">Bose PowerSpace 4300+<\/figcaption><\/figure>\n\n\n\n<p class=\"wp-block-paragraph\">Funk\u010dne je cel\u00fd zvukov\u00fd syst\u00e9m rozdelen\u00fd na 3 z\u00f3ny, a to na re\u0161taura\u010dn\u00fa \u010das\u0165, barov\u00fa \u010das\u0165 a VIP z\u00f3nu. Procesor CSP428 podporuje a\u017e 5 z\u00f3n, tak\u017ee m\u00e1me mo\u017enos\u0165 spravova\u0165 \u010fal\u0161ie dve oblasti, ktor\u00e9 pravdepodobne v bud\u00facnosti pribudn\u00fa. Pri celom projekte sa uva\u017eovalo nielen o re\u0161taur\u00e1cii, ale o celej budove, ktor\u00e1 m\u00e1 r\u00f4zne funkcie. Projekt sme pripravili ako celok, pri\u010dom re\u0161taura\u010dn\u00e1 \u010das\u0165 sa u\u017e realizovala.<\/p>\n\n\n\n<p class=\"wp-block-paragraph\">In\u0161tal\u00e1cia Bose Professional v re\u0161taur\u00e1cii Terrace je dokonal\u00fdm pr\u00edkladom toho, ako pristupujeme k n\u00e1vrhu in\u0161tal\u00e1cie zvukov\u00e9ho syst\u00e9mu. Pozorne na\u010d\u00favame potreb\u00e1m klienta, analyzujeme v\u0161etky mo\u017enosti a navrhujeme najoptim\u00e1lnej\u0161ie rie\u0161enia. Pou\u017eitie zariaden\u00ed Bose Professional zaru\u010duje najlep\u0161iu kvalitu zvuku, najmodernej\u0161ie, jedine\u010dn\u00e9 technol\u00f3gie a nepretr\u017eit\u00fa podporu zo strany v\u00fdrobcu. Re\u0161taur\u00e1cia Terasa je dokonal\u00fdm pr\u00edkladom d\u00f4le\u017eitosti prezierav\u00e9ho n\u00e1vrhu, t. j. v\u00fdberu rie\u0161en\u00ed, ktor\u00e9 umo\u017e\u0148uj\u00fa v pr\u00edpade potreby roz\u0161\u00edri\u0165 existuj\u00facu in\u0161tal\u00e1ciu bez toho, aby bolo potrebn\u00e9 vymeni\u0165 cel\u00fd zvukov\u00fd syst\u00e9m alebo kombinova\u0165 nekompatibiln\u00e9 technol\u00f3gie, \u010do m\u00f4\u017ee v\u00fdrazne ovplyvni\u0165 funk\u010dnos\u0165 syst\u00e9mu. <\/p>\n\n\n\n<p class=\"has-text-align-center wp-block-paragraph\">Ak m\u00e1te z\u00e1ujem o in\u0161tal\u00e1cie Bose Professional, kontaktujte na\u0161ich \u0161pecialistov.<\/p>\n\n\n\n<div class=\"wp-block-columns is-layout-flex wp-container-core-columns-is-layout-8f761849 wp-block-columns-is-layout-flex\">\n<div class=\"wp-block-column is-layout-flow wp-block-column-is-layout-flow\">\n<figure class=\"wp-block-image aligncenter\"><img loading=\"lazy\" decoding=\"async\" width=\"300\" height=\"300\" src=\"https:\/\/commercialaudio.pl\/wp-content\/uploads\/2023\/01\/Commercial_Audio_Tomasz_Nowicki_01.jpg\" alt=\"Tomasz Nowicki\" class=\"wp-image-4600\" srcset=\"https:\/\/commercialaudio.pl\/wp-content\/uploads\/2023\/01\/Commercial_Audio_Tomasz_Nowicki_01.jpg 300w, https:\/\/commercialaudio.pl\/wp-content\/uploads\/2023\/01\/Commercial_Audio_Tomasz_Nowicki_01-150x150.jpg 150w, https:\/\/commercialaudio.pl\/wp-content\/uploads\/2023\/01\/Commercial_Audio_Tomasz_Nowicki_01-100x100.jpg 100w, https:\/\/commercialaudio.pl\/wp-content\/uploads\/2023\/01\/Commercial_Audio_Tomasz_Nowicki_01-64x64.jpg 64w\" sizes=\"(max-width: 300px) 100vw, 300px\" \/><\/figure>\n\n\n\n<h4 class=\"wp-block-heading has-text-align-center\">Tomasz Nowicki<\/h4>\n\n\n\n<p class=\"has-text-align-center wp-block-paragraph\">Bose Professional<\/p>\n\n\n\n<p class=\"has-text-align-center wp-block-paragraph\"><a href=\"tel:+48516502225\/\">+48 516 502 225<\/a><br><a href=\"mailto:t.nowicki@commercialaudio.pl\">t.nowicki@caudio.pl<\/a><\/p>\n<\/div>\n\n\n\n<div class=\"wp-block-column is-layout-flow wp-block-column-is-layout-flow\">\n<figure class=\"wp-block-image aligncenter\"><img loading=\"lazy\" decoding=\"async\" width=\"300\" height=\"300\" src=\"https:\/\/commercialaudio.pl\/wp-content\/uploads\/2023\/07\/Daniel_01.jpg\" alt=\"Daniel Kwiatkowski\" class=\"wp-image-6079\" srcset=\"https:\/\/commercialaudio.pl\/wp-content\/uploads\/2023\/07\/Daniel_01.jpg 300w, https:\/\/commercialaudio.pl\/wp-content\/uploads\/2023\/07\/Daniel_01-150x150.jpg 150w, https:\/\/commercialaudio.pl\/wp-content\/uploads\/2023\/07\/Daniel_01-100x100.jpg 100w, https:\/\/commercialaudio.pl\/wp-content\/uploads\/2023\/07\/Daniel_01-64x64.jpg 64w\" sizes=\"(max-width: 300px) 100vw, 300px\" \/><\/figure>\n\n\n\n<h4 class=\"wp-block-heading has-text-align-center\">Daniel Kwiatkowski<\/h4>\n\n\n\n<p class=\"has-text-align-center wp-block-paragraph\">Bose Professional<\/p>\n\n\n\n<p class=\"has-text-align-center wp-block-paragraph\"><a href=\"mailto:proaudio@audiotechpro.pl\"><\/a><a href=\"tel:+48666665157\">+48 666 665 157<\/a><a href=\"mailto:proaudio@audiotechpro.pl\"><\/a><br><a href=\"mailto:d.kwiatkowski@caudio.pl\">d.kwiatkowski@caudio.pl<\/a><\/p>\n<\/div>\n<\/div>\n\n\n\n<p class=\"wp-block-paragraph\"><strong>DesignMax DM5C<\/strong> je dvojp\u00e1smov\u00fd stropn\u00fd reproduktor zalo\u017een\u00fd na 5,25-palcovom basovom reproduktore a 1-palcovom v\u00fd\u0161kovom reproduktore namontovanom koaxi\u00e1lne v syst\u00e9me Dispersion Alignment. Tento 60-wattov\u00fd reproduktor pon\u00faka \u0161irok\u00fa \u0161\u00edrku p\u00e1sma spracovania 65 Hz - 20 kHz.<br><strong>DesignMax DM8C-SUB<\/strong> je 8-palcov\u00fd woofer s frekven\u010dnou odozvou 35 Hz - 155 Hz a v\u00fdkonom 180 W.<\/p>","protected":false},"excerpt":{"rendered":"<p>In\u0161tal\u00e1cia syst\u00e9mu Bose Professional zah\u0155\u0148ala v\u00fdvoj koncepcie, n\u00e1vrh, kalkul\u00e1ciu n\u00e1kladov, technick\u00e9 \u0161pecifik\u00e1cie a dod\u00e1vku zariadenia.<\/p>","protected":false},"author":5,"featured_media":6370,"comment_status":"open","ping_status":"closed","sticky":false,"template":"","format":"standard","meta":{"_acf_changed":false,"_et_pb_use_builder":"off","_et_pb_old_content":"","_et_gb_content_width":"","inline_featured_image":false,"footnotes":""},"categories":[67],"tags":[101,87,100,102,104,186,201],"class_list":["post-6365","post","type-post","status-publish","format-standard","has-post-thumbnail","hentry","category-aktualnosci-ssl-atc-clearcom-bose","tag-audio","tag-bose-professional","tag-dzwiek","tag-glosniki-sufitowe","tag-instalacja","tag-naglosnienie","tag-naglosnienie-instalacyjne"],"acf":[],"_links":{"self":[{"href":"https:\/\/commercialaudio.pl\/sk\/wp-json\/wp\/v2\/posts\/6365","targetHints":{"allow":["GET"]}}],"collection":[{"href":"https:\/\/commercialaudio.pl\/sk\/wp-json\/wp\/v2\/posts"}],"about":[{"href":"https:\/\/commercialaudio.pl\/sk\/wp-json\/wp\/v2\/types\/post"}],"author":[{"embeddable":true,"href":"https:\/\/commercialaudio.pl\/sk\/wp-json\/wp\/v2\/users\/5"}],"replies":[{"embeddable":true,"href":"https:\/\/commercialaudio.pl\/sk\/wp-json\/wp\/v2\/comments?post=6365"}],"version-history":[{"count":7,"href":"https:\/\/commercialaudio.pl\/sk\/wp-json\/wp\/v2\/posts\/6365\/revisions"}],"predecessor-version":[{"id":6711,"href":"https:\/\/commercialaudio.pl\/sk\/wp-json\/wp\/v2\/posts\/6365\/revisions\/6711"}],"wp:featuredmedia":[{"embeddable":true,"href":"https:\/\/commercialaudio.pl\/sk\/wp-json\/wp\/v2\/media\/6370"}],"wp:attachment":[{"href":"https:\/\/commercialaudio.pl\/sk\/wp-json\/wp\/v2\/media?parent=6365"}],"wp:term":[{"taxonomy":"category","embeddable":true,"href":"https:\/\/commercialaudio.pl\/sk\/wp-json\/wp\/v2\/categories?post=6365"},{"taxonomy":"post_tag","embeddable":true,"href":"https:\/\/commercialaudio.pl\/sk\/wp-json\/wp\/v2\/tags?post=6365"}],"curies":[{"name":"wp","href":"https:\/\/api.w.org\/{rel}","templated":true}]}}