{"id":6876,"date":"2023-11-09T10:38:02","date_gmt":"2023-11-09T09:38:02","guid":{"rendered":"https:\/\/commercialaudio.pl\/?p=6876"},"modified":"2023-11-09T10:39:14","modified_gmt":"2023-11-09T09:39:14","slug":"commercial-audio-na-soundedit-home-music-prod","status":"publish","type":"post","link":"https:\/\/commercialaudio.pl\/sk\/commercial-audio-na-soundedit-home-music-prod\/","title":{"rendered":"Komer\u010dn\u00fd zvuk na Soundedit\u201923"},"content":{"rendered":"<h2 class=\"wp-block-heading\">Spolo\u010dnos\u0165 Commercial Audio sa op\u00e4\u0165 z\u00fa\u010dastn\u00ed na ka\u017edoro\u010dnom festivale Soundedit.<\/h2>\n\n\n\n<p class=\"wp-block-paragraph\">V praktickej \u010dasti prv\u00e9ho d\u0148a, t. j.\u00a0<strong>13.11 o 14:00 v s\u00e1le E<\/strong>\u00a0panel\u00a0<strong>\u201eKritick\u00e9 po\u010d\u00favanie, alebo ako po\u010d\u00fava\u0165 a nekritizova\u0165\u201d<\/strong>\u00a0bude vies\u0165\u00a0<strong>Dr. in\u017e. Magdalena Piotrowska<\/strong>, ktor\u00e1 svoju v\u00e1\u0161e\u0148 pre zvuk rozv\u00edjala po\u010das postgradu\u00e1lneho \u0161t\u00fadia v odbore Music Production and Recording v Stavangeri (N\u00f3rsko) a v Banff Centre for Arts and Creativity v Kanade. <\/p>\n\n\n\n<figure class=\"wp-block-image aligncenter size-large is-resized\"><img loading=\"lazy\" decoding=\"async\" width=\"1024\" height=\"1024\" src=\"https:\/\/commercialaudio.pl\/wp-content\/uploads\/2023\/11\/magdalena_piotrowska_soundedit-1024x1024.jpg\" alt=\"\" class=\"wp-image-6879\" style=\"width:300px\" srcset=\"https:\/\/commercialaudio.pl\/wp-content\/uploads\/2023\/11\/magdalena_piotrowska_soundedit-980x980.jpg 980w, https:\/\/commercialaudio.pl\/wp-content\/uploads\/2023\/11\/magdalena_piotrowska_soundedit-480x480.jpg 480w\" sizes=\"(min-width: 0px) and (max-width: 480px) 480px, (min-width: 481px) and (max-width: 980px) 980px, (min-width: 981px) 1024px, 100vw\" \/><\/figure>\n\n\n\n<p class=\"wp-block-paragraph\">Od roku 2016 vedie \u0161t\u00fadio\u00a0<a href=\"https:\/\/www.hearcandymastering.com\/\" target=\"_blank\" rel=\"noreferrer noopener\">Vypo\u010dujte si Candy Mastering<\/a>, kde spolupracuje s hudobn\u00fdmi vydavate\u013estvami z Po\u013eska, Nemecka, Kanady, N\u00f3rska, Japonska, Franc\u00fazska a USA (napr. Pawe\u0142 G\u00f3rniak, Jimek, Merkabah, Sorry Boys, Skubas, Knut Kvifte Nesheim, Johannes Hamm, Alan Demsky, Ch\u0142opcy Kontra Basia, Renata Przemyk, Jan Stok\u0142osa, Pendofsky, Capella Cracoviensis).<\/p>\n\n\n\n<p class=\"wp-block-paragraph\">Okrem tejto zauj\u00edmavej diskusie, na ktor\u00fa v\u00e1s srde\u010dne poz\u00fdvame\u00a0<strong>v s\u00e1le D2<\/strong>\u00a0bude mo\u017en\u00e9 obozn\u00e1mi\u0165 sa s n\u00e1strojmi ur\u010den\u00fdmi pre\u00a0<strong>Domovsk\u00e1 str\u00e1nka \u2013 Hudobn\u00e1 produkcia<\/strong>\u00a0<a href=\"https:\/\/commercialaudio.pl\/sk\/polovodicova-logika\/\" target=\"_blank\" rel=\"noreferrer noopener\">Solid State Logic<\/a>, <a href=\"https:\/\/commercialaudio.pl\/sk\/reproduktory-atc\/\">ATC Loudspeakers<\/a> a prenosn\u00fd ozvu\u010dovac\u00ed syst\u00e9m <a href=\"https:\/\/commercialaudio.pl\/sk\/bose-professional\/\" target=\"_blank\" rel=\"noreferrer noopener\">Bose Professional<\/a> a \u010fal\u0161ie zariadenia tie\u017e z ponuky spolo\u010dnosti <a href=\"https:\/\/audiotechpro.pl\/\" target=\"_blank\" rel=\"noreferrer noopener\">Audiotech<\/a>.<\/p>\n\n\n\n<p class=\"wp-block-paragraph\">Po\u010das cel\u00e9ho trvania festivalu bude k va\u0161im slu\u017eb\u00e1m t\u00edm Commercial Audio v tomto zlo\u017een\u00ed:<\/p>\n\n\n\n<div class=\"wp-block-columns is-layout-flex wp-container-core-columns-is-layout-8f761849 wp-block-columns-is-layout-flex\">\n<div class=\"wp-block-column is-layout-flow wp-block-column-is-layout-flow\" style=\"flex-basis:100%\">\n<div class=\"wp-block-columns is-layout-flex wp-container-core-columns-is-layout-8f761849 wp-block-columns-is-layout-flex\">\n<div class=\"wp-block-column is-layout-flow wp-block-column-is-layout-flow\">\n<figure class=\"wp-block-image aligncenter\"><img loading=\"lazy\" decoding=\"async\" width=\"300\" height=\"300\" src=\"https:\/\/commercialaudio.pl\/wp-content\/uploads\/2023\/10\/commercial-audio-piotr-polak.png\" alt=\"Piotr Polak\" class=\"wp-image-6406\" srcset=\"https:\/\/commercialaudio.pl\/wp-content\/uploads\/2023\/10\/commercial-audio-piotr-polak.png 300w, https:\/\/commercialaudio.pl\/wp-content\/uploads\/2023\/10\/commercial-audio-piotr-polak-150x150.png 150w, https:\/\/commercialaudio.pl\/wp-content\/uploads\/2023\/10\/commercial-audio-piotr-polak-100x100.png 100w, https:\/\/commercialaudio.pl\/wp-content\/uploads\/2023\/10\/commercial-audio-piotr-polak-64x64.png 64w\" sizes=\"(max-width: 300px) 100vw, 300px\" \/><\/figure>\n\n\n\n<h4 class=\"wp-block-heading has-text-align-center\">Piotr Polak<\/h4>\n\n\n\n<p class=\"has-text-align-center wp-block-paragraph\">SSL Studio \/ Reproduktory ATC<\/p>\n\n\n\n<p class=\"has-text-align-center wp-block-paragraph\"><a href=\"tel:+48604144664\">+48 604 144 664<\/a><br><a href=\"mailto:proaudio@audiotechpro.pl\">proaudio@audiotechpro.pl<\/a><\/p>\n<\/div>\n\n\n\n<div class=\"wp-block-column is-layout-flow wp-block-column-is-layout-flow\">\n<figure class=\"wp-block-image aligncenter\"><img loading=\"lazy\" decoding=\"async\" width=\"300\" height=\"300\" src=\"https:\/\/commercialaudio.pl\/wp-content\/uploads\/2023\/10\/commercial-audio-krzysztof-borowicz.png\" alt=\"Krzysztof Borowicz\" class=\"wp-image-6403\" srcset=\"https:\/\/commercialaudio.pl\/wp-content\/uploads\/2023\/10\/commercial-audio-krzysztof-borowicz.png 300w, https:\/\/commercialaudio.pl\/wp-content\/uploads\/2023\/10\/commercial-audio-krzysztof-borowicz-150x150.png 150w, https:\/\/commercialaudio.pl\/wp-content\/uploads\/2023\/10\/commercial-audio-krzysztof-borowicz-100x100.png 100w, https:\/\/commercialaudio.pl\/wp-content\/uploads\/2023\/10\/commercial-audio-krzysztof-borowicz-64x64.png 64w\" sizes=\"(max-width: 300px) 100vw, 300px\" \/><\/figure>\n\n\n\n<h4 class=\"wp-block-heading has-text-align-center\">Krzysztof Borowicz<\/h4>\n\n\n\n<p class=\"has-text-align-center wp-block-paragraph\">SSL Broadcast | Live \/ Clear-Com<\/p>\n\n\n\n<p class=\"has-text-align-center wp-block-paragraph\"><a href=\"tel:+48604615613\">+48 536 148 059<\/a><br><a href=\"mailto:k.borowicz@caudio.pl\">k.borowicz@caudio.pl<\/a><\/p>\n<\/div>\n<\/div>\n<\/div>\n<\/div>\n\n\n\n<h3 class=\"wp-block-heading has-text-align-center\">Uvid\u00edme sa na Soundedit!<\/h3>","protected":false},"excerpt":{"rendered":"<p>V r\u00e1mci workshopu prv\u00e9ho d\u0148a, t. j. 13. 11. o 14.00 hod. v miestnosti E, bude panel \u201eKritick\u00e9 po\u010d\u00favanie alebo ako po\u010d\u00fava\u0165 a nekritizova\u0165\u201d vies\u0165 Dr. Magdalena Piotrowska, Ing.<\/p>","protected":false},"author":5,"featured_media":6877,"comment_status":"open","ping_status":"closed","sticky":false,"template":"","format":"standard","meta":{"_acf_changed":false,"_et_pb_use_builder":"off","_et_pb_old_content":"","_et_gb_content_width":"","inline_featured_image":false,"footnotes":""},"categories":[67],"tags":[207,101,100,96,97,86,99,163],"class_list":["post-6876","post","type-post","status-publish","format-standard","has-post-thumbnail","hentry","category-aktualnosci-ssl-atc-clearcom-bose","tag-atc","tag-audio","tag-dzwiek","tag-monitory-studyjne","tag-odsluch","tag-solid-state-logic","tag-sprzet-studyjny","tag-ssl"],"acf":[],"_links":{"self":[{"href":"https:\/\/commercialaudio.pl\/sk\/wp-json\/wp\/v2\/posts\/6876","targetHints":{"allow":["GET"]}}],"collection":[{"href":"https:\/\/commercialaudio.pl\/sk\/wp-json\/wp\/v2\/posts"}],"about":[{"href":"https:\/\/commercialaudio.pl\/sk\/wp-json\/wp\/v2\/types\/post"}],"author":[{"embeddable":true,"href":"https:\/\/commercialaudio.pl\/sk\/wp-json\/wp\/v2\/users\/5"}],"replies":[{"embeddable":true,"href":"https:\/\/commercialaudio.pl\/sk\/wp-json\/wp\/v2\/comments?post=6876"}],"version-history":[{"count":3,"href":"https:\/\/commercialaudio.pl\/sk\/wp-json\/wp\/v2\/posts\/6876\/revisions"}],"predecessor-version":[{"id":6881,"href":"https:\/\/commercialaudio.pl\/sk\/wp-json\/wp\/v2\/posts\/6876\/revisions\/6881"}],"wp:featuredmedia":[{"embeddable":true,"href":"https:\/\/commercialaudio.pl\/sk\/wp-json\/wp\/v2\/media\/6877"}],"wp:attachment":[{"href":"https:\/\/commercialaudio.pl\/sk\/wp-json\/wp\/v2\/media?parent=6876"}],"wp:term":[{"taxonomy":"category","embeddable":true,"href":"https:\/\/commercialaudio.pl\/sk\/wp-json\/wp\/v2\/categories?post=6876"},{"taxonomy":"post_tag","embeddable":true,"href":"https:\/\/commercialaudio.pl\/sk\/wp-json\/wp\/v2\/tags?post=6876"}],"curies":[{"name":"wp","href":"https:\/\/api.w.org\/{rel}","templated":true}]}}