{"id":7607,"date":"2024-01-25T17:28:29","date_gmt":"2024-01-25T16:28:29","guid":{"rendered":"https:\/\/commercialaudio.pl\/?p=7607"},"modified":"2024-01-25T17:29:37","modified_gmt":"2024-01-25T16:29:37","slug":"clear-com-gen-ic-system-interkomowy-w-chmurze","status":"publish","type":"post","link":"https:\/\/commercialaudio.pl\/sk\/clear-com-gen-ic-system-interkomowy-w-chmurze\/","title":{"rendered":"Premi\u00e9ra Gen-IC na ISE2024!"},"content":{"rendered":"<h1 class=\"wp-block-heading\">Interkomov\u00fd syst\u00e9m Clear-Com Gen-IC v cloude!<\/h1>\n\n\n\n<hr class=\"wp-block-separator has-alpha-channel-opacity\"\/>\n\n\n\n<h2 class=\"wp-block-heading\">Na ve\u013etrhu ISE2024 spolo\u010dnos\u0165 Clear-Com predstav\u00ed svoj najnov\u0161\u00ed cloudov\u00fd interkomov\u00fd syst\u00e9m Gen-IC!<\/h2>\n\n\n\n<hr class=\"wp-block-separator has-alpha-channel-opacity\"\/>\n\n\n\n<p class=\"wp-block-paragraph\"><a href=\"https:\/\/commercialaudio.pl\/sk\/systemy-interkomowe-clear-com\/\" target=\"_blank\" rel=\"noreferrer noopener\"><mark style=\"background-color:rgba(0, 0, 0, 0)\" class=\"has-inline-color has-vivid-cyan-blue-color\">Clear-Com\u00ae<\/mark><\/a> predstavuje syst\u00e9m Gen-IC Cloud Intercom\u00ae, bezpe\u010dn\u00e9 a flexibiln\u00e9 rie\u0161enie virtu\u00e1lneho interkomu vyu\u017e\u00edvaj\u00face najmodernej\u0161ie technol\u00f3gie spr\u00e1vy v cloude. \u0160k\u00e1lovate\u013en\u00fd syst\u00e9m Gen-IC umo\u017e\u0148uje r\u00fdchle vytvorenie nov\u00fdch alebo roz\u0161\u00edrenie po\u010dtu existuj\u00facich virtu\u00e1lnych klientov, ako aj integr\u00e1ciu s rozsiahlou hardv\u00e9rovou infra\u0161trukt\u00farou spolo\u010dnosti Clear-Com prostredn\u00edctvom siet\u00ed LAN, WAN a internetu.\u00a0<\/p>\n\n\n\n<h3 class=\"wp-block-heading\">Oneskorenie sign\u00e1lov<\/h3>\n\n\n\n<p class=\"wp-block-paragraph\">Obzvl\u00e1\u0161\u0165 d\u00f4le\u017eitou ot\u00e1zkou v komunik\u00e1cii je latencia sign\u00e1lov. Spolo\u010dnos\u0165 Clear-Com vyvinula jedine\u010dn\u00e9 rie\u0161enie, ktor\u00e9 umo\u017e\u0148uje regionaliz\u00e1ciu koncov\u00fdch pou\u017e\u00edvate\u013eov. T\u00fdm sa minimalizuj\u00fa oneskorenia, ktor\u00e9 s\u00fa vlastn\u00e9 virtu\u00e1lnym aplik\u00e1ci\u00e1m, a spr\u00e1vca tak z\u00edska mo\u017enos\u0165 jednoducho nasadi\u0165 cloudov\u00fd interkomov\u00fd syst\u00e9m Gen-IC \u010do najbli\u017e\u0161ie k miestu, kde bud\u00fa pracova\u0165 konfigurovan\u00e9 t\u00edmy. Navy\u0161e je mo\u017en\u00e9 in\u0161tancie Gen-IC rozpt\u00fdlen\u00e9 po celom svete prepoji\u0165 a vytvori\u0165 tak jednotn\u00fd n\u00e1stroj na komunik\u00e1ciu a spolupr\u00e1cu pri kritick\u00fdch produkci\u00e1ch.<\/p>\n\n\n\n<h3 class=\"wp-block-heading\">Testy<\/h3>\n\n\n\n<p class=\"wp-block-paragraph\">Po\u010das rozsiahlych ter\u00e9nnych testov sa rie\u0161enie Gen-IC Cloud Intercom osved\u010dilo aj v t\u00fdch najn\u00e1ro\u010dnej\u0161\u00edch situ\u00e1ci\u00e1ch. Po otestovan\u00ed produktu Antoniom Barbosom, in\u017einierom v TV Globo, a jeho t\u00edmom sa zistilo, \u017ee \u201eSk\u00fasenosti TV Globo s testovan\u00edm syst\u00e9mu Gen-IC Cloud Intercom boli mimoriadne. Syst\u00e9m sa vyzna\u010doval plynulou komunik\u00e1ciou a v\u00fdnimo\u010dnou kvalitou zvuku aj v situ\u00e1ci\u00e1ch s vysok\u00fdm d\u00e1tov\u00fdm tokom.\u201d<\/p>\n\n\n\n<figure class=\"wp-block-image aligncenter size-large is-resized\"><img loading=\"lazy\" decoding=\"async\" width=\"1024\" height=\"536\" src=\"https:\/\/commercialaudio.pl\/wp-content\/uploads\/2024\/01\/GEN_IC_WEB-1024x536.jpg\" alt=\"gen-ic\" class=\"wp-image-7610\" style=\"width:500px\" srcset=\"https:\/\/commercialaudio.pl\/wp-content\/uploads\/2024\/01\/GEN_IC_WEB-980x513.jpg 980w, https:\/\/commercialaudio.pl\/wp-content\/uploads\/2024\/01\/GEN_IC_WEB-480x251.jpg 480w\" sizes=\"(min-width: 0px) and (max-width: 480px) 480px, (min-width: 481px) and (max-width: 980px) 980px, (min-width: 981px) 1024px, 100vw\" \/><\/figure>\n\n\n\n<h3 class=\"wp-block-heading\">Integr\u00e1cia<\/h3>\n\n\n\n<p class=\"wp-block-paragraph\">Syst\u00e9m bol navrhnut\u00fd s oh\u013eadom na jednoduchos\u0165 pou\u017e\u00edvania a vyu\u017e\u00edva ocenen\u00e9 virtu\u00e1lne rie\u0161enia, t. j. <a href=\"https:\/\/commercialaudio.pl\/sk\/produkt\/aplikacja-mobilna-clear-com-agent-ic\/\" target=\"_blank\" rel=\"noreferrer noopener\"><mark style=\"background-color:rgba(0, 0, 0, 0)\" class=\"has-inline-color has-vivid-cyan-blue-color\">mobiln\u00fa aplik\u00e1ciu Agent-IC\u00ae<\/mark><\/a> a virtu\u00e1lneho desktopov\u00e9ho klienta <a href=\"https:\/\/www.clearcom.com\/Products\/Products-by-Name\/Station-IC\" target=\"_blank\" rel=\"noreferrer noopener\"><mark style=\"background-color:rgba(0, 0, 0, 0)\" class=\"has-inline-color has-vivid-cyan-blue-color\">Station-IC\u2122<\/mark><\/a>, \u010d\u00edm sa eliminuje potreba dodato\u010dn\u00e9ho \u0161kolenia doteraj\u0161\u00edch pou\u017e\u00edvate\u013eov. Pripojenie virtu\u00e1lnych klientov k hardv\u00e9rov\u00fdm ekosyst\u00e9mom je mo\u017en\u00e9 prostredn\u00edctvom existuj\u00facej rady IP rozhran\u00ed Clear-Com s\u00e9rie LQ\u00ae, bez nutnosti pou\u017eitia \u010fal\u0161\u00edch zariaden\u00ed.<\/p>\n\n\n\n<h3 class=\"wp-block-heading\">Mana\u017ement<\/h3>\n\n\n\n<p class=\"wp-block-paragraph\">Clear-Com SkyPort prostredn\u00edctvom funkcie Workspace Management u\u013eah\u010duje partnerom spr\u00e1vu viacer\u00fdch lokal\u00edt z\u00e1kazn\u00edkov a podujat\u00ed v jednej online aplik\u00e1cii. V\u010faka SkyPortu m\u00f4\u017eu partneri poverova\u0165 miestnych spr\u00e1vcov, ktor\u00ed riadia podujatia, a pren\u00e1\u0161a\u0165 kontrolu do r\u00fak pou\u017e\u00edvate\u013eov, pri\u010dom z\u00e1rove\u0148 vyu\u017e\u00edvaj\u00fa p\u00f4sobiv\u00e9 mo\u017enosti podpory, ktor\u00e9 pon\u00faka spolo\u010dnos\u0165 Clear-Com prostredn\u00edctvom svojej partnerskej siete.<\/p>\n\n\n\n<hr class=\"wp-block-separator has-alpha-channel-opacity\"\/>\n\n\n\n<h3 class=\"wp-block-heading\">Gen-IC Cloud Intercom a SkyPort bud\u00fa po prv\u00fdkr\u00e1t predstaven\u00e9 na ve\u013etrhu ISE 2024 v Barcelone na st\u00e1nku Clear-Com #5H620.<\/h3>\n\n\n\n<hr class=\"wp-block-separator has-alpha-channel-opacity\"\/>\n\n\n\n<h4 class=\"wp-block-heading\">Ak si chcete dohodn\u00fa\u0165 stretnutie a prezent\u00e1ciu syst\u00e9mu Clear-Com Gen-IC Cloud Intercom, kontaktujte na\u0161ich \u0161pecialistov v Barcelone:<\/h4>\n\n\n\n<hr class=\"wp-block-separator has-alpha-channel-opacity\"\/>\n\n\n\n<div class=\"wp-block-columns are-vertically-aligned-center is-layout-flex wp-container-core-columns-is-layout-8f761849 wp-block-columns-is-layout-flex\">\n<div class=\"wp-block-column is-vertically-aligned-center is-layout-flow wp-block-column-is-layout-flow\">\n<div class=\"wp-block-columns is-layout-flex wp-container-core-columns-is-layout-8f761849 wp-block-columns-is-layout-flex\">\n<div class=\"wp-block-column is-layout-flow wp-block-column-is-layout-flow\">\n<figure class=\"wp-block-image\"><img loading=\"lazy\" decoding=\"async\" width=\"300\" height=\"300\" src=\"https:\/\/commercialaudio.pl\/wp-content\/uploads\/2023\/10\/commercial-audio-anna-domanska.png\" alt=\"Anna Domanska\" class=\"wp-image-6400\" srcset=\"https:\/\/commercialaudio.pl\/wp-content\/uploads\/2023\/10\/commercial-audio-anna-domanska.png 300w, https:\/\/commercialaudio.pl\/wp-content\/uploads\/2023\/10\/commercial-audio-anna-domanska-150x150.png 150w, https:\/\/commercialaudio.pl\/wp-content\/uploads\/2023\/10\/commercial-audio-anna-domanska-100x100.png 100w, https:\/\/commercialaudio.pl\/wp-content\/uploads\/2023\/10\/commercial-audio-anna-domanska-64x64.png 64w\" sizes=\"(max-width: 300px) 100vw, 300px\" \/><\/figure>\n\n\n\n<h4 class=\"wp-block-heading\">Anna Domanska<\/h4>\n\n\n\n<p class=\"wp-block-paragraph\"><a href=\"tel:+48601370425\"><mark style=\"background-color:rgba(0, 0, 0, 0)\" class=\"has-inline-color has-vivid-cyan-blue-color\">+48 601 370 425<\/mark><\/a><br><a href=\"mailto:a.domanska@caudio.pl\"><mark style=\"background-color:rgba(0, 0, 0, 0)\" class=\"has-inline-color has-vivid-cyan-blue-color\">a.domanska@caudio.pl<\/mark><\/a><\/p>\n<\/div>\n\n\n\n<div class=\"wp-block-column is-layout-flow wp-block-column-is-layout-flow\">\n<figure class=\"wp-block-image\"><img loading=\"lazy\" decoding=\"async\" width=\"300\" height=\"300\" src=\"https:\/\/commercialaudio.pl\/wp-content\/uploads\/2023\/10\/commercial-audio-krzysztof-kowalewski.png\" alt=\"Krzysztof Kowalewski\" class=\"wp-image-6404\" srcset=\"https:\/\/commercialaudio.pl\/wp-content\/uploads\/2023\/10\/commercial-audio-krzysztof-kowalewski.png 300w, https:\/\/commercialaudio.pl\/wp-content\/uploads\/2023\/10\/commercial-audio-krzysztof-kowalewski-150x150.png 150w, https:\/\/commercialaudio.pl\/wp-content\/uploads\/2023\/10\/commercial-audio-krzysztof-kowalewski-100x100.png 100w, https:\/\/commercialaudio.pl\/wp-content\/uploads\/2023\/10\/commercial-audio-krzysztof-kowalewski-64x64.png 64w\" sizes=\"(max-width: 300px) 100vw, 300px\" \/><\/figure>\n\n\n\n<h4 class=\"wp-block-heading\">Krzysztof Kowalewski<\/h4>\n\n\n\n<p class=\"wp-block-paragraph\"><a href=\"tel:+48668870419\"><mark style=\"background-color:rgba(0, 0, 0, 0)\" class=\"has-inline-color has-vivid-cyan-blue-color\">+48 668 870 419<\/mark><\/a><br><a href=\"mailto:k.kowalewski@commercialaudio.pl\"><mark style=\"background-color:rgba(0, 0, 0, 0)\" class=\"has-inline-color has-vivid-cyan-blue-color\">k.kowalewski@caudio.pl<\/mark><\/a><\/p>\n<\/div>\n<\/div>\n<\/div>\n\n\n\n<div class=\"wp-block-column is-vertically-aligned-center is-layout-flow wp-block-column-is-layout-flow\">\n<div class=\"wp-block-columns is-layout-flex wp-container-core-columns-is-layout-8f761849 wp-block-columns-is-layout-flex\">\n<div class=\"wp-block-column is-layout-flow wp-block-column-is-layout-flow\">\n<figure class=\"wp-block-image\"><img loading=\"lazy\" decoding=\"async\" width=\"300\" height=\"300\" src=\"https:\/\/commercialaudio.pl\/wp-content\/uploads\/2023\/10\/commercial-audio-tomasz-nowicki.png\" alt=\"Tomasz Nowicki\" class=\"wp-image-6407\" srcset=\"https:\/\/commercialaudio.pl\/wp-content\/uploads\/2023\/10\/commercial-audio-tomasz-nowicki.png 300w, https:\/\/commercialaudio.pl\/wp-content\/uploads\/2023\/10\/commercial-audio-tomasz-nowicki-150x150.png 150w, https:\/\/commercialaudio.pl\/wp-content\/uploads\/2023\/10\/commercial-audio-tomasz-nowicki-100x100.png 100w, https:\/\/commercialaudio.pl\/wp-content\/uploads\/2023\/10\/commercial-audio-tomasz-nowicki-64x64.png 64w\" sizes=\"(max-width: 300px) 100vw, 300px\" \/><\/figure>\n\n\n\n<h4 class=\"wp-block-heading\">Tomasz Nowicki<\/h4>\n\n\n\n<p class=\"wp-block-paragraph\"><a href=\"tel:+48516502225\/\"><mark style=\"background-color:rgba(0, 0, 0, 0)\" class=\"has-inline-color has-vivid-cyan-blue-color\">+48 516 502 225<\/mark><\/a><br><a href=\"mailto:t.nowicki@commercialaudio.pl\"><mark style=\"background-color:rgba(0, 0, 0, 0)\" class=\"has-inline-color has-vivid-cyan-blue-color\">t.nowicki@caudio.pl<\/mark><\/a><\/p>\n<\/div>\n\n\n\n<div class=\"wp-block-column is-layout-flow wp-block-column-is-layout-flow\">\n<figure class=\"wp-block-image\"><img loading=\"lazy\" decoding=\"async\" width=\"300\" height=\"300\" src=\"https:\/\/commercialaudio.pl\/wp-content\/uploads\/2023\/10\/commercial-audio-daniel-kwiatkowski.png\" alt=\"Daniel Kwiatkowski\" class=\"wp-image-6409\" srcset=\"https:\/\/commercialaudio.pl\/wp-content\/uploads\/2023\/10\/commercial-audio-daniel-kwiatkowski.png 300w, https:\/\/commercialaudio.pl\/wp-content\/uploads\/2023\/10\/commercial-audio-daniel-kwiatkowski-150x150.png 150w, https:\/\/commercialaudio.pl\/wp-content\/uploads\/2023\/10\/commercial-audio-daniel-kwiatkowski-100x100.png 100w, https:\/\/commercialaudio.pl\/wp-content\/uploads\/2023\/10\/commercial-audio-daniel-kwiatkowski-64x64.png 64w\" sizes=\"(max-width: 300px) 100vw, 300px\" \/><\/figure>\n\n\n\n<h4 class=\"wp-block-heading\">Daniel Kwiatkowski<\/h4>\n\n\n\n<p class=\"wp-block-paragraph\"><a href=\"mailto:proaudio@audiotechpro.pl\"><\/a><a href=\"tel:+48666665157\"><mark style=\"background-color:rgba(0, 0, 0, 0)\" class=\"has-inline-color has-vivid-cyan-blue-color\">+48 666 665 157<\/mark><\/a><a href=\"mailto:proaudio@audiotechpro.pl\"><\/a><br><a href=\"mailto:d.kwiatkowski@caudio.pl\"><mark style=\"background-color:rgba(0, 0, 0, 0)\" class=\"has-inline-color has-vivid-cyan-blue-color\">d.kwiatkowski@caudio.pl<\/mark><\/a><\/p>\n<\/div>\n<\/div>\n<\/div>\n<\/div>\n\n\n\n<hr class=\"wp-block-separator has-alpha-channel-opacity\"\/>\n\n\n\n<h4 class=\"wp-block-heading has-text-align-center\">Zaregistrujte sa na ISE2024 pomocou k\u00f3du 1D2D4C1N.<\/h4>\n\n\n\n<hr class=\"wp-block-separator has-alpha-channel-opacity\"\/>\n\n\n\n<div class=\"wp-block-buttons is-content-justification-center is-layout-flex wp-container-core-buttons-is-layout-fe48e5de wp-block-buttons-is-layout-flex\">\n<div class=\"wp-block-button\"><a class=\"wp-block-button__link wp-element-button\" href=\"https:\/\/www.iseurope.org\/welcome\/registration\" target=\"_blank\" rel=\"noreferrer noopener\">REGISTR\u00c1CIA<\/a><\/div>\n<\/div>","protected":false},"excerpt":{"rendered":"<p>Cloudov\u00fd interkomov\u00fd syst\u00e9m<\/p>","protected":false},"author":5,"featured_media":7610,"comment_status":"open","ping_status":"closed","sticky":false,"template":"","format":"standard","meta":{"_acf_changed":false,"_et_pb_use_builder":"off","_et_pb_old_content":"","_et_gb_content_width":"","inline_featured_image":false,"footnotes":""},"categories":[67],"tags":[159,237,238,235],"class_list":["post-7607","post","type-post","status-publish","format-standard","has-post-thumbnail","hentry","category-aktualnosci-ssl-atc-clearcom-bose","tag-clear-com","tag-gen-ic","tag-interkom-w-chmurze","tag-system-interkomowy"],"acf":[],"_links":{"self":[{"href":"https:\/\/commercialaudio.pl\/sk\/wp-json\/wp\/v2\/posts\/7607","targetHints":{"allow":["GET"]}}],"collection":[{"href":"https:\/\/commercialaudio.pl\/sk\/wp-json\/wp\/v2\/posts"}],"about":[{"href":"https:\/\/commercialaudio.pl\/sk\/wp-json\/wp\/v2\/types\/post"}],"author":[{"embeddable":true,"href":"https:\/\/commercialaudio.pl\/sk\/wp-json\/wp\/v2\/users\/5"}],"replies":[{"embeddable":true,"href":"https:\/\/commercialaudio.pl\/sk\/wp-json\/wp\/v2\/comments?post=7607"}],"version-history":[{"count":7,"href":"https:\/\/commercialaudio.pl\/sk\/wp-json\/wp\/v2\/posts\/7607\/revisions"}],"predecessor-version":[{"id":7619,"href":"https:\/\/commercialaudio.pl\/sk\/wp-json\/wp\/v2\/posts\/7607\/revisions\/7619"}],"wp:featuredmedia":[{"embeddable":true,"href":"https:\/\/commercialaudio.pl\/sk\/wp-json\/wp\/v2\/media\/7610"}],"wp:attachment":[{"href":"https:\/\/commercialaudio.pl\/sk\/wp-json\/wp\/v2\/media?parent=7607"}],"wp:term":[{"taxonomy":"category","embeddable":true,"href":"https:\/\/commercialaudio.pl\/sk\/wp-json\/wp\/v2\/categories?post=7607"},{"taxonomy":"post_tag","embeddable":true,"href":"https:\/\/commercialaudio.pl\/sk\/wp-json\/wp\/v2\/tags?post=7607"}],"curies":[{"name":"wp","href":"https:\/\/api.w.org\/{rel}","templated":true}]}}