{"id":9245,"date":"2024-08-29T15:37:39","date_gmt":"2024-08-29T13:37:39","guid":{"rendered":"https:\/\/commercialaudio.pl\/?p=9245"},"modified":"2024-08-29T15:40:39","modified_gmt":"2024-08-29T13:40:39","slug":"stretneme-sa-na-ibc-2024-audio-vysielanie","status":"publish","type":"post","link":"https:\/\/commercialaudio.pl\/sk\/spotkajmy-sie-na-ibc-2024-broadcast-audio\/","title":{"rendered":"Stretneme sa na IBC\u201924!"},"content":{"rendered":"<h2 class=\"wp-block-heading\">13. septembra sa v Amsterdame uskuto\u010dn\u00ed ve\u013ek\u00fd festival vysielania - IBC\u201924. Na <a href=\"https:\/\/show.ibc.org\/\" target=\"_blank\" rel=\"noreferrer noopener\">Medzin\u00e1rodn\u00fd dohovor o vysielan\u00ed <\/a>Pr\u00edtomn\u00e9 bud\u00fa na\u0161e zna\u010dky Solid State Logic Clear-Com a DirectOut a s nimi aj na\u0161i \u0161pecialisti. Je to najlep\u0161ia pr\u00edle\u017eitos\u0165 stretn\u00fa\u0165 sa a porozpr\u00e1va\u0165 sa o najnov\u0161\u00edch technologick\u00fdch rie\u0161eniach pre vysielac\u00ed priemysel.<\/h2>\n\n\n\n<hr class=\"wp-block-separator has-alpha-channel-opacity\"\/>\n\n\n\n<div class=\"wp-block-columns is-layout-flex wp-container-core-columns-is-layout-8f761849 wp-block-columns-is-layout-flex\">\n<div class=\"wp-block-column is-layout-flow wp-block-column-is-layout-flow\">\n<figure class=\"wp-block-image aligncenter size-full\"><img loading=\"lazy\" decoding=\"async\" width=\"300\" height=\"300\" src=\"https:\/\/commercialaudio.pl\/wp-content\/uploads\/2023\/10\/commercial-audio-krzysztof-kowalewski.png\" alt=\"komer\u010dn\u00e9 audio krzysztof kowalewski\" class=\"wp-image-6404\" srcset=\"https:\/\/commercialaudio.pl\/wp-content\/uploads\/2023\/10\/commercial-audio-krzysztof-kowalewski.png 300w, https:\/\/commercialaudio.pl\/wp-content\/uploads\/2023\/10\/commercial-audio-krzysztof-kowalewski-150x150.png 150w, https:\/\/commercialaudio.pl\/wp-content\/uploads\/2023\/10\/commercial-audio-krzysztof-kowalewski-100x100.png 100w, https:\/\/commercialaudio.pl\/wp-content\/uploads\/2023\/10\/commercial-audio-krzysztof-kowalewski-64x64.png 64w\" sizes=\"(max-width: 300px) 100vw, 300px\" \/><\/figure>\n\n\n\n<h4 class=\"wp-block-heading has-text-align-center\">Krzysztof Kowalewski<\/h4>\n\n\n\n<p class=\"has-text-align-center wp-block-paragraph\"><a href=\"tel:+48668870419\">+48 668 870 419<\/a><br><a href=\"mailto:k.kowalewski@commercialaudio.pl\">k.kowalewski@caudio.pl<\/a><\/p>\n<\/div>\n\n\n\n<div class=\"wp-block-column is-layout-flow wp-block-column-is-layout-flow\">\n<figure class=\"wp-block-image aligncenter size-full\"><img loading=\"lazy\" decoding=\"async\" width=\"300\" height=\"300\" src=\"https:\/\/commercialaudio.pl\/wp-content\/uploads\/2023\/10\/commercial-audio-krzysztof-borowicz.png\" alt=\"komer\u010dn\u00e9 audio krzysztof borowicz\" class=\"wp-image-6403\" srcset=\"https:\/\/commercialaudio.pl\/wp-content\/uploads\/2023\/10\/commercial-audio-krzysztof-borowicz.png 300w, https:\/\/commercialaudio.pl\/wp-content\/uploads\/2023\/10\/commercial-audio-krzysztof-borowicz-150x150.png 150w, https:\/\/commercialaudio.pl\/wp-content\/uploads\/2023\/10\/commercial-audio-krzysztof-borowicz-100x100.png 100w, https:\/\/commercialaudio.pl\/wp-content\/uploads\/2023\/10\/commercial-audio-krzysztof-borowicz-64x64.png 64w\" sizes=\"(max-width: 300px) 100vw, 300px\" \/><\/figure>\n\n\n\n<h4 class=\"wp-block-heading has-text-align-center\">Krzysztof Borowicz<\/h4>\n\n\n\n<p class=\"has-text-align-center wp-block-paragraph\"><a href=\"tel:+48536148059\">+48 536 148 059<\/a><br><a href=\"mailto:k.borowicz@caudio.pl\">k.borowicz@caudio.pl<\/a><\/p>\n<\/div>\n<\/div>\n\n\n\n<hr class=\"wp-block-separator has-alpha-channel-opacity\"\/>\n\n\n\n<div class=\"wp-block-columns is-layout-flex wp-container-core-columns-is-layout-8f761849 wp-block-columns-is-layout-flex\">\n<div class=\"wp-block-column is-layout-flow wp-block-column-is-layout-flow\">\n<div class=\"wp-block-buttons is-content-justification-center is-layout-flex wp-container-core-buttons-is-layout-fe48e5de wp-block-buttons-is-layout-flex\">\n<div class=\"wp-block-button\"><a class=\"wp-block-button__link wp-element-button\" href=\"#sslibc\">Solid State Logic <br>stojan 8.B73<\/a><\/div>\n<\/div>\n<\/div>\n\n\n\n<div class=\"wp-block-column is-layout-flow wp-block-column-is-layout-flow\">\n<div class=\"wp-block-buttons is-content-justification-center is-layout-flex wp-container-core-buttons-is-layout-fe48e5de wp-block-buttons-is-layout-flex\">\n<div class=\"wp-block-button\"><a class=\"wp-block-button__link wp-element-button\" href=\"#doibc\">DirectOut<br>stojan 8.D55<\/a><\/div>\n<\/div>\n<\/div>\n\n\n\n<div class=\"wp-block-column is-layout-flow wp-block-column-is-layout-flow\">\n<div class=\"wp-block-buttons is-content-justification-center is-layout-flex wp-container-core-buttons-is-layout-fe48e5de wp-block-buttons-is-layout-flex\">\n<div class=\"wp-block-button\"><a class=\"wp-block-button__link wp-element-button\" href=\"#ccibc\">Clear-Com<br>stojan 10.D29<\/a><\/div>\n<\/div>\n<\/div>\n<\/div>\n\n\n\n<hr class=\"wp-block-separator has-alpha-channel-opacity\"\/>\n\n\n\n<h3 class=\"wp-block-heading\" id=\"sslibc\">Solid State Logic<\/h3>\n\n\n\n<p class=\"wp-block-paragraph\">Nov\u00e1 konzola z rodiny SSL bude ma\u0165 eur\u00f3psku premi\u00e9ru v st\u00e1nku SSL. <a href=\"https:\/\/commercialaudio.pl\/sk\/produkt\/digitalna-konzola-pre-vysielanie-a-studio-ssl-system-t-s400\/\" target=\"_blank\" rel=\"noreferrer noopener\"><mark style=\"background-color:rgba(0, 0, 0, 0)\" class=\"has-inline-color has-vivid-cyan-blue-color\">T-System S400<\/mark><\/a> s \u0148ou aktualiz\u00e1cia softv\u00e9ru V4.1, ktor\u00e1 je skvelou pr\u00edle\u017eitos\u0165ou vidie\u0165 mno\u017estvo vylep\u0161en\u00ed platformy System T Broadcast Audio Production Platform.<br>Softv\u00e9r V4.1 prin\u00e1\u0161a nov\u00e9 funkcie kan\u00e1lov vr\u00e1tane paralelnej kompresie a form\u00e1tov skup\u00edn a\u017e do verzie 9.1.6. K dispoz\u00edcii s\u00fa aj \u010fal\u0161ie efekty vo vstavanom FX Racku, automatizovan\u00e9 n\u00e1stroje ur\u010den\u00e9 na pr\u00e1cu v System T Cloud a v\u00fdznamn\u00e9 vylep\u0161enia <a href=\"https:\/\/commercialaudio.pl\/sk\/produkt\/ovladacia-aplikacia-ssl-tempest\/\"><mark style=\"background-color:rgba(0, 0, 0, 0)\" class=\"has-inline-color has-vivid-cyan-blue-color\">Aplik\u00e1cia Tempest Control<\/mark><\/a>. A to nie je v\u0161etko!<br>V aplik\u00e1cii TCA n\u00e1jdeme \u201eDual Channel View\u201d, zatia\u013e \u010do v FX Rack n\u00e1jdeme vynikaj\u00faci kompresor Blitzer \u201evibe\u201d a izol\u00e1tor \u201eSourcerer\u201d. <\/p>\n\n\n\n<p class=\"wp-block-paragraph\">Syst\u00e9m T je skuto\u010dn\u00e1 v\u00fdrobn\u00e1 platforma novej gener\u00e1cie s vlastn\u00fdm IP. Tento distribuovan\u00fd a \u0161k\u00e1lovate\u013en\u00fd syst\u00e9m na produkciu zvuku mo\u017eno prisp\u00f4sobi\u0165 tak, aby vyhovoval akejko\u013evek produk\u010dnej aplik\u00e1cii. Pon\u00faka popredn\u00fa architektonick\u00fa flexibilitu na trhu; \u013eubovo\u013en\u00fa konfigur\u00e1ciu ovl\u00e1dac\u00edch pl\u00f4ch, DSP motorov (vr\u00e1tane virtu\u00e1lnych v cloude) a vstupov\/v\u00fdstupov. <\/p>\n\n\n\n<div class=\"wp-block-columns is-layout-flex wp-container-core-columns-is-layout-8f761849 wp-block-columns-is-layout-flex\">\n<div class=\"wp-block-column is-vertically-aligned-center is-layout-flow wp-block-column-is-layout-flow\">\n<figure class=\"wp-block-image size-large\"><img loading=\"lazy\" decoding=\"async\" width=\"1024\" height=\"683\" src=\"https:\/\/commercialaudio.pl\/wp-content\/uploads\/2024\/07\/commercial_audio_S400-48-Image0003-1-1024x683.jpg\" alt=\"\" class=\"wp-image-9097\" srcset=\"https:\/\/commercialaudio.pl\/wp-content\/uploads\/2024\/07\/commercial_audio_S400-48-Image0003-1-980x653.jpg 980w, https:\/\/commercialaudio.pl\/wp-content\/uploads\/2024\/07\/commercial_audio_S400-48-Image0003-1-480x320.jpg 480w\" sizes=\"(min-width: 0px) and (max-width: 480px) 480px, (min-width: 481px) and (max-width: 980px) 980px, (min-width: 981px) 1024px, 100vw\" \/><\/figure>\n<\/div>\n\n\n\n<div class=\"wp-block-column is-vertically-aligned-center is-layout-flow wp-block-column-is-layout-flow\">\n<p class=\"wp-block-paragraph\"><strong>Debut novej konzoly S400 na IBC<\/strong><br>Nov\u00e1 konzola S400 pon\u00faka v\u0161etky funkcie syst\u00e9mu T v kompaktnom a \u00faspornom form\u00e1te. Je ide\u00e1lnym rie\u0161en\u00edm pre vysielacie dod\u00e1vky, spolo\u010dnosti organizuj\u00face podujatia a po\u017ei\u010dovne alebo v\u0161ade tam, kde sa vy\u017eaduje v\u00fdkonn\u00e1 funk\u010dnos\u0165 na malom priestore. Konzola S400, ktor\u00e1 je k dispoz\u00edcii s 16+1, 32+1 alebo 48+1 fadermi, je vybaven\u00e1 vysokokvalitn\u00fdmi motorizovan\u00fdmi 100 mm fadermi s dotykov\u00fdmi displejmi OLED pre ka\u017ed\u00fd fader. Ka\u017ed\u00e9mu faderu s\u00fa vyhraden\u00e9 aj mera\u010de \u00farovne a stavov\u00e9 LED di\u00f3dy pre dynamiku, automatick\u00fd mix a ovl\u00e1danie.<\/p>\n<\/div>\n<\/div>\n\n\n\n<div class=\"wp-block-columns is-layout-flex wp-container-core-columns-is-layout-8f761849 wp-block-columns-is-layout-flex\">\n<div class=\"wp-block-column is-vertically-aligned-center is-layout-flow wp-block-column-is-layout-flow\">\n<p class=\"wp-block-paragraph\"><strong> T-syst\u00e9m - aktualiz\u00e1cia softv\u00e9ru V4.1<\/strong><br>Aktualiz\u00e1cia, ktor\u00e1 je k dispoz\u00edcii na v\u0161etk\u00fdch konzol\u00e1ch System T a strojoch DSP (vr\u00e1tane virtu\u00e1lnych), poskytuje pohlcuj\u00face kan\u00e1ly a mix\u00e1\u017ene zbernice vo form\u00e1toch 9.1.2, 9.1.4 a 9.1.6, ako aj mo\u017enosti monitorovania 9.1.2, 9.1.4 a 9.1.6. Je dokonal\u00fdm doplnkom pokro\u010dil\u00fdch n\u00e1strojov na pohlcuj\u00face panor\u00e1movanie, radu viackan\u00e1lov\u00fdch FX efektov vr\u00e1tane SSL Bus Compressor, viacp\u00e1smovej kompresie, dynamick\u00e9ho EQ, oneskorenia a \u010fal\u0161\u00edch, ako aj pokro\u010dilej architekt\u00fary \u201eLink Bus\u201d.  System T je najkomplexnej\u0161\u00ed syst\u00e9m na produkciu zvuku.<\/p>\n\n\n\n<p class=\"wp-block-paragraph\">Medzi nov\u00e9 efekty \u0161t\u00fadiovej kvality v racku FX syst\u00e9mu T patr\u00ed vynikaj\u00faci kompresor Blitzer \u201evibe\u201d a izol\u00e1tor Sourcerer od spolo\u010dnosti SSL. K dispoz\u00edcii je aj paraleln\u00e1 kompresia na ka\u017edej zvukovej stope a sekcia dynamiky ka\u017ed\u00e9ho kan\u00e1la teraz obsahuje ovl\u00e1danie WET\/DRY.<\/p>\n<\/div>\n\n\n\n<div class=\"wp-block-column is-vertically-aligned-center is-layout-flow wp-block-column-is-layout-flow\">\n<figure class=\"wp-block-image size-large\"><img loading=\"lazy\" decoding=\"async\" width=\"1024\" height=\"1024\" src=\"https:\/\/commercialaudio.pl\/wp-content\/uploads\/2024\/08\/ibc_ssl_aktualizcja-1024x1024.jpg\" alt=\"\" class=\"wp-image-9247\" srcset=\"https:\/\/commercialaudio.pl\/wp-content\/uploads\/2024\/08\/ibc_ssl_aktualizcja-1024x1024.jpg 1024w, https:\/\/commercialaudio.pl\/wp-content\/uploads\/2024\/08\/ibc_ssl_aktualizcja-980x980.jpg 980w, https:\/\/commercialaudio.pl\/wp-content\/uploads\/2024\/08\/ibc_ssl_aktualizcja-480x480.jpg 480w\" sizes=\"(min-width: 0px) and (max-width: 480px) 480px, (min-width: 481px) and (max-width: 980px) 980px, (min-width: 981px) 1024px, 100vw\" \/><\/figure>\n<\/div>\n<\/div>\n\n\n\n<p class=\"wp-block-paragraph\"><strong>Syst\u00e9m T Cloud - \u010fal\u0161\u00ed krok vo v\u00fdrobnej technol\u00f3gii<\/strong><br>Syst\u00e9m T Cloud je priekopn\u00edcke virtualizovan\u00e9 rie\u0161enie na mixovanie zvuku pre \u017eiv\u00e9 vysielanie, ktor\u00e9 malo na tohtoro\u010dnom ve\u013etrhu IBC svoju eur\u00f3psku premi\u00e9ru. T\u00e1to inovat\u00edvna platforma pon\u00faka bezprecedentn\u00fa flexibilitu a \u0161k\u00e1lovate\u013enos\u0165 a umo\u017e\u0148uje bezprobl\u00e9mov\u00fa spr\u00e1vu \u017eiv\u00fdch produkci\u00ed z viacer\u00fdch miest prostredn\u00edctvom cloudu.<\/p>\n\n\n\n<p class=\"wp-block-paragraph\">Aktualiz\u00e1cia softv\u00e9ru V4.1 prid\u00e1va n\u00e1stroje na \u201eautomatick\u00e9 nasadenie\u201d pre System T Cloud, ktor\u00e9 umo\u017e\u0148uj\u00fa nasadenie skriptov na bezobslu\u017en\u00fa in\u0161tal\u00e1ciu. Automatizovan\u00e9 je aj poskytovanie licenci\u00ed, \u010do \u010falej zvy\u0161uje flexibilitu syst\u00e9mu System T v distribuovan\u00fdch v\u00fdrobn\u00fdch modeloch.<\/p>\n\n\n\n<hr class=\"wp-block-separator has-alpha-channel-opacity\"\/>\n\n\n\n<div class=\"wp-block-columns is-layout-flex wp-container-core-columns-is-layout-8f761849 wp-block-columns-is-layout-flex\">\n<div class=\"wp-block-column is-vertically-aligned-center is-layout-flow wp-block-column-is-layout-flow\">\n<figure class=\"wp-block-image size-large\"><img loading=\"lazy\" decoding=\"async\" width=\"1024\" height=\"715\" src=\"https:\/\/commercialaudio.pl\/wp-content\/uploads\/2024\/08\/ibc_System_T_Cloud-1024x715.jpg\" alt=\"\" class=\"wp-image-9248\" srcset=\"https:\/\/commercialaudio.pl\/wp-content\/uploads\/2024\/08\/ibc_System_T_Cloud-1024x715.jpg 1024w, https:\/\/commercialaudio.pl\/wp-content\/uploads\/2024\/08\/ibc_System_T_Cloud-980x684.jpg 980w, https:\/\/commercialaudio.pl\/wp-content\/uploads\/2024\/08\/ibc_System_T_Cloud-480x335.jpg 480w\" sizes=\"(min-width: 0px) and (max-width: 480px) 480px, (min-width: 481px) and (max-width: 980px) 980px, (min-width: 981px) 1024px, 100vw\" \/><\/figure>\n<\/div>\n\n\n\n<div class=\"wp-block-column is-vertically-aligned-center is-layout-flow wp-block-column-is-layout-flow\">\n<p class=\"wp-block-paragraph\"><strong>Funkcie syst\u00e9mu T Cloud:<\/strong><\/p>\n\n\n\n<ul class=\"wp-block-list\">\n<li>Cloudov\u00e9 in\u0161tancie virtu\u00e1lneho n\u00e1stroja Tempest DSP Engine a aplik\u00e1cie Tempest Control App.<\/li>\n\n\n\n<li>256 ciest spracovania.<\/li>\n\n\n\n<li>Plne pohlcuj\u00face form\u00e1ty do verzie 9.1.6<\/li>\n\n\n\n<li>Cloudov\u00fd prenos a smerovanie zvuku Dante Connect.<\/li>\n\n\n\n<li>256\u00d7256 Dante Connect vo Virtual Tempest Engine.<\/li>\n\n\n\n<li>Mo\u017enosti konverzie NDI.<\/li>\n\n\n\n<li>Hardv\u00e9rov\u00e9 a\/alebo softv\u00e9rov\u00e9 riadiace stanice umiestnen\u00e9 kdeko\u013evek.<\/li>\n\n\n\n<li>Ovl\u00e1danie stan\u00edc na viacer\u00fdch miestach s\u00fa\u010dasne.<\/li>\n<\/ul>\n<\/div>\n<\/div>\n\n\n\n<div class=\"wp-block-columns is-layout-flex wp-container-core-columns-is-layout-8f761849 wp-block-columns-is-layout-flex\">\n<div class=\"wp-block-column is-vertically-aligned-center is-layout-flow wp-block-column-is-layout-flow\">\n<p class=\"wp-block-paragraph\"><strong>Aplik\u00e1cia Tempest Control - dvojkan\u00e1lov\u00e9 zobrazenie<\/strong><br>V\u010faka nov\u00e9mu re\u017eimu TCA \u201eDual Channel View\u201d m\u00f4\u017eu pou\u017e\u00edvatelia z\u00edska\u0165 pocit, ako keby mali k dispoz\u00edcii 32-faderov\u00fd pult, a to v\u0161etko z po\u010d\u00edta\u010da. TCA pon\u00faka rovnak\u00e9 pou\u017e\u00edvate\u013esk\u00e9 rozhranie ako cel\u00e1 rodina System T spolu s praktick\u00fdm ovl\u00e1dan\u00edm 32 faderov a vyhraden\u00fdch kan\u00e1lov\u00fdch displejov, pri\u010dom otv\u00e1ra dvere nov\u00fdm aplik\u00e1ci\u00e1m a vyu\u017eitiam - vr\u00e1tane t\u00fdch, ktor\u00e9 vy\u017eaduj\u00fa prenosn\u00e9, ale v\u00fdkonn\u00e9 produk\u010dn\u00e9 syst\u00e9my.<\/p>\n\n\n\n<p class=\"wp-block-paragraph\">TCA je k dispoz\u00edcii vo vopred definovan\u00fdch bal\u00edkoch alebo vo vlastn\u00fdch konfigur\u00e1ci\u00e1ch. D\u00e1 sa jemne vyladi\u0165 pre konkr\u00e9tny syst\u00e9m alebo aplik\u00e1ciu vr\u00e1tane vzdialenej produkcie, flypackov, produkcie v redakcii, \u0161t\u00fadiovej produkcie a z\u00e1lo\u017en\u00fdch syst\u00e9mov. Jedine\u010dnou vlastnos\u0165ou syst\u00e9mu T je mo\u017enos\u0165 kombinova\u0165 \u013eubovo\u013en\u00fa kombin\u00e1ciu ovl\u00e1dac\u00edch pl\u00f4ch, motorov DSP (vr\u00e1tane virtu\u00e1lnych) a vstupn\u00fdch\/v\u00fdstupn\u00fdch zariaden\u00ed.<\/p>\n<\/div>\n\n\n\n<div class=\"wp-block-column is-vertically-aligned-center is-layout-flow wp-block-column-is-layout-flow\">\n<figure class=\"wp-block-image size-large\"><img loading=\"lazy\" decoding=\"async\" width=\"1024\" height=\"338\" src=\"https:\/\/commercialaudio.pl\/wp-content\/uploads\/2024\/08\/ibc_Studio_32-1024x338.jpg\" alt=\"\" class=\"wp-image-9249\" srcset=\"https:\/\/commercialaudio.pl\/wp-content\/uploads\/2024\/08\/ibc_Studio_32-1024x338.jpg 1024w, https:\/\/commercialaudio.pl\/wp-content\/uploads\/2024\/08\/ibc_Studio_32-980x323.jpg 980w, https:\/\/commercialaudio.pl\/wp-content\/uploads\/2024\/08\/ibc_Studio_32-480x158.jpg 480w\" sizes=\"(min-width: 0px) and (max-width: 480px) 480px, (min-width: 481px) and (max-width: 980px) 980px, (min-width: 981px) 1024px, 100vw\" \/><\/figure>\n<\/div>\n<\/div>\n\n\n\n<hr class=\"wp-block-separator has-alpha-channel-opacity\"\/>\n\n\n\n<h3 class=\"wp-block-heading\" id=\"ccibc\">Clear-Com<\/h3>\n\n\n\n<p class=\"wp-block-paragraph\">Na IBC 2024 <a href=\"https:\/\/commercialaudio.pl\/sk\/clear-com-4\/\" target=\"_blank\" rel=\"noreferrer noopener\"><mark style=\"background-color:rgba(0, 0, 0, 0)\" class=\"has-inline-color has-vivid-cyan-blue-color\">Clear-Com<\/mark><\/a> predstav\u00ed mno\u017estvo inovat\u00edvnych produktov. Medzi najv\u00fdznamnej\u0161ie produkty patr\u00ed EHXv14, ktor\u00fd predstavuje roz\u0161\u00edren\u00fa integr\u00e1ciu SIP na karte E-IPA. Spolo\u010dnos\u0165 Clear-Com sa tak st\u00e1va jedn\u00fdm z najefekt\u00edvnej\u0161\u00edch a najkomplexnej\u0161\u00edch poskytovate\u013eov integr\u00e1cie SIP v interkomov\u00fdch rie\u0161eniach. Je to reakcia na zv\u00fd\u0161en\u00fd dopyt z\u00e1kazn\u00edkov po v\u00e4\u010d\u0161om po\u010dte pripojen\u00ed k digit\u00e1lnym telef\u00f3nnym syst\u00e9mom a in\u00fdm komunika\u010dn\u00fdm rie\u0161eniam VOIP. EHXv14 bude tie\u017e demon\u0161trova\u0165 redundanciu zo SMPTE 2022-7 na zariadenia AoIP tret\u00edch str\u00e1n pre maxim\u00e1lnu prev\u00e1dzku a spo\u013eahlivos\u0165.<\/p>\n\n\n\n<div class=\"wp-block-columns is-layout-flex wp-container-core-columns-is-layout-8f761849 wp-block-columns-is-layout-flex\">\n<div class=\"wp-block-column is-vertically-aligned-center is-layout-flow wp-block-column-is-layout-flow\">\n<figure class=\"wp-block-image aligncenter size-large\"><img loading=\"lazy\" decoding=\"async\" width=\"1024\" height=\"647\" src=\"https:\/\/commercialaudio.pl\/wp-content\/uploads\/2024\/06\/Arcadia_IV-Direct_Whats-New-Banner_1920x525_R7-1-1-1024x647.png\" alt=\"\" class=\"wp-image-8900\" srcset=\"https:\/\/commercialaudio.pl\/wp-content\/uploads\/2024\/06\/Arcadia_IV-Direct_Whats-New-Banner_1920x525_R7-1-1-1024x647.png 1024w, https:\/\/commercialaudio.pl\/wp-content\/uploads\/2024\/06\/Arcadia_IV-Direct_Whats-New-Banner_1920x525_R7-1-1-980x619.png 980w, https:\/\/commercialaudio.pl\/wp-content\/uploads\/2024\/06\/Arcadia_IV-Direct_Whats-New-Banner_1920x525_R7-1-1-480x303.png 480w\" sizes=\"(min-width: 0px) and (max-width: 480px) 480px, (min-width: 481px) and (max-width: 980px) 980px, (min-width: 981px) 1024px, 100vw\" \/><\/figure>\n<\/div>\n\n\n\n<div class=\"wp-block-column is-vertically-aligned-center is-layout-flow wp-block-column-is-layout-flow\">\n<p class=\"wp-block-paragraph\">Centr\u00e1lna stanica <a href=\"https:\/\/commercialaudio.pl\/sk\/produkt\/clear-com-arcadia-centralna-stanica\/\"><mark style=\"background-color:rgba(0, 0, 0, 0)\" class=\"has-inline-color has-vivid-cyan-blue-color\">Arcadia\u00ae<\/mark><\/a>, teraz vybaven\u00fd vylep\u0161en\u00fdm softv\u00e9rom, umo\u017e\u0148uje priame prepojenie medzi zariadeniami Arcadia a interkomov\u00fdmi maticami. <a href=\"https:\/\/commercialaudio.pl\/sk\/produkt\/clear-com-eclipse-hx-omega-intercom-matrix\/\"><mark style=\"background-color:rgba(0, 0, 0, 0)\" class=\"has-inline-color has-vivid-cyan-blue-color\">Eclipse\u00ae HX<\/mark><\/a> prostredn\u00edctvom karty E-IPA, ktor\u00e1 pon\u00faka jedine\u010dn\u00fa flexibilitu a v\u00fdkon. IV Directs tie\u017e umo\u017e\u0148uje pripoji\u0165 zariadenie Arcadia k popredn\u00fdm interkomov\u00fdm zariadeniam LQ IP, \u010d\u00edm pon\u00faka cel\u00fd ekosyst\u00e9m pripojen\u00fdch interkomov\u00fdch zdrojov prostredn\u00edctvom tejto inovat\u00edvnej funkcie.<\/p>\n<\/div>\n<\/div>\n\n\n\n<div class=\"wp-block-columns is-layout-flex wp-container-core-columns-is-layout-8f761849 wp-block-columns-is-layout-flex\">\n<div class=\"wp-block-column is-vertically-aligned-center is-layout-flow wp-block-column-is-layout-flow\">\n<p class=\"wp-block-paragraph\">Okrem toho spolo\u010dnos\u0165 Clear-Com predvedie mo\u017enosti <a href=\"https:\/\/commercialaudio.pl\/sk\/produkt\/interkomovy-system-gen-ic-cloud\/\"><mark style=\"background-color:rgba(0, 0, 0, 0)\" class=\"has-inline-color has-vivid-cyan-blue-color\">Virtu\u00e1lny interkom Gen-IC\u00ae<\/mark><\/a>, pri\u010dom zd\u00f4raz\u0148uje integr\u00e1ciu koncov\u00fdch bodov a vylep\u0161en\u00fa spr\u00e1vu zdrojov v SkyPort\u2122. N\u00e1v\u0161tevn\u00edci sa bud\u00fa m\u00f4c\u0165 dozvedie\u0165, ako syst\u00e9m zjednodu\u0161uje proces spr\u00e1vy a konfigur\u00e1cie licenci\u00ed a umo\u017e\u0148uje efekt\u00edvne prepojenie interkomov\u00fdch syst\u00e9mov naprie\u010d platformami.<\/p>\n<\/div>\n\n\n\n<div class=\"wp-block-column is-vertically-aligned-center is-layout-flow wp-block-column-is-layout-flow\">\n<figure class=\"wp-block-image aligncenter size-large\"><img loading=\"lazy\" decoding=\"async\" width=\"1024\" height=\"576\" src=\"https:\/\/commercialaudio.pl\/wp-content\/uploads\/2024\/06\/Gen-IC_Monitor2-1024x576.jpg\" alt=\"\" class=\"wp-image-8981\" srcset=\"https:\/\/commercialaudio.pl\/wp-content\/uploads\/2024\/06\/Gen-IC_Monitor2-980x551.jpg 980w, https:\/\/commercialaudio.pl\/wp-content\/uploads\/2024\/06\/Gen-IC_Monitor2-480x270.jpg 480w\" sizes=\"(min-width: 0px) and (max-width: 480px) 480px, (min-width: 481px) and (max-width: 980px) 980px, (min-width: 981px) 1024px, 100vw\" \/><\/figure>\n<\/div>\n<\/div>\n\n\n\n<hr class=\"wp-block-separator has-alpha-channel-opacity\"\/>\n\n\n\n<h3 class=\"wp-block-heading\" id=\"doibc\">DirectOut<\/h3>\n\n\n\n<p class=\"wp-block-paragraph\">St\u00e1nok DirectOut je povinnou polo\u017ekou na mape IBC pre ka\u017ed\u00e9ho, kto sa zaober\u00e1 audio integr\u00e1ciou. N\u00e1jdete tu procesory, prevodn\u00edky, matrice zn\u00e1me svojou obrovskou funk\u010dnos\u0165ou, stabilitou a kvalitou. Je to jedin\u00e9 miesto, ktor\u00e9 sp\u00e1ja svet anal\u00f3gov\u00e9ho, digit\u00e1lneho a sie\u0165ov\u00e9ho zvuku do jedn\u00e9ho spo\u013eahlivo funguj\u00faceho ekosyst\u00e9mu. Nebud\u00fa tu ch\u00fdba\u0165 vlajkov\u00e9 lode, zn\u00e1me procesory <a href=\"https:\/\/commercialaudio.pl\/sk\/produkt\/zvukovy-procesor-prodigymp-directout\/\"><mark style=\"background-color:rgba(0, 0, 0, 0)\" class=\"has-inline-color has-vivid-cyan-blue-color\">Prodigy.MP<\/mark><\/a>, <a href=\"https:\/\/commercialaudio.pl\/sk\/produkt\/matryca-audio-directout-prodigymx\/\"><mark style=\"background-color:rgba(0, 0, 0, 0)\" class=\"has-inline-color has-vivid-cyan-blue-color\">Prodigy.MX<\/mark><\/a> a <a href=\"https:\/\/commercialaudio.pl\/sk\/produkt\/prodigymc-directout-audio-prevodnik\/\"><mark style=\"background-color:rgba(0, 0, 0, 0)\" class=\"has-inline-color has-vivid-cyan-blue-color\">Prodigy.MC<\/mark><\/a>. IBC24 je tie\u017e jedine\u010dnou pr\u00edle\u017eitos\u0165ou zozn\u00e1mi\u0165 sa s najnov\u0161\u00edmi zariadeniami v\u00fdrobcu, ako je inteligentn\u00e1 audio platforma <a href=\"https:\/\/commercialaudio.pl\/sk\/produkt\/procesor-audio-directout-mavena\/\" target=\"_blank\" rel=\"noreferrer noopener\"><mark style=\"background-color:rgba(0, 0, 0, 0)\" class=\"has-inline-color has-vivid-cyan-blue-color\">Maven<\/mark><\/a>, \u010di modul zvukov\u00e9ho rozhrania USB <a href=\"https:\/\/commercialaudio.pl\/sk\/produkt\/usb-audio-modul-directout-usbio\/\" target=\"_blank\" rel=\"noreferrer noopener\"><mark style=\"background-color:rgba(0, 0, 0, 0)\" class=\"has-inline-color has-vivid-cyan-blue-color\">USB.IO<\/mark><\/a>.<\/p>\n\n\n\n<hr class=\"wp-block-separator has-alpha-channel-opacity\"\/>\n\n\n\n<figure class=\"wp-block-image aligncenter size-large is-resized\"><img loading=\"lazy\" decoding=\"async\" width=\"1024\" height=\"693\" src=\"https:\/\/commercialaudio.pl\/wp-content\/uploads\/2024\/05\/prodigy-mp-globcon-03-2020-1024x693.jpg\" alt=\"directout\" class=\"wp-image-8677\" style=\"width:798px\" srcset=\"https:\/\/commercialaudio.pl\/wp-content\/uploads\/2024\/05\/prodigy-mp-globcon-03-2020-980x663.jpg 980w, https:\/\/commercialaudio.pl\/wp-content\/uploads\/2024\/05\/prodigy-mp-globcon-03-2020-480x325.jpg 480w\" sizes=\"(min-width: 0px) and (max-width: 480px) 480px, (min-width: 481px) and (max-width: 980px) 980px, (min-width: 981px) 1024px, 100vw\" \/><\/figure>","protected":false},"excerpt":{"rendered":"<p>SSL, Clear-Com, DirectOut<\/p>","protected":false},"author":5,"featured_media":9259,"comment_status":"open","ping_status":"closed","sticky":false,"template":"","format":"standard","meta":{"_acf_changed":false,"_et_pb_use_builder":"off","_et_pb_old_content":"","_et_gb_content_width":"","inline_featured_image":false,"footnotes":""},"categories":[67],"tags":[],"class_list":["post-9245","post","type-post","status-publish","format-standard","has-post-thumbnail","hentry","category-aktualnosci-ssl-atc-clearcom-bose"],"acf":[],"_links":{"self":[{"href":"https:\/\/commercialaudio.pl\/sk\/wp-json\/wp\/v2\/posts\/9245","targetHints":{"allow":["GET"]}}],"collection":[{"href":"https:\/\/commercialaudio.pl\/sk\/wp-json\/wp\/v2\/posts"}],"about":[{"href":"https:\/\/commercialaudio.pl\/sk\/wp-json\/wp\/v2\/types\/post"}],"author":[{"embeddable":true,"href":"https:\/\/commercialaudio.pl\/sk\/wp-json\/wp\/v2\/users\/5"}],"replies":[{"embeddable":true,"href":"https:\/\/commercialaudio.pl\/sk\/wp-json\/wp\/v2\/comments?post=9245"}],"version-history":[{"count":11,"href":"https:\/\/commercialaudio.pl\/sk\/wp-json\/wp\/v2\/posts\/9245\/revisions"}],"predecessor-version":[{"id":9264,"href":"https:\/\/commercialaudio.pl\/sk\/wp-json\/wp\/v2\/posts\/9245\/revisions\/9264"}],"wp:featuredmedia":[{"embeddable":true,"href":"https:\/\/commercialaudio.pl\/sk\/wp-json\/wp\/v2\/media\/9259"}],"wp:attachment":[{"href":"https:\/\/commercialaudio.pl\/sk\/wp-json\/wp\/v2\/media?parent=9245"}],"wp:term":[{"taxonomy":"category","embeddable":true,"href":"https:\/\/commercialaudio.pl\/sk\/wp-json\/wp\/v2\/categories?post=9245"},{"taxonomy":"post_tag","embeddable":true,"href":"https:\/\/commercialaudio.pl\/sk\/wp-json\/wp\/v2\/tags?post=9245"}],"curies":[{"name":"wp","href":"https:\/\/api.w.org\/{rel}","templated":true}]}}